{"id":61585,"date":"2025-05-23T08:56:57","date_gmt":"2025-05-23T08:56:57","guid":{"rendered":"https:\/\/lestracesdelinfo.com\/?p=61585"},"modified":"2025-05-23T08:56:59","modified_gmt":"2025-05-23T08:56:59","slug":"moustapha-diop-place-sous-mandat-de-depot-de-la-lumiere-a-lombre","status":"publish","type":"post","link":"https:\/\/lestracesdelinfo.com\/index.php\/2025\/05\/23\/moustapha-diop-place-sous-mandat-de-depot-de-la-lumiere-a-lombre\/","title":{"rendered":"Moustapha Diop plac\u00e9 sous mandat de d\u00e9p\u00f4t : DE LA LUMI\u00c8RE \u00c0 L\u2019OMBRE"},"content":{"rendered":"\n<p><a href=\"https:\/\/lequotidien.sn\/author\/aicha\/\"><\/a><em>by<\/em><a href=\"https:\/\/lequotidien.sn\/author\/aicha\/\">Lequotidien<\/a>&nbsp;23 mai 2025&nbsp;0<\/p>\n\n\n\n<figure class=\"wp-block-image\"><img decoding=\"async\" src=\"https:\/\/lequotidien.sn\/wp-content\/uploads\/2025\/05\/moustapha-diop-1.jpg\" alt=\"\"\/><\/figure>\n\n\n\n<p><strong>Moustapha Diop, plac\u00e9 sous mandat de d\u00e9p\u00f4t hier pour un suppos\u00e9 d\u00e9tournement de deniers publics \u00e0 hauteur de 930 millions F dans le cadre des fonds Covid-19, est la seule figure de l\u2019ancien r\u00e9gime \u00e0 se retrouver face \u00e0 deux proc\u00e9dures qui ont n\u00e9cessit\u00e9 une double lev\u00e9e de son immunit\u00e9 parlementaire.<\/strong><\/p>\n\n\n\n<p>C\u2019est un encha\u00eenement de mandats de d\u00e9p\u00f4t sur la t\u00eate des anciens ministres poursuivis dans le cadre des fonds Covid-19. Apr\u00e8s Sophie Gladima Siby, l\u2019ancien ministre du D\u00e9veloppement industriel et des petites et moyennes industries, Moustapha Diop, a \u00e9t\u00e9 \u00e9crou\u00e9 apr\u00e8s sa comparution devant la Commission d\u2019instruction de la Haute cour de Justice. Il est poursuivi pour d\u00e9tournement suppos\u00e9 de deniers publics portant sur 930 millions de F Cfa, li\u00e9 \u00e0 la confection de lot de masques dans le cadre de la prise en charge de la pand\u00e9mie.<\/p>\n\n\n\n<p>Le maire de Louga rejoint en prison Nd\u00e8ye Aminata Loum Ndiaye, ancienne Directrice de l\u2019administration g\u00e9n\u00e9rale et de l\u2019\u00e9quipement (Dage) de son minist\u00e8re, inculp\u00e9e pour les m\u00eames faits par le juge du 2e Cabinet du Tribunal de Dakar. Flanqu\u00e9 de ses avocats dont Me Baboucar Ciss\u00e9, il a soutenu que tous les masques ont \u00e9t\u00e9 livr\u00e9s, en pr\u00e9sentant des justifications. M\u00eame le juge l\u2019a interpell\u00e9 sur un manquant de 3 millions d\u2019exemplaires sur une commande de l\u2019ordre de 6, 25 millions de masques. Devant la Commission d\u2019instruction, ses conseils ont plaid\u00e9 pour une libert\u00e9 provisoire sous bracelet \u00e9lectronique, en comptant sur une consignation solidaire, car l\u2019un des fournisseurs a d\u00e9j\u00e0 cautionn\u00e9 les montants incrimin\u00e9s. Il a \u00e9videmment rejet\u00e9 la requ\u00eate de Moustapha Diop. Ce qui lui a ouvert les portes de la Maison d\u2019arr\u00eat et de correction de Rebeuss. Me Baboucar Ciss\u00e9 a d\u00e9nonc\u00e9 un \u00abr\u00e8glement de comptes politique\u00bb contre son client. Il dit&nbsp;: \u00abc\u2019est une mesure qui ne me surprend pas. A notre arriv\u00e9e, ce matin (hier), les agents p\u00e9nitentiaires \u00e9taient d\u00e9j\u00e0 positionn\u00e9s devant le bureau du pr\u00e9sident de la Cour d\u2019appel (pr\u00e9sident de la Commission d\u2019instruction de la Haute cour de justice). Et nous avons compris que la messe \u00e9tait d\u00e9j\u00e0 dite\u00bb, d\u00e9plore la robe noire sur la Rfm.<\/p>\n\n\n\n<p>Apr\u00e8s IMF et Nd\u00e8ye Saly Diop Dieng, qui ont b\u00e9n\u00e9fici\u00e9 respectivement d\u2019une libert\u00e9 provisoire sous bracelet et consignation, puis Sophie Gladima Siby et Moustapha Diop, envoy\u00e9s en prison, c\u2019est au tour de Mansour Faye d\u2019entrer en sc\u00e8ne. Va-t-il subir le m\u00eame sort, apr\u00e8s qu\u2019il a annonc\u00e9 publiquement qu\u2019il n\u2019allait pas consigner aussi dans ce dossier&nbsp;?<\/p>\n","protected":false},"excerpt":{"rendered":"<p>byLequotidien&nbsp;23 mai 2025&nbsp;0 Moustapha Diop, plac\u00e9 sous mandat de d\u00e9p\u00f4t hier pour un suppos\u00e9 d\u00e9tournement de deniers publics \u00e0 hauteur de 930 millions F dans le cadre des fonds Covid-19, est la seule figure de l\u2019ancien r\u00e9gime \u00e0 se retrouver face \u00e0 deux proc\u00e9dures qui ont n\u00e9cessit\u00e9 une double lev\u00e9e de son immunit\u00e9 parlementaire. C\u2019est [&hellip;]<\/p>\n","protected":false},"author":2,"featured_media":61586,"comment_status":"open","ping_status":"open","sticky":false,"template":"","format":"standard","meta":{"footnotes":""},"categories":[1306],"tags":[],"class_list":["post-61585","post","type-post","status-publish","format-standard","has-post-thumbnail","hentry","category-politique-general-politique-general"],"_links":{"self":[{"href":"https:\/\/lestracesdelinfo.com\/index.php\/wp-json\/wp\/v2\/posts\/61585","targetHints":{"allow":["GET"]}}],"collection":[{"href":"https:\/\/lestracesdelinfo.com\/index.php\/wp-json\/wp\/v2\/posts"}],"about":[{"href":"https:\/\/lestracesdelinfo.com\/index.php\/wp-json\/wp\/v2\/types\/post"}],"author":[{"embeddable":true,"href":"https:\/\/lestracesdelinfo.com\/index.php\/wp-json\/wp\/v2\/users\/2"}],"replies":[{"embeddable":true,"href":"https:\/\/lestracesdelinfo.com\/index.php\/wp-json\/wp\/v2\/comments?post=61585"}],"version-history":[{"count":1,"href":"https:\/\/lestracesdelinfo.com\/index.php\/wp-json\/wp\/v2\/posts\/61585\/revisions"}],"predecessor-version":[{"id":61587,"href":"https:\/\/lestracesdelinfo.com\/index.php\/wp-json\/wp\/v2\/posts\/61585\/revisions\/61587"}],"wp:featuredmedia":[{"embeddable":true,"href":"https:\/\/lestracesdelinfo.com\/index.php\/wp-json\/wp\/v2\/media\/61586"}],"wp:attachment":[{"href":"https:\/\/lestracesdelinfo.com\/index.php\/wp-json\/wp\/v2\/media?parent=61585"}],"wp:term":[{"taxonomy":"category","embeddable":true,"href":"https:\/\/lestracesdelinfo.com\/index.php\/wp-json\/wp\/v2\/categories?post=61585"},{"taxonomy":"post_tag","embeddable":true,"href":"https:\/\/lestracesdelinfo.com\/index.php\/wp-json\/wp\/v2\/tags?post=61585"}],"curies":[{"name":"wp","href":"https:\/\/api.w.org\/{rel}","templated":true}]}}