{"id":61679,"date":"2025-06-05T11:24:52","date_gmt":"2025-06-05T11:24:52","guid":{"rendered":"https:\/\/lestracesdelinfo.com\/?p=61679"},"modified":"2025-06-05T11:24:55","modified_gmt":"2025-06-05T11:24:55","slug":"seminaire-de-concertation-pour-la-foire-de-developpement-economique-et-social-de-boghe","status":"publish","type":"post","link":"https:\/\/lestracesdelinfo.com\/index.php\/2025\/06\/05\/seminaire-de-concertation-pour-la-foire-de-developpement-economique-et-social-de-boghe\/","title":{"rendered":"S\u00e9minaire de concertation pour la foire de d\u00e9veloppement \u00e9conomique et social de Bogh\u00e9"},"content":{"rendered":"\n<p><img loading=\"lazy\" decoding=\"async\" src=\"https:\/\/cridem.org\/media\/photos\/photo\/\/seminaire_e_concertation_025x51.jpg\" alt=\"S\u00e9minaire de concertation pour la foire de d\u00e9veloppement \u00e9conomique et social de Bogh\u00e9\" width=\"300\" height=\"200\"><\/p>\n\n\n\n<p><strong>Les Traces de l&rsquo;Info<\/strong>&nbsp;&#8212; L\u2019Auberge Eco- Tourisme de Bogh\u00e9 a abrit\u00e9 ce samedi 31 Mai 2025, un s\u00e9minaire de concertation pour la foire de d\u00e9veloppement \u00e9conomique et sociale de Bogh\u00e9 qui aura lieu du 13 au 16 Novembre 2025 \u00e0 Bogh\u00e9.<br><br>Cette foire de d\u00e9veloppement \u00e9conomique et social de Bogh\u00e9 sera plac\u00e9e sous le haut patronage du Pr\u00e9sident de la R\u00e9publique, Mr Mohamed Ould Cheikh El Ghazwani, du pr\u00e9sident du conseil r\u00e9gional du Brakna Mr Mustapha Ould Mohammed Mahmoud et du maire de la commune de Bogh\u00e9, Mr Ba Adama Moussa.<br><br>L\u2019initiative \u00e9mane du Bureau ex\u00e9cutif du GIE (lekki jammi) qui est le reflet de la volont\u00e9 commune. Le GIE LEKKI JAMMI a pour objectif de valoriser les potentiels \u00e9conomiques, culturels et humains de la Moughataa de Bogh\u00e9, de la wilaya du Brakna et au niveau national, d\u2019en faire un levier de progr\u00e8s et d\u00e9veloppement pour les populations. La Foire vise le d\u00e9veloppement \u00e9conomique et social, en cr\u00e9ant un espace d\u2019\u00e9change, de promotion et de synergie entre les diff\u00e9rents acteurs \u00e9conomiques et sociaux.<br><br>Rappelons, que le GIE LEKKI JAMMI compte plus de 85% de ses membres, des femmes et des jeunes.<br><br>Ce s\u00e9minaire de deux jours a permis au Pr\u00e9sident du bureau ex\u00e9cutif Mr Mamadou Oumar Ba, au Directeur de la foire, Mr Daha Sy, au conseiller des activit\u00e9s \u00e9conomiques et animateur du s\u00e9minaire Mr Lo Amadou Abdoul d\u2019\u00e9lucider l\u2019importance de la foire.<br><br>Mr Lo Amadou Abdoul a list\u00e9 devant l\u2019assistance les objectifs du s\u00e9minaire en pr\u00e9sentant les grandes lignes de la foire. Ce s\u00e9minaire est une opportunit\u00e9 pour les membres du GIE cibl\u00e9s et le bureau ex\u00e9cutif d\u2019identifier les besoins, les convenances et les attentes des acteurs locaux. Il \u00e9tait question aussi, d\u2019impliquer les membres du GIE dans les diff\u00e9rentes commissions de pr\u00e9paration, logistique, communication, animation, mobilisation. Proposer une feuille de route participative en vue de la r\u00e9ussite de l\u2019\u00e9v\u00e8nement.<br><br>Dans son mot d\u2019ouverture, le pr\u00e9sident du GIE, Mr Mamadou Oumar Ba dit Pape Ba a dit :<em>&nbsp;\u00ab cette foire marquera un tournant historique dans notre vision collective du d\u00e9veloppement.<br><br>Elle symbolisera notre volont\u00e9 commune de valoriser les potentialit\u00e9s locales, de renforcer le tissu socio-\u00e9conomique et de faire de Bogh\u00e9 un carrefour d\u2019\u00e9change de savoir \u2013faire et de coop\u00e9ration.<br><br>Le GIE LEKKI JAMMI de Bogh\u00e9 Escale que j\u2019ai l\u2019honneur de pr\u00e9sider est bien plus qu\u2019un programme \u00e9conomique. Il est un outil structurant, f\u00e9d\u00e9rateur et innovant au service du d\u00e9veloppement.<br><br>Il permet de mutualiser les \u00e9nergies, les ressources et les id\u00e9es. Le GIE accompagne ses membres dans leurs initiatives, il agit comme un lien entre besoins locaux et partenariats.<br><br>A travers cette initiative, nous affirmons haut et fort que le d\u00e9veloppement durable, \u00e9quitable et solidaire est possible, \u00e0 Bogh\u00e9 comme ailleurs, si nous faisons confiance \u00e0 nos capacit\u00e9s, \u00e0 nos valeurs et \u00e0 nous-m\u00eame.<br><br>Ensemble, faisons de cette foire un symbole de renouveau et de solidarit\u00e9, un moment de fiert\u00e9 partag\u00e9e et d\u2019inspiration, un acte fondateur pour un avenir plus prosp\u00e8re pour Bogh\u00e9 Escale et toute la localit\u00e9.<br><br>Je vous souhaite \u00e0 toutes et \u00e0 tous un excellent s\u00e9minaire. \u00bb<\/em><br><br>Lui succ\u00e9dant, le Directeur de la foire, Mr Daha Sy (FDES), a affirm\u00e9 dans son allocution que :&nbsp;<em>\u00ab cette rencontre marque le d\u00e9but d\u2019une aventure collective, d\u2019un projet f\u00e9d\u00e9rateur pens\u00e9, par et pour les acteurs de d\u00e9veloppement local.<br><br>L\u2019objectif de la foire est de cr\u00e9er un espace d\u2019\u00e9change de promotion et synergie entre les diff\u00e9rents acteurs \u00e9conomiques, sociaux, associatifs et institutionnels \u00e0 l\u2019\u00e9chelle locale et nationale et nous l\u2019esp\u00e9rons, internationale. Elle se veut un carrefour de dynamisme ou d\u2019entrepreneurs, producteurs, jeunes porteurs de projets, collectivit\u00e9s et partenaires techniques pourront exposer, dialoguer, construire et coop\u00e9rer autour d\u2019un d\u00e9veloppement inclusif, durable et solidaire.<br><br>Le pr\u00e9sent s\u00e9minaire a pour ambition de poser les bases d\u2019une organisation r\u00e9ussie, en favorisant la concertation, l\u2019\u00e9coute mutuelle, la d\u00e9finition partag\u00e9e des objectifs et des priorit\u00e9s.<br><br>Car nous sommes convaincus que c&rsquo;est ensemble dans l\u2019unit\u00e9 et la transparence que nous pourrons donner \u00e0 cette foire tout l\u2019impact qu\u2019elle m\u00e9rite. Je tiens ici \u00e0 saluer l\u2019engagement constant des membres du bureau ex\u00e9cutif du GIE LEKKI JAMMI qui ont su initier et porter cette vision avec passion et d\u00e9termination. Ensemble nous faisons de cette premi\u00e8re \u00e9dition un succ\u00e8s, une vitrine du potentiel de Bogh\u00e9, et un jalon vers un d\u00e9veloppement \u00e9conomique et social, \u00e9quitable et durable. \u00bb<\/em><br><br>Apr\u00e8s les allocations, Mr Lo Amadou Abdoul (animateur du s\u00e9minaire) et conseiller aux activit\u00e9s \u00e9conomiques, a expliqu\u00e9 les objectifs du s\u00e9minaire en faisant la pr\u00e9sentation du contexte (le concept de la FDES, les enjeux et d\u00e9fis de l\u2019\u00e9conomie sociale et solidaire (ESS) moteur d\u00e9veloppement local durable, GIE support socio-\u00e9conomique, il a expliqu\u00e9 aux s\u00e9minaristes comment d\u00e9finir une vision collective pour la foire.<br><br>La deuxi\u00e8me journ\u00e9e est consacr\u00e9e \u00e0 l\u2019organisation, partenariats et le plan d\u2019action et d\u00e9finir le r\u00f4le des membres du GIE, identifier les commissions de travail (logistique, communication, partenariat, financement, l\u2019implication de la mairie et les diff\u00e9rentes organisations locales. La cartographie des partenaires potentiels, la strat\u00e9gie de mobilisation des fonds et sponsors.<br><br>Les s\u00e9minaristes (les membres du GIE LEKKI JAMMI), une quarantaine de femmes et jeunes ont \u00e9t\u00e9 divis\u00e9s en trois groupes de travail pour partager l\u2019exp\u00e9rience locale et r\u00e9gionale afin de d\u00e9finir ensemble dans la transparence des propositions d\u2019axes de d\u00e9veloppement durable.<br><br>Les travaux de groupes, pendant ces deux jours de r\u00e9flexion, ont \u00e9t\u00e9 \u00e0 la hauteur et restent une satisfaction g\u00e9n\u00e9rale.<br><br>La pr\u00e9sidente d\u2019honneur Salla Hawly Barro a f\u00e9licit\u00e9 les acteurs et demand\u00e9 \u00e0 tous les membres du GIE de faire le maximum pour la r\u00e9ussite de la foire \u00e9conomique et sociale, nous allons ensemble relever le d\u00e9fi. Le s\u00e9minaire a pris fin vers 16h plus.<br><br><img decoding=\"async\" src=\"https:\/\/cridem.org\/media\/photos\/photo\/seminaire_e_concertation_025x52.jpg\"><br><br><img decoding=\"async\" src=\"https:\/\/cridem.org\/media\/photos\/photo\/seminaire_e_concertation_025x53.jpg\"><br><br><img decoding=\"async\" src=\"https:\/\/cridem.org\/media\/photos\/photo\/seminaire_e_concertation_025x54.jpg\"><br><br><img decoding=\"async\" src=\"https:\/\/cridem.org\/media\/photos\/photo\/seminaire_e_concertation_025x55.jpg\"><br><br><img decoding=\"async\" src=\"https:\/\/cridem.org\/media\/photos\/photo\/seminaire_e_concertation_025x56.jpg\"><br><br><strong>Diop Mohamedou Abou&nbsp;<\/strong>dit&nbsp;<strong>H Bodiel<\/strong>&nbsp;(lestracesdelinfo.com) .<br><br><br><\/p>\n\n\n\n<p><strong>Les articles, commentaires et propos sont la propri\u00e9t\u00e9 de leur(s) auteur(s) et n&rsquo;engagent que leur avis, opinion et responsabilit\u00e9<\/strong><\/p>\n\n\n\n<p>Source :&nbsp;<strong><a href=\"mailto:lestracesdelinfo@gmail.com\">Les Traces de l&rsquo;Info &#8211; Mauritanie<\/a><\/strong><\/p>\n\n\n\n<p>Commentaires :&nbsp;0<\/p>\n\n\n\n<p>Lus :&nbsp;781<\/p>\n","protected":false},"excerpt":{"rendered":"<p>Les Traces de l&rsquo;Info&nbsp;&#8212; L\u2019Auberge Eco- Tourisme de Bogh\u00e9 a abrit\u00e9 ce samedi 31 Mai 2025, un s\u00e9minaire de concertation pour la foire de d\u00e9veloppement \u00e9conomique et sociale de Bogh\u00e9 qui aura lieu du 13 au 16 Novembre 2025 \u00e0 Bogh\u00e9. Cette foire de d\u00e9veloppement \u00e9conomique et social de Bogh\u00e9 sera plac\u00e9e sous le haut [&hellip;]<\/p>\n","protected":false},"author":2,"featured_media":61680,"comment_status":"open","ping_status":"open","sticky":false,"template":"","format":"standard","meta":{"footnotes":""},"categories":[1449],"tags":[],"class_list":["post-61679","post","type-post","status-publish","format-standard","has-post-thumbnail","hentry","category-national"],"_links":{"self":[{"href":"https:\/\/lestracesdelinfo.com\/index.php\/wp-json\/wp\/v2\/posts\/61679","targetHints":{"allow":["GET"]}}],"collection":[{"href":"https:\/\/lestracesdelinfo.com\/index.php\/wp-json\/wp\/v2\/posts"}],"about":[{"href":"https:\/\/lestracesdelinfo.com\/index.php\/wp-json\/wp\/v2\/types\/post"}],"author":[{"embeddable":true,"href":"https:\/\/lestracesdelinfo.com\/index.php\/wp-json\/wp\/v2\/users\/2"}],"replies":[{"embeddable":true,"href":"https:\/\/lestracesdelinfo.com\/index.php\/wp-json\/wp\/v2\/comments?post=61679"}],"version-history":[{"count":1,"href":"https:\/\/lestracesdelinfo.com\/index.php\/wp-json\/wp\/v2\/posts\/61679\/revisions"}],"predecessor-version":[{"id":61681,"href":"https:\/\/lestracesdelinfo.com\/index.php\/wp-json\/wp\/v2\/posts\/61679\/revisions\/61681"}],"wp:featuredmedia":[{"embeddable":true,"href":"https:\/\/lestracesdelinfo.com\/index.php\/wp-json\/wp\/v2\/media\/61680"}],"wp:attachment":[{"href":"https:\/\/lestracesdelinfo.com\/index.php\/wp-json\/wp\/v2\/media?parent=61679"}],"wp:term":[{"taxonomy":"category","embeddable":true,"href":"https:\/\/lestracesdelinfo.com\/index.php\/wp-json\/wp\/v2\/categories?post=61679"},{"taxonomy":"post_tag","embeddable":true,"href":"https:\/\/lestracesdelinfo.com\/index.php\/wp-json\/wp\/v2\/tags?post=61679"}],"curies":[{"name":"wp","href":"https:\/\/api.w.org\/{rel}","templated":true}]}}