{"id":61725,"date":"2025-06-13T19:24:42","date_gmt":"2025-06-13T19:24:42","guid":{"rendered":"https:\/\/lestracesdelinfo.com\/?p=61725"},"modified":"2025-06-13T19:24:45","modified_gmt":"2025-06-13T19:24:45","slug":"danciens-candidats-a-la-presidentielle-appellent-a-sengager-dans-le-dialogue","status":"publish","type":"post","link":"https:\/\/lestracesdelinfo.com\/index.php\/2025\/06\/13\/danciens-candidats-a-la-presidentielle-appellent-a-sengager-dans-le-dialogue\/","title":{"rendered":"D\u2019anciens candidats \u00e0 la pr\u00e9sidentielle appellent \u00e0 s\u2019engager dans le dialogue"},"content":{"rendered":"\n<figure class=\"wp-block-image\"><img decoding=\"async\" src=\"https:\/\/fr.taqadoumy.mr\/wp-content\/uploads\/2025\/06\/f0baed91-3384-4c4c-abac-ec1a523483ac.jpeg\" alt=\"\"\/><\/figure>\n\n\n\n<h1 class=\"wp-block-heading\"><\/h1>\n\n\n\n<p><strong>Taqadoumy<\/strong>&nbsp;&#8212; Le coordinateur du dialogue, Moussa Fall, a re\u00e7u jeudi une d\u00e9l\u00e9gation d\u2019anciens candidats \u00e0 l\u2019\u00e9lection pr\u00e9sidentielle, conduite par Bechel Ould Hamid.<br><br>Lors de cette rencontre, la d\u00e9l\u00e9gation a pr\u00e9sent\u00e9 sa proposition concernant le processus du dialogue national, exprimant son soutien total \u00e0 l\u2019initiative et soulignant son importance pour consolider la d\u00e9mocratie, renforcer la coh\u00e9sion nationale et r\u00e9pondre aux attentes des citoyens.<br><br>Les membres de la d\u00e9l\u00e9gation ont appel\u00e9 \u00e0 une participation active de tous les acteurs politiques, dans un esprit d\u2019ouverture, de responsabilit\u00e9 et de patriotisme, afin de garantir le succ\u00e8s du dialogue et l\u2019atteinte des r\u00e9sultats escompt\u00e9s.<br><br>Pour sa part, le coordinateur du dialogue a salu\u00e9 cette initiative, exprimant sa profonde gratitude envers la d\u00e9l\u00e9gation pour son engagement en faveur d\u2019un dialogue s\u00e9rieux et inclusif, ouvrant de nouvelles perspectives pour renforcer la stabilit\u00e9 politique et la coexistence pacifique dans le pays.<\/p>\n","protected":false},"excerpt":{"rendered":"<p>Taqadoumy&nbsp;&#8212; Le coordinateur du dialogue, Moussa Fall, a re\u00e7u jeudi une d\u00e9l\u00e9gation d\u2019anciens candidats \u00e0 l\u2019\u00e9lection pr\u00e9sidentielle, conduite par Bechel Ould Hamid. Lors de cette rencontre, la d\u00e9l\u00e9gation a pr\u00e9sent\u00e9 sa proposition concernant le processus du dialogue national, exprimant son soutien total \u00e0 l\u2019initiative et soulignant son importance pour consolider la d\u00e9mocratie, renforcer la coh\u00e9sion [&hellip;]<\/p>\n","protected":false},"author":2,"featured_media":61726,"comment_status":"open","ping_status":"open","sticky":false,"template":"","format":"standard","meta":{"footnotes":""},"categories":[1449],"tags":[],"class_list":["post-61725","post","type-post","status-publish","format-standard","has-post-thumbnail","hentry","category-national"],"_links":{"self":[{"href":"https:\/\/lestracesdelinfo.com\/index.php\/wp-json\/wp\/v2\/posts\/61725","targetHints":{"allow":["GET"]}}],"collection":[{"href":"https:\/\/lestracesdelinfo.com\/index.php\/wp-json\/wp\/v2\/posts"}],"about":[{"href":"https:\/\/lestracesdelinfo.com\/index.php\/wp-json\/wp\/v2\/types\/post"}],"author":[{"embeddable":true,"href":"https:\/\/lestracesdelinfo.com\/index.php\/wp-json\/wp\/v2\/users\/2"}],"replies":[{"embeddable":true,"href":"https:\/\/lestracesdelinfo.com\/index.php\/wp-json\/wp\/v2\/comments?post=61725"}],"version-history":[{"count":1,"href":"https:\/\/lestracesdelinfo.com\/index.php\/wp-json\/wp\/v2\/posts\/61725\/revisions"}],"predecessor-version":[{"id":61727,"href":"https:\/\/lestracesdelinfo.com\/index.php\/wp-json\/wp\/v2\/posts\/61725\/revisions\/61727"}],"wp:featuredmedia":[{"embeddable":true,"href":"https:\/\/lestracesdelinfo.com\/index.php\/wp-json\/wp\/v2\/media\/61726"}],"wp:attachment":[{"href":"https:\/\/lestracesdelinfo.com\/index.php\/wp-json\/wp\/v2\/media?parent=61725"}],"wp:term":[{"taxonomy":"category","embeddable":true,"href":"https:\/\/lestracesdelinfo.com\/index.php\/wp-json\/wp\/v2\/categories?post=61725"},{"taxonomy":"post_tag","embeddable":true,"href":"https:\/\/lestracesdelinfo.com\/index.php\/wp-json\/wp\/v2\/tags?post=61725"}],"curies":[{"name":"wp","href":"https:\/\/api.w.org\/{rel}","templated":true}]}}