{"id":61770,"date":"2025-06-23T11:21:09","date_gmt":"2025-06-23T11:21:09","guid":{"rendered":"https:\/\/lestracesdelinfo.com\/?p=61770"},"modified":"2025-06-23T11:22:31","modified_gmt":"2025-06-23T11:22:31","slug":"brakna-crise-de-competence-entre-le-president-du-conseil-regional-et-le-maire-daleg","status":"publish","type":"post","link":"https:\/\/lestracesdelinfo.com\/index.php\/2025\/06\/23\/brakna-crise-de-competence-entre-le-president-du-conseil-regional-et-le-maire-daleg\/","title":{"rendered":"Brakna: Crise de comp\u00e9tence entre le pr\u00e9sident du conseil r\u00e9gional et le maire d&rsquo;Aleg !"},"content":{"rendered":"\n<p>Le Calame<\/p>\n\n\n\n<figure class=\"wp-block-image size-full\"><img loading=\"lazy\" decoding=\"async\" width=\"335\" height=\"150\" src=\"https:\/\/lestracesdelinfo.com\/wp-content\/uploads\/2025\/06\/maire-dAleg.jpg\" alt=\"\" class=\"wp-image-61771\" srcset=\"https:\/\/lestracesdelinfo.com\/wp-content\/uploads\/2025\/06\/maire-dAleg.jpg 335w, https:\/\/lestracesdelinfo.com\/wp-content\/uploads\/2025\/06\/maire-dAleg-300x134.jpg 300w\" sizes=\"auto, (max-width: 335px) 100vw, 335px\" \/><\/figure>\n\n\n\n<p>Depuis quelques jours,un diff\u00e9rend oppose le maire d&rsquo;Aleg, Youssouf Oul\u010f Cheikh El Ghadi et le Pr\u00e9sident du Conseil r\u00e9gional du Brakna Mohamed El Moustapha ould Mohamed Mahmoud. L&rsquo;origine du quiproquo serait parti d&rsquo;un terrain qui devrait \u00eatre exploit\u00e9 par la mairie au profit des populations. Ledit lot aurait \u00e9t\u00e9 visit\u00e9 par le d\u00e9l\u00e9gu\u00e9 g\u00e9n\u00e9ral Taazour la semaine derni\u00e8re.<br>Pour l&rsquo;instant, le conseil r\u00e9gional bloque tout le projet. Ce genre de diff\u00e9rends pose des probl\u00e8mes aux partenaires et bailleurs qui sont confront\u00e9s \u00e0 la crise de comp\u00e9tence entre ces structures locales.<br>Cette crise fait la une de la page facebook de la Commune d&rsquo;Aleg depuis quelques jours !<\/p>\n\n\n\n<p>Affaire \u00e0 suivre !<\/p>\n","protected":false},"excerpt":{"rendered":"<p>Le Calame Depuis quelques jours,un diff\u00e9rend oppose le maire d&rsquo;Aleg, Youssouf Oul\u010f Cheikh El Ghadi et le Pr\u00e9sident du Conseil r\u00e9gional du Brakna Mohamed El Moustapha ould Mohamed Mahmoud. L&rsquo;origine du quiproquo serait parti d&rsquo;un terrain qui devrait \u00eatre exploit\u00e9 par la mairie au profit des populations. Ledit lot aurait \u00e9t\u00e9 visit\u00e9 par le d\u00e9l\u00e9gu\u00e9 [&hellip;]<\/p>\n","protected":false},"author":2,"featured_media":61772,"comment_status":"open","ping_status":"open","sticky":false,"template":"","format":"standard","meta":{"footnotes":""},"categories":[1449],"tags":[],"class_list":["post-61770","post","type-post","status-publish","format-standard","has-post-thumbnail","hentry","category-national"],"_links":{"self":[{"href":"https:\/\/lestracesdelinfo.com\/index.php\/wp-json\/wp\/v2\/posts\/61770","targetHints":{"allow":["GET"]}}],"collection":[{"href":"https:\/\/lestracesdelinfo.com\/index.php\/wp-json\/wp\/v2\/posts"}],"about":[{"href":"https:\/\/lestracesdelinfo.com\/index.php\/wp-json\/wp\/v2\/types\/post"}],"author":[{"embeddable":true,"href":"https:\/\/lestracesdelinfo.com\/index.php\/wp-json\/wp\/v2\/users\/2"}],"replies":[{"embeddable":true,"href":"https:\/\/lestracesdelinfo.com\/index.php\/wp-json\/wp\/v2\/comments?post=61770"}],"version-history":[{"count":2,"href":"https:\/\/lestracesdelinfo.com\/index.php\/wp-json\/wp\/v2\/posts\/61770\/revisions"}],"predecessor-version":[{"id":61774,"href":"https:\/\/lestracesdelinfo.com\/index.php\/wp-json\/wp\/v2\/posts\/61770\/revisions\/61774"}],"wp:featuredmedia":[{"embeddable":true,"href":"https:\/\/lestracesdelinfo.com\/index.php\/wp-json\/wp\/v2\/media\/61772"}],"wp:attachment":[{"href":"https:\/\/lestracesdelinfo.com\/index.php\/wp-json\/wp\/v2\/media?parent=61770"}],"wp:term":[{"taxonomy":"category","embeddable":true,"href":"https:\/\/lestracesdelinfo.com\/index.php\/wp-json\/wp\/v2\/categories?post=61770"},{"taxonomy":"post_tag","embeddable":true,"href":"https:\/\/lestracesdelinfo.com\/index.php\/wp-json\/wp\/v2\/tags?post=61770"}],"curies":[{"name":"wp","href":"https:\/\/api.w.org\/{rel}","templated":true}]}}