{"id":61778,"date":"2025-06-24T11:05:19","date_gmt":"2025-06-24T11:05:19","guid":{"rendered":"https:\/\/lestracesdelinfo.com\/?p=61778"},"modified":"2025-06-24T11:05:22","modified_gmt":"2025-06-24T11:05:22","slug":"donald-trump-participera-t-il-au-sommet-de-lotan-tout-est-fait-pour-eviter-un-enieme-caprice-du-president-americain","status":"publish","type":"post","link":"https:\/\/lestracesdelinfo.com\/index.php\/2025\/06\/24\/donald-trump-participera-t-il-au-sommet-de-lotan-tout-est-fait-pour-eviter-un-enieme-caprice-du-president-americain\/","title":{"rendered":"Donald Trump participera-t-il au sommet de l\u2019OTAN\u00a0? \u00ab\u00a0Tout est fait pour \u00e9viter un \u00e9ni\u00e8me caprice\u00a0\u00bb du pr\u00e9sident am\u00e9ricain"},"content":{"rendered":"\n<p> RTL info avec S\u00e9bastien Rosenfeld<\/p>\n\n\n\n<h2 class=\"wp-block-heading\">Un bloqueur de publicit\u00e9 emp\u00eache la lecture.<br>Veuillez le d\u00e9sactiver pour d\u00e9marrer la vid\u00e9o.<\/h2>\n\n\n\n<p><img decoding=\"async\" src=\"https:\/\/scontent-rtl.akamaized.net\/videos\/ged_vp\/14630000\/14632000\/14632009.jpg\"><\/p>\n\n\n\n<h3 class=\"wp-block-heading\">Le sommet de l&rsquo;OTAN s&rsquo;ouvre mardi \u00e0 La Haye<\/h3>\n\n\n\n<p>Le sommet de l\u2019OTAN \u00e0 La Haye s\u2019ouvre ce mardi dans un contexte extr\u00eamement tendu au Moyen-Orient. Tous les yeux seront tourn\u00e9s vers le pr\u00e9sident Donald Trump apr\u00e8s les attaques am\u00e9ricaines sur l\u2019Iran. La pr\u00e9sence du R\u00e9publicain doit d\u2019ailleurs \u00eatre confirm\u00e9e.<\/p>\n\n\n\n<p>Compte tenu des derniers d\u00e9veloppements sur l\u2019Iran (NDLR&nbsp;: les attaques iraniennes sur le Qatar) les doutes subsistent sur la venue de Donald Trump au sommet de l\u2019OTAN. A priori, le pr\u00e9sident des \u00c9tats-Unis sera pr\u00e9sent. \u00ab&nbsp;Et tout a \u00e9t\u00e9 fait pour \u00e9viter un \u00e9ni\u00e8me caprice de Trump&nbsp;\u00bb, affirme S\u00e9bastien Rosenfeld, envoy\u00e9 sp\u00e9cial RTL info \u00e0 La Haye.<\/p>\n\n\n\n<p>L\u2019agenda a \u00e9t\u00e9 modifi\u00e9. On avait pr\u00e9vu plusieurs jours de n\u00e9gociations avec plusieurs r\u00e9unions de haut niveau. Finalement, ce sera r\u00e9duit \u00e0 deux moments importants&nbsp;: le d\u00eener de gala offert par le couple royal des Pays-Bas mardi soir et le jour j, mercredi, une r\u00e9union de 2h30 maximum pour ent\u00e9riner les fameux 5&nbsp;% du PIB consacr\u00e9 \u00e0 la D\u00e9fense par les pays de l\u2019Alliance Atlantique.<\/p>\n","protected":false},"excerpt":{"rendered":"<p>RTL info avec S\u00e9bastien Rosenfeld Un bloqueur de publicit\u00e9 emp\u00eache la lecture.Veuillez le d\u00e9sactiver pour d\u00e9marrer la vid\u00e9o. Le sommet de l&rsquo;OTAN s&rsquo;ouvre mardi \u00e0 La Haye Le sommet de l\u2019OTAN \u00e0 La Haye s\u2019ouvre ce mardi dans un contexte extr\u00eamement tendu au Moyen-Orient. Tous les yeux seront tourn\u00e9s vers le pr\u00e9sident Donald Trump apr\u00e8s [&hellip;]<\/p>\n","protected":false},"author":2,"featured_media":61779,"comment_status":"open","ping_status":"open","sticky":false,"template":"","format":"standard","meta":{"footnotes":""},"categories":[1304],"tags":[],"class_list":["post-61778","post","type-post","status-publish","format-standard","has-post-thumbnail","hentry","category-linternational"],"_links":{"self":[{"href":"https:\/\/lestracesdelinfo.com\/index.php\/wp-json\/wp\/v2\/posts\/61778","targetHints":{"allow":["GET"]}}],"collection":[{"href":"https:\/\/lestracesdelinfo.com\/index.php\/wp-json\/wp\/v2\/posts"}],"about":[{"href":"https:\/\/lestracesdelinfo.com\/index.php\/wp-json\/wp\/v2\/types\/post"}],"author":[{"embeddable":true,"href":"https:\/\/lestracesdelinfo.com\/index.php\/wp-json\/wp\/v2\/users\/2"}],"replies":[{"embeddable":true,"href":"https:\/\/lestracesdelinfo.com\/index.php\/wp-json\/wp\/v2\/comments?post=61778"}],"version-history":[{"count":1,"href":"https:\/\/lestracesdelinfo.com\/index.php\/wp-json\/wp\/v2\/posts\/61778\/revisions"}],"predecessor-version":[{"id":61780,"href":"https:\/\/lestracesdelinfo.com\/index.php\/wp-json\/wp\/v2\/posts\/61778\/revisions\/61780"}],"wp:featuredmedia":[{"embeddable":true,"href":"https:\/\/lestracesdelinfo.com\/index.php\/wp-json\/wp\/v2\/media\/61779"}],"wp:attachment":[{"href":"https:\/\/lestracesdelinfo.com\/index.php\/wp-json\/wp\/v2\/media?parent=61778"}],"wp:term":[{"taxonomy":"category","embeddable":true,"href":"https:\/\/lestracesdelinfo.com\/index.php\/wp-json\/wp\/v2\/categories?post=61778"},{"taxonomy":"post_tag","embeddable":true,"href":"https:\/\/lestracesdelinfo.com\/index.php\/wp-json\/wp\/v2\/tags?post=61778"}],"curies":[{"name":"wp","href":"https:\/\/api.w.org\/{rel}","templated":true}]}}