{"id":61781,"date":"2025-06-24T11:10:42","date_gmt":"2025-06-24T11:10:42","guid":{"rendered":"https:\/\/lestracesdelinfo.com\/?p=61781"},"modified":"2025-06-24T11:10:44","modified_gmt":"2025-06-24T11:10:44","slug":"ahmedou-ould-abdallah-ce-qui-se-passe-au-sahel-est-une-tragedie-continue-et-nous-refusons-que-les-islamistes-servent-de-couverture-aux-trafiquants","status":"publish","type":"post","link":"https:\/\/lestracesdelinfo.com\/index.php\/2025\/06\/24\/ahmedou-ould-abdallah-ce-qui-se-passe-au-sahel-est-une-tragedie-continue-et-nous-refusons-que-les-islamistes-servent-de-couverture-aux-trafiquants\/","title":{"rendered":"\u00a0Ahmedou Ould Abdallah : Ce qui se passe au Sahel est une trag\u00e9die continue et nous refusons que les \u201cislamistes\u201d servent de couverture aux trafiquants"},"content":{"rendered":"\n<figure class=\"wp-block-image\"><img decoding=\"async\" src=\"https:\/\/fr.taqadoumy.mr\/wp-content\/uploads\/2025\/06\/a5ee7bc5-b85a-480f-889a-9c27c656c2d1.jpeg\" alt=\"\"\/><\/figure>\n\n\n\n<h1 class=\"wp-block-heading\"><\/h1>\n\n\n\n<p>\u00a0<a href=\"https:\/\/fr.taqadoumy.mr\/archives\/29282\">maya agaly<\/a><\/p>\n\n\n\n<p>Le diplomate et expert onusien Ahmedou Ould Abdallah a d\u00e9clar\u00e9, lors d\u2019un s\u00e9minaire organis\u00e9 par le Centre Sahel pour l\u2019expertise et le conseil, que ce que vivent les pays du Sahel africain constitue une \u00ab trag\u00e9die continue depuis de nombreuses ann\u00e9es \u00bb, appelant \u00e0 une approche globale d\u00e9passant la seule dimension s\u00e9curitaire et prenant en compte la mauvaise gouvernance ainsi que les crises imbriqu\u00e9es.<\/p>\n\n\n\n<p>Ould Abdallah a exprim\u00e9 sa satisfaction de constater une participation f\u00e9minine au centre, qualifiant cette rencontre \u00ab d\u2019importante dans un contexte de pr\u00e9occupations r\u00e9gionales et internationales croissantes dues aux crises, notamment la trag\u00e9die de Gaza et la guerre irano-isra\u00e9lienne \u00bb. Il a soulign\u00e9 que la r\u00e9gion du Sahel est devenue \u00ab d\u00e9laiss\u00e9e, en particulier au niveau du financement \u00bb, malgr\u00e9 la d\u00e9t\u00e9rioration continue dans ses pays, citant le Soudan comme un exemple de l\u2019\u00e9chec de la communaut\u00e9 internationale \u00e0 emp\u00eacher l\u2019effondrement et la division.<\/p>\n\n\n\n<p>L\u2019expert onusien a ajout\u00e9 que le Niger, bien qu\u2019\u00e9tant un pays producteur de p\u00e9trole g\u00e9r\u00e9 par une compagnie chinoise, souffre d\u2019isolement international et exporte son p\u00e9trole via le B\u00e9nin dans un contexte d\u2019ins\u00e9curit\u00e9 fragile, indiquant que \u00ab l\u2019absence de s\u00e9curit\u00e9 est li\u00e9e \u00e0 la mauvaise gouvernance \u00bb. Il a affirm\u00e9 : \u00ab La situation au Mali, au Niger et au Burkina Faso est pr\u00e9occupante, les fronti\u00e8res sont fragiles et la violence se d\u00e9place et se propage comme un feu de broussailles. \u00bb<\/p>\n\n\n\n<p>Ould Abdallah a alert\u00e9 que les groupes arm\u00e9s actifs dans la r\u00e9gion \u00ab ne sont pas de v\u00e9ritables islamistes, mais des trafiquants d\u2019armes, de drogues et de cigarettes \u00bb, mettant en garde contre l\u2019utilisation du discours religieux comme couverture pour les activit\u00e9s de trafic et de criminalit\u00e9 organis\u00e9e. Il a pr\u00e9cis\u00e9 : \u00ab Je dis cela sans id\u00e9ologie, mais fond\u00e9 sur une longue exp\u00e9rience, ayant v\u00e9cu plusieurs ann\u00e9es en Somalie et suivant la situation avec une grande inqui\u00e9tude. \u00bb<\/p>\n\n\n\n<p>Il a conclu en affirmant que la stabilit\u00e9 \u00e9conomique est un pilier essentiel pour relever ces d\u00e9fis, \u00e9voquant l\u2019exp\u00e9rience du Rwanda qui accueille aujourd\u2019hui \u00ab les plus grands investissements arabes en Afrique \u00bb, insistant sur le fait que \u00ab pas de d\u00e9veloppement sans s\u00e9curit\u00e9, et pas de s\u00e9curit\u00e9 sans bonne gouvernance. \u00bb<\/p>\n","protected":false},"excerpt":{"rendered":"<p>\u00a0maya agaly Le diplomate et expert onusien Ahmedou Ould Abdallah a d\u00e9clar\u00e9, lors d\u2019un s\u00e9minaire organis\u00e9 par le Centre Sahel pour l\u2019expertise et le conseil, que ce que vivent les pays du Sahel africain constitue une \u00ab trag\u00e9die continue depuis de nombreuses ann\u00e9es \u00bb, appelant \u00e0 une approche globale d\u00e9passant la seule dimension s\u00e9curitaire et [&hellip;]<\/p>\n","protected":false},"author":2,"featured_media":61782,"comment_status":"open","ping_status":"open","sticky":false,"template":"","format":"standard","meta":{"footnotes":""},"categories":[1306],"tags":[],"class_list":["post-61781","post","type-post","status-publish","format-standard","has-post-thumbnail","hentry","category-politique-general-politique-general"],"_links":{"self":[{"href":"https:\/\/lestracesdelinfo.com\/index.php\/wp-json\/wp\/v2\/posts\/61781","targetHints":{"allow":["GET"]}}],"collection":[{"href":"https:\/\/lestracesdelinfo.com\/index.php\/wp-json\/wp\/v2\/posts"}],"about":[{"href":"https:\/\/lestracesdelinfo.com\/index.php\/wp-json\/wp\/v2\/types\/post"}],"author":[{"embeddable":true,"href":"https:\/\/lestracesdelinfo.com\/index.php\/wp-json\/wp\/v2\/users\/2"}],"replies":[{"embeddable":true,"href":"https:\/\/lestracesdelinfo.com\/index.php\/wp-json\/wp\/v2\/comments?post=61781"}],"version-history":[{"count":1,"href":"https:\/\/lestracesdelinfo.com\/index.php\/wp-json\/wp\/v2\/posts\/61781\/revisions"}],"predecessor-version":[{"id":61783,"href":"https:\/\/lestracesdelinfo.com\/index.php\/wp-json\/wp\/v2\/posts\/61781\/revisions\/61783"}],"wp:featuredmedia":[{"embeddable":true,"href":"https:\/\/lestracesdelinfo.com\/index.php\/wp-json\/wp\/v2\/media\/61782"}],"wp:attachment":[{"href":"https:\/\/lestracesdelinfo.com\/index.php\/wp-json\/wp\/v2\/media?parent=61781"}],"wp:term":[{"taxonomy":"category","embeddable":true,"href":"https:\/\/lestracesdelinfo.com\/index.php\/wp-json\/wp\/v2\/categories?post=61781"},{"taxonomy":"post_tag","embeddable":true,"href":"https:\/\/lestracesdelinfo.com\/index.php\/wp-json\/wp\/v2\/tags?post=61781"}],"curies":[{"name":"wp","href":"https:\/\/api.w.org\/{rel}","templated":true}]}}