{"id":61789,"date":"2025-06-25T19:32:53","date_gmt":"2025-06-25T19:32:53","guid":{"rendered":"https:\/\/lestracesdelinfo.com\/?p=61789"},"modified":"2025-06-25T19:34:34","modified_gmt":"2025-06-25T19:34:34","slug":"le-president-iranien-annonce-la-fin-de-la-guerre-de-12-jours-imposee-a-son-pays-israel-declare-que-la-campagne-contre-liran-nest-pas-terminee","status":"publish","type":"post","link":"https:\/\/lestracesdelinfo.com\/index.php\/2025\/06\/25\/le-president-iranien-annonce-la-fin-de-la-guerre-de-12-jours-imposee-a-son-pays-israel-declare-que-la-campagne-contre-liran-nest-pas-terminee\/","title":{"rendered":"Le pr\u00e9sident iranien annonce \u00ab\u00a0la fin de la guerre de 12 jours impos\u00e9e\u00a0\u00bb \u00e0 son pays, Isra\u00ebl d\u00e9clare que la campagne contre l&rsquo;Iran \u00ab\u00a0n&rsquo;est pas termin\u00e9e\u00a0\u00bb"},"content":{"rendered":"\n<p> RTL info avec AFP<\/p>\n\n\n\n<h2 class=\"wp-block-heading\">Un bloqueur de publicit\u00e9 emp\u00eache la lecture.<br>Veuillez le d\u00e9sactiver pour d\u00e9marrer la vid\u00e9o.<\/h2>\n\n\n\n<p><img decoding=\"async\" src=\"https:\/\/scontent-rtl.akamaized.net\/videos\/ged_vp\/14630000\/14633200\/14633216.jpg\"><\/p>\n\n\n\n<h3 class=\"wp-block-heading\">Guerre Isra\u00ebl-Iran: le cessez-le-feu aurait d\u00e9j\u00e0 \u00e9t\u00e9 rompu<\/h3>\n\n\n\n<p>Un cessez-le-feu fragile entre l\u2019Iran et Isra\u00ebl est entr\u00e9 en vigueur mardi apr\u00e8s 12 jours de guerre. Les deux camps revendiquent la victoire, tandis que l\u2019ONU appelle \u00e0 respecter la tr\u00eave et \u00e9viter une reprise des hostilit\u00e9<\/p>\n\n\n\n<ul class=\"wp-block-list\">\n<li>Un cessez-le-feu entre Isra\u00ebl et l\u2019Iran, n\u00e9goci\u00e9 par Donald Trump, a mis fin \u00e0 douze jours de guerre meurtri\u00e8re.<\/li>\n\n\n\n<li>Isra\u00ebl parle d\u2019un succ\u00e8s militaire, mais avertit que sa campagne contre T\u00e9h\u00e9ran n\u2019est pas termin\u00e9e.<\/li>\n\n\n\n<li>L\u2019Iran crie \u00e0 la victoire et reste en alerte, malgr\u00e9 des signes de retour au calme dans la r\u00e9gion.<\/li>\n<\/ul>\n\n\n\n<hr class=\"wp-block-separator has-alpha-channel-opacity\"\/>\n\n\n\n<p>Un fragile cessez-le-feu entre l&rsquo;Iran et Isra\u00ebl, sous l&rsquo;\u00e9gide du pr\u00e9sident am\u00e9ricain Donald Trump, est en place depuis mardi, apr\u00e8s une guerre de 12 jours lanc\u00e9e par les autorit\u00e9s isra\u00e9liennes pour, selon elles, emp\u00eacher T\u00e9h\u00e9ran de se doter de l&rsquo;arme atomique.<\/p>\n\n\n\n<p>Si Isra\u00ebl a accept\u00e9 la tr\u00eave propos\u00e9e par son alli\u00e9 am\u00e9ricain, il a pr\u00e9venu que la campagne contre l&rsquo;Iran&nbsp;<em>\u00ab\u00a0n&rsquo;\u00e9tait pas termin\u00e9e\u00a0\u00bb<\/em>.<\/p>\n","protected":false},"excerpt":{"rendered":"<p>RTL info avec AFP Un bloqueur de publicit\u00e9 emp\u00eache la lecture.Veuillez le d\u00e9sactiver pour d\u00e9marrer la vid\u00e9o. Guerre Isra\u00ebl-Iran: le cessez-le-feu aurait d\u00e9j\u00e0 \u00e9t\u00e9 rompu Un cessez-le-feu fragile entre l\u2019Iran et Isra\u00ebl est entr\u00e9 en vigueur mardi apr\u00e8s 12 jours de guerre. Les deux camps revendiquent la victoire, tandis que l\u2019ONU appelle \u00e0 respecter la [&hellip;]<\/p>\n","protected":false},"author":2,"featured_media":61790,"comment_status":"open","ping_status":"open","sticky":false,"template":"","format":"standard","meta":{"footnotes":""},"categories":[1304],"tags":[],"class_list":["post-61789","post","type-post","status-publish","format-standard","has-post-thumbnail","hentry","category-linternational"],"_links":{"self":[{"href":"https:\/\/lestracesdelinfo.com\/index.php\/wp-json\/wp\/v2\/posts\/61789","targetHints":{"allow":["GET"]}}],"collection":[{"href":"https:\/\/lestracesdelinfo.com\/index.php\/wp-json\/wp\/v2\/posts"}],"about":[{"href":"https:\/\/lestracesdelinfo.com\/index.php\/wp-json\/wp\/v2\/types\/post"}],"author":[{"embeddable":true,"href":"https:\/\/lestracesdelinfo.com\/index.php\/wp-json\/wp\/v2\/users\/2"}],"replies":[{"embeddable":true,"href":"https:\/\/lestracesdelinfo.com\/index.php\/wp-json\/wp\/v2\/comments?post=61789"}],"version-history":[{"count":2,"href":"https:\/\/lestracesdelinfo.com\/index.php\/wp-json\/wp\/v2\/posts\/61789\/revisions"}],"predecessor-version":[{"id":61792,"href":"https:\/\/lestracesdelinfo.com\/index.php\/wp-json\/wp\/v2\/posts\/61789\/revisions\/61792"}],"wp:featuredmedia":[{"embeddable":true,"href":"https:\/\/lestracesdelinfo.com\/index.php\/wp-json\/wp\/v2\/media\/61790"}],"wp:attachment":[{"href":"https:\/\/lestracesdelinfo.com\/index.php\/wp-json\/wp\/v2\/media?parent=61789"}],"wp:term":[{"taxonomy":"category","embeddable":true,"href":"https:\/\/lestracesdelinfo.com\/index.php\/wp-json\/wp\/v2\/categories?post=61789"},{"taxonomy":"post_tag","embeddable":true,"href":"https:\/\/lestracesdelinfo.com\/index.php\/wp-json\/wp\/v2\/tags?post=61789"}],"curies":[{"name":"wp","href":"https:\/\/api.w.org\/{rel}","templated":true}]}}