{"id":61793,"date":"2025-06-26T13:07:53","date_gmt":"2025-06-26T13:07:53","guid":{"rendered":"https:\/\/lestracesdelinfo.com\/?p=61793"},"modified":"2025-06-26T13:07:56","modified_gmt":"2025-06-26T13:07:56","slug":"vacances-a-linterieur-du-pays-une-initiative-presidentielle-pour-reconnecter-les-elites-avec-la-mauritanie-profonde","status":"publish","type":"post","link":"https:\/\/lestracesdelinfo.com\/index.php\/2025\/06\/26\/vacances-a-linterieur-du-pays-une-initiative-presidentielle-pour-reconnecter-les-elites-avec-la-mauritanie-profonde\/","title":{"rendered":"&#8211;\u00a0Vacances \u00e0 l\u2019int\u00e9rieur du pays : une initiative pr\u00e9sidentielle pour reconnecter les \u00e9lites avec la Mauritanie profonde"},"content":{"rendered":"\n<p><img loading=\"lazy\" decoding=\"async\" src=\"https:\/\/www.cridem.org\/media\/photos\/photo\/ghazouani_telephone_77383604769.jpg\" alt=\"Vacances \u00e0 l\u2019int\u00e9rieur du pays : une initiative pr\u00e9sidentielle pour reconnecter les \u00e9lites avec la Mauritanie profonde\" width=\"300\" height=\"200\"><\/p>\n\n\n\n<p><strong>Shems Maarif &#8211;<\/strong> Le pr\u00e9sident de la R\u00e9publique, Mohamed Ould Cheikh El Ghazouani, a profit\u00e9 du Conseil des ministres tenu ce mercredi pour adresser un message fort aux membres du gouvernement et aux hauts responsables de l\u2019\u00c9tat : cesser de passer leurs vacances \u00e0 l\u2019\u00e9tranger et privil\u00e9gier les s\u00e9jours dans leurs r\u00e9gions d\u2019origine.<br><br>Le chef de l\u2019\u00c9tat a qualifi\u00e9 cette habitude \u2013 particuli\u00e8rement r\u00e9pandue chez les \u00e9lites en p\u00e9riode estivale \u2013 d\u2019inappropri\u00e9e et contraire \u00e0 l\u2019image que doit refl\u00e9ter un pays qui cherche \u00e0 renforcer son identit\u00e9 et promouvoir son potentiel touristique, social et culturel. Il a regrett\u00e9 que cette pratique donne l\u2019impression qu\u2019aucun lieu en Mauritanie ne m\u00e9rite d\u2019\u00eatre visit\u00e9.<br><br>Cette d\u00e9claration pr\u00e9sidentielle n\u2019est pas un simple appel symbolique. Depuis le d\u00e9but de son mandat, le pr\u00e9sident Ghazouani passe syst\u00e9matiquement ses vacances dans son village natal de Boumdeid, dans la wilaya de l\u2019Assaba.<br><br>Par ce choix, il donne l\u2019exemple d\u2019un attachement profond aux origines et d\u2019un engagement concret en faveur du d\u00e9veloppement local. Cependant, force est de constater que peu de responsables ont suivi cette voie, pr\u00e9f\u00e9rant les destinations \u00e9trang\u00e8res, notamment le Maroc et l\u2019Espagne, devenues des lieux de vill\u00e9giature privil\u00e9gi\u00e9s par les \u00e9lites.<br><br>L\u2019initiative pr\u00e9sidentielle, bien que tardive dans son annonce officielle, relance un d\u00e9bat essentiel sur la relation entre les dirigeants et les populations de l\u2019int\u00e9rieur du pays, souvent per\u00e7ues comme oubli\u00e9es ou marginalis\u00e9es.<br><br>Elle n\u2019est pas sans rappeler les mesures prises sous le r\u00e9gime de l\u2019ancien pr\u00e9sident Maaouiya Ould Sid\u2019Ahmed Taya, qui avait impos\u00e9 une politique similaire. \u00c0 cette \u00e9poque, de nombreux cadres avaient construit des maisons dans leurs villages d\u2019origine, entra\u00eenant une dynamique de construction, de modernisation et de d\u00e9veloppement dans plusieurs zones rurales. Ces investissements priv\u00e9s avaient contribu\u00e9 \u00e0 l\u2019essor d\u2019infrastructures locales et renforc\u00e9 le tissu social.<br><br>Aujourd\u2019hui encore, l\u2019int\u00e9rieur du pays souffre d\u2019un d\u00e9ficit d\u2019attention et d\u2019investissement, au profit d\u2019une concentration excessive des moyens \u00e0 Nouakchott. La d\u00e9cision du pr\u00e9sident Ghazouani, si elle est accompagn\u00e9e d\u2019un v\u00e9ritable suivi et d\u2019un engagement collectif, pourrait inverser cette tendance.<br><br>Elle repr\u00e9sente un appel \u00e0 la responsabilit\u00e9, \u00e0 la proximit\u00e9 et \u00e0 l\u2019exemplarit\u00e9. Plus qu\u2019une simple question de lieu de vacances, il s\u2019agit d\u2019un choix politique et moral : \u00eatre au plus pr\u00e8s du peuple, partager ses r\u00e9alit\u00e9s, et investir sur place pour construire une Mauritanie plus \u00e9quilibr\u00e9e et solidaire.<\/p>\n","protected":false},"excerpt":{"rendered":"<p>Shems Maarif &#8211; Le pr\u00e9sident de la R\u00e9publique, Mohamed Ould Cheikh El Ghazouani, a profit\u00e9 du Conseil des ministres tenu ce mercredi pour adresser un message fort aux membres du gouvernement et aux hauts responsables de l\u2019\u00c9tat : cesser de passer leurs vacances \u00e0 l\u2019\u00e9tranger et privil\u00e9gier les s\u00e9jours dans leurs r\u00e9gions d\u2019origine. Le chef [&hellip;]<\/p>\n","protected":false},"author":2,"featured_media":61794,"comment_status":"open","ping_status":"open","sticky":false,"template":"","format":"standard","meta":{"footnotes":""},"categories":[1449],"tags":[],"class_list":["post-61793","post","type-post","status-publish","format-standard","has-post-thumbnail","hentry","category-national"],"_links":{"self":[{"href":"https:\/\/lestracesdelinfo.com\/index.php\/wp-json\/wp\/v2\/posts\/61793","targetHints":{"allow":["GET"]}}],"collection":[{"href":"https:\/\/lestracesdelinfo.com\/index.php\/wp-json\/wp\/v2\/posts"}],"about":[{"href":"https:\/\/lestracesdelinfo.com\/index.php\/wp-json\/wp\/v2\/types\/post"}],"author":[{"embeddable":true,"href":"https:\/\/lestracesdelinfo.com\/index.php\/wp-json\/wp\/v2\/users\/2"}],"replies":[{"embeddable":true,"href":"https:\/\/lestracesdelinfo.com\/index.php\/wp-json\/wp\/v2\/comments?post=61793"}],"version-history":[{"count":1,"href":"https:\/\/lestracesdelinfo.com\/index.php\/wp-json\/wp\/v2\/posts\/61793\/revisions"}],"predecessor-version":[{"id":61795,"href":"https:\/\/lestracesdelinfo.com\/index.php\/wp-json\/wp\/v2\/posts\/61793\/revisions\/61795"}],"wp:featuredmedia":[{"embeddable":true,"href":"https:\/\/lestracesdelinfo.com\/index.php\/wp-json\/wp\/v2\/media\/61794"}],"wp:attachment":[{"href":"https:\/\/lestracesdelinfo.com\/index.php\/wp-json\/wp\/v2\/media?parent=61793"}],"wp:term":[{"taxonomy":"category","embeddable":true,"href":"https:\/\/lestracesdelinfo.com\/index.php\/wp-json\/wp\/v2\/categories?post=61793"},{"taxonomy":"post_tag","embeddable":true,"href":"https:\/\/lestracesdelinfo.com\/index.php\/wp-json\/wp\/v2\/tags?post=61793"}],"curies":[{"name":"wp","href":"https:\/\/api.w.org\/{rel}","templated":true}]}}