{"id":61796,"date":"2025-06-26T13:14:14","date_gmt":"2025-06-26T13:14:14","guid":{"rendered":"https:\/\/lestracesdelinfo.com\/?p=61796"},"modified":"2025-06-26T13:14:45","modified_gmt":"2025-06-26T13:14:45","slug":"chan-2024-le-senegal-defend-son-titre-en-afrique-de-lest","status":"publish","type":"post","link":"https:\/\/lestracesdelinfo.com\/index.php\/2025\/06\/26\/chan-2024-le-senegal-defend-son-titre-en-afrique-de-lest\/","title":{"rendered":"CHAN 2024 : le S\u00e9n\u00e9gal d\u00e9fend son titre en Afrique de l\u2019Est"},"content":{"rendered":"\n<p><img loading=\"lazy\" decoding=\"async\" width=\"32\" height=\"32\" srcset=\"https:\/\/fr.apanews.net\/wp-content\/uploads\/sites\/2\/2023\/09\/APA-Ico-48x48.png 48w, https:\/\/fr.apanews.net\/wp-content\/uploads\/sites\/2\/2023\/09\/APA-Ico-300x300.png 300w, https:\/\/fr.apanews.net\/wp-content\/uploads\/sites\/2\/2023\/09\/APA-Ico-150x150.png 150w, https:\/\/fr.apanews.net\/wp-content\/uploads\/sites\/2\/2023\/09\/APA-Ico-70x70.png 70w, https:\/\/fr.apanews.net\/wp-content\/uploads\/sites\/2\/2023\/09\/APA-Ico-450x450.png 450w, https:\/\/fr.apanews.net\/wp-content\/uploads\/sites\/2\/2023\/09\/APA-Ico-24x24.png 24w, https:\/\/fr.apanews.net\/wp-content\/uploads\/sites\/2\/2023\/09\/APA-Ico-96x96.png 96w, https:\/\/fr.apanews.net\/wp-content\/uploads\/sites\/2\/2023\/09\/APA-Ico.png 512w\" src=\"https:\/\/fr.apanews.net\/wp-content\/uploads\/sites\/2\/2023\/09\/APA-Ico-48x48.png\" alt=\"APA-Dakar (S\u00e9n\u00e9gal)\"><a>APA-Dakar (S\u00e9n\u00e9gal)<\/a><\/p>\n\n\n\n<figure class=\"wp-block-image\"><img decoding=\"async\" src=\"https:\/\/fr.apanews.net\/wp-content\/uploads\/sites\/2\/2025\/06\/image-2025-06-25T134528.246-1024x628.png\" alt=\"\" title=\"CHAN 2024 : le S\u00e9n\u00e9gal d\u00e9fend son titre en Afrique de l\u2019Est\"\/><\/figure>\n\n\n\n<p>Partager<\/p>\n\n\n\n<p><a href=\"https:\/\/www.facebook.com\/sharer.php?u=https%3A%2F%2Ffr.apanews.net%2Fnews%2Fchan-2024-le-senegal-defend-son-titre-en-afrique-de-lest%2F\" target=\"_blank\" rel=\"noreferrer noopener\"><\/a><a href=\"https:\/\/twitter.com\/intent\/tweet?url=https%3A%2F%2Ffr.apanews.net%2Fnews%2Fchan-2024-le-senegal-defend-son-titre-en-afrique-de-lest%2F&amp;text=CHAN%202024%20%3A%20le%20S%C3%A9n%C3%A9gal%20d%C3%A9fend%20son%20titre%20en%20Afrique%20de%20l%E2%80%99Est\" target=\"_blank\" rel=\"noreferrer noopener\"><\/a><a href=\"https:\/\/wa.me\/?text=CHAN%202024%20%3A%20le%20S%C3%A9n%C3%A9gal%20d%C3%A9fend%20son%20titre%20en%20Afrique%20de%20l%E2%80%99Est%20https%3A%2F%2Ffr.apanews.net%2Fnews%2Fchan-2024-le-senegal-defend-son-titre-en-afrique-de-lest%2F\" target=\"_blank\" rel=\"noreferrer noopener\"><\/a><a href=\"mailto:?subject=CHAN%202024%20%3A%20le%20S%C3%A9n%C3%A9gal%20d%C3%A9fend%20son%20titre%20en%20Afrique%20de%20l%E2%80%99Est&amp;body=https%3A%2F%2Ffr.apanews.net%2Fnews%2Fchan-2024-le-senegal-defend-son-titre-en-afrique-de-lest%2F\" target=\"_blank\" rel=\"noreferrer noopener\"><\/a><a href=\"https:\/\/www.linkedin.com\/shareArticle?mini=true&amp;url=https%3A%2F%2Ffr.apanews.net%2Fnews%2Fchan-2024-le-senegal-defend-son-titre-en-afrique-de-lest%2F\" target=\"_blank\" rel=\"noreferrer noopener\"><\/a><a href=\"https:\/\/t.me\/share\/url?url=https%3A%2F%2Ffr.apanews.net%2Fnews%2Fchan-2024-le-senegal-defend-son-titre-en-afrique-de-lest%2F&amp;title=CHAN%202024%20%3A%20le%20S%C3%A9n%C3%A9gal%20d%C3%A9fend%20son%20titre%20en%20Afrique%20de%20l%E2%80%99Est\" target=\"_blank\" rel=\"noreferrer noopener\"><\/a><\/p>\n\n\n\n<p><strong>Le Championnat d\u2019Afrique des Nations CAF 2024 (CHAN) s\u2019ouvre du 2 au 30 ao\u00fbt avec une \u00e9dition in\u00e9dite organis\u00e9e conjointement par le Kenya, la Tanzanie et l\u2019Ouganda. Dix-neuf s\u00e9lections, dont le S\u00e9n\u00e9gal champion en titre, s\u2019affronteront pour la couronne continentale sur les pelouses de l\u2019Afrique de l\u2019Est.<\/strong><\/p>\n\n\n\n<p>Pour la premi\u00e8re fois dans l\u2019histoire du CHAN, trois pays unissent leurs forces pour accueillir la comp\u00e9tition, promettant une ambiance unique et une logistique \u00e0 la hauteur de l\u2019\u00e9v\u00e9nement. Le S\u00e9n\u00e9gal, fort d\u2019une dynamique exceptionnelle et d\u2019un effectif renouvel\u00e9, vise le doubl\u00e9 apr\u00e8s son sacre historique en Alg\u00e9rie en 2022.<\/p>\n\n\n\n<p>Depuis, les Lions locaux ont confirm\u00e9 la supr\u00e9matie s\u00e9n\u00e9galaise sur le football africain avec des titres majeurs dans toutes les cat\u00e9gories.<\/p>\n\n\n\n<p>Le tournoi s\u2019annonce relev\u00e9, avec des stades modernes et une affluence attendue record, preuve du nouveau statut du CHAN sur la sc\u00e8ne continentale.<\/p>\n\n\n\n<p>Les Lions de la Teranga, port\u00e9s par l\u2019ambition de tout un pays, entendent \u00e9crire une nouvelle page de leur histoire et inspirer la jeunesse africaine sous les projecteurs de l\u2019Afrique de l\u2019Est.<\/p>\n\n\n\n<p><strong>SS\/ac\/Sf\/APA<\/strong><\/p>\n","protected":false},"excerpt":{"rendered":"<p>APA-Dakar (S\u00e9n\u00e9gal) Partager Le Championnat d\u2019Afrique des Nations CAF 2024 (CHAN) s\u2019ouvre du 2 au 30 ao\u00fbt avec une \u00e9dition in\u00e9dite organis\u00e9e conjointement par le Kenya, la Tanzanie et l\u2019Ouganda. Dix-neuf s\u00e9lections, dont le S\u00e9n\u00e9gal champion en titre, s\u2019affronteront pour la couronne continentale sur les pelouses de l\u2019Afrique de l\u2019Est. Pour la premi\u00e8re fois dans [&hellip;]<\/p>\n","protected":false},"author":2,"featured_media":61797,"comment_status":"open","ping_status":"open","sticky":false,"template":"","format":"standard","meta":{"footnotes":""},"categories":[7],"tags":[],"class_list":["post-61796","post","type-post","status-publish","format-standard","has-post-thumbnail","hentry","category-sports"],"_links":{"self":[{"href":"https:\/\/lestracesdelinfo.com\/index.php\/wp-json\/wp\/v2\/posts\/61796","targetHints":{"allow":["GET"]}}],"collection":[{"href":"https:\/\/lestracesdelinfo.com\/index.php\/wp-json\/wp\/v2\/posts"}],"about":[{"href":"https:\/\/lestracesdelinfo.com\/index.php\/wp-json\/wp\/v2\/types\/post"}],"author":[{"embeddable":true,"href":"https:\/\/lestracesdelinfo.com\/index.php\/wp-json\/wp\/v2\/users\/2"}],"replies":[{"embeddable":true,"href":"https:\/\/lestracesdelinfo.com\/index.php\/wp-json\/wp\/v2\/comments?post=61796"}],"version-history":[{"count":1,"href":"https:\/\/lestracesdelinfo.com\/index.php\/wp-json\/wp\/v2\/posts\/61796\/revisions"}],"predecessor-version":[{"id":61798,"href":"https:\/\/lestracesdelinfo.com\/index.php\/wp-json\/wp\/v2\/posts\/61796\/revisions\/61798"}],"wp:featuredmedia":[{"embeddable":true,"href":"https:\/\/lestracesdelinfo.com\/index.php\/wp-json\/wp\/v2\/media\/61797"}],"wp:attachment":[{"href":"https:\/\/lestracesdelinfo.com\/index.php\/wp-json\/wp\/v2\/media?parent=61796"}],"wp:term":[{"taxonomy":"category","embeddable":true,"href":"https:\/\/lestracesdelinfo.com\/index.php\/wp-json\/wp\/v2\/categories?post=61796"},{"taxonomy":"post_tag","embeddable":true,"href":"https:\/\/lestracesdelinfo.com\/index.php\/wp-json\/wp\/v2\/tags?post=61796"}],"curies":[{"name":"wp","href":"https:\/\/api.w.org\/{rel}","templated":true}]}}