{"id":61808,"date":"2025-06-28T12:27:40","date_gmt":"2025-06-28T12:27:40","guid":{"rendered":"https:\/\/lestracesdelinfo.com\/?p=61808"},"modified":"2025-06-28T12:29:09","modified_gmt":"2025-06-28T12:29:09","slug":"organisation-pour-la-mise-en-valeur-du-fleuve-senegal-organise-une-reunion-regionale-pour-promouvoir-ladaptation-au-changement-climatique-et-lemploi-des-jeunes","status":"publish","type":"post","link":"https:\/\/lestracesdelinfo.com\/index.php\/2025\/06\/28\/organisation-pour-la-mise-en-valeur-du-fleuve-senegal-organise-une-reunion-regionale-pour-promouvoir-ladaptation-au-changement-climatique-et-lemploi-des-jeunes\/","title":{"rendered":"\u2019Organisation pour la Mise en Valeur du Fleuve S\u00e9n\u00e9gal organise une r\u00e9union r\u00e9gionale pour promouvoir l\u2019adaptation au changement climatique et l\u2019emploi des jeunes"},"content":{"rendered":"\n<h2 class=\"wp-block-heading\">  ami <\/h2>\n\n\n\n<figure class=\"wp-block-image\"><a class=\"post-thumbnail open-lightbox\" href=\"https:\/\/ami.mr\/fr\/wp-content\/uploads\/2025\/06\/%D9%A2%D9%A0%D9%A2%D9%A5%D9%A0%D9%A6%D9%A1%D9%A9_%D9%A2%D9%A3%D9%A1%D9%A1%D9%A2%D9%A1.jpg\"><img decoding=\"async\" src=\"https:\/\/ami.mr\/fr\/wp-content\/uploads\/2025\/06\/%D9%A2%D9%A0%D9%A2%D9%A5%D9%A0%D9%A6%D9%A1%D9%A9_%D9%A2%D9%A3%D9%A1%D9%A1%D9%A2%D9%A1-750x430.jpg\" alt=\"\"\/><\/a><\/figure>\n\n\n\n<p>L\u2019Organisation pour la Mise en Valeur du Fleuve S\u00e9n\u00e9gal (OMVS), en collaboration avec le Centre mondial d\u2019innovation (CMI) de la Convention-cadre des Nations unies sur les changements climatiques (CCNUCC), a organis\u00e9, jeudi, dans la zone du barrage de Diama, le long de la fronti\u00e8re s\u00e9n\u00e9galo-mauritanienne, une rencontre r\u00e9gionale sur le th\u00e8me : \u201cUn espace d\u2019opportunit\u00e9s pour renforcer la r\u00e9silience aux changements climatiques, la cr\u00e9ation d\u2019emplois et l\u2019innovation\u201d.<\/p>\n\n\n\n<p>La r\u00e9union rassemble des experts, des repr\u00e9sentants d\u2019organisations partenaires, des autorit\u00e9s locales et des acteurs de la soci\u00e9t\u00e9 civile des \u00c9tats membres de l\u2019OMVS.<\/p>\n\n\n\n<p>La r\u00e9union explorera les strat\u00e9gies de projets pilotes, les m\u00e9canismes de financement innovants et l\u2019engagement des jeunes et des femmes dans une approche participative pour renforcer la r\u00e9silience au changement climatique.<\/p>\n\n\n\n<p>M. Mohamed Ould Abdel Vettah, Haut-Commissaire de l\u2019Organisation pour la Mise en Valeur du Fleuve S\u00e9n\u00e9gal, a d\u00e9clar\u00e9, dans un discours prononc\u00e9 \u00e0 cette occasion, que la r\u00e9union rassemble plusieurs experts et parties prenantes dans le domaine du changement climatique afin de formuler des recommandations pour des solutions simples, locales, impliquant les communaut\u00e9s et pouvant \u00eatre mises en \u0153uvre pour lutter contre les inondations.<\/p>\n\n\n\n<p>Dans le cadre de l\u2019emploi des jeunes, les participants vont explorer des recommandations sur la mani\u00e8re de faire de la r\u00e9gion du fleuve S\u00e9n\u00e9gal une opportunit\u00e9 pour l\u2019emploi des jeunes, a-t-il dit.<\/p>\n\n\n\n<p>M. Hamada Ould Didi Ould Sid\u2019Ahmed, directeur g\u00e9n\u00e9ral de la Soci\u00e9t\u00e9 nationale de d\u00e9veloppement rural (SONADER), a soulign\u00e9, quant \u00e0 lui, l\u2019int\u00e9r\u00eat du gouvernement mauritanien pour ce sujet, exprimant son espoir que cette r\u00e9union permette de pr\u00e9senter un plan efficace de lutte contre les inondations fluviales.<br>La SONADER est un acteur cl\u00e9 dans la mise en \u0153uvre des strat\u00e9gies de l\u2019OMVS dans notre pays et contribue \u00e0 la valorisation des atouts environnementaux du bassin du fleuve et \u00e0 la lutte contre le changement climatique.<\/p>\n\n\n\n<p>L\u2019organisation de cette rencontre s\u2019inscrit dans le cadre de la pr\u00e9paration des pays de l\u2019Organisation pour la Mise en Valeur du Fleuve S\u00e9n\u00e9gal \u00e0 la saison des pluies<\/p>\n","protected":false},"excerpt":{"rendered":"<p>ami L\u2019Organisation pour la Mise en Valeur du Fleuve S\u00e9n\u00e9gal (OMVS), en collaboration avec le Centre mondial d\u2019innovation (CMI) de la Convention-cadre des Nations unies sur les changements climatiques (CCNUCC), a organis\u00e9, jeudi, dans la zone du barrage de Diama, le long de la fronti\u00e8re s\u00e9n\u00e9galo-mauritanienne, une rencontre r\u00e9gionale sur le th\u00e8me : \u201cUn espace [&hellip;]<\/p>\n","protected":false},"author":2,"featured_media":61809,"comment_status":"open","ping_status":"open","sticky":false,"template":"","format":"standard","meta":{"footnotes":""},"categories":[1449],"tags":[],"class_list":["post-61808","post","type-post","status-publish","format-standard","has-post-thumbnail","hentry","category-national"],"_links":{"self":[{"href":"https:\/\/lestracesdelinfo.com\/index.php\/wp-json\/wp\/v2\/posts\/61808","targetHints":{"allow":["GET"]}}],"collection":[{"href":"https:\/\/lestracesdelinfo.com\/index.php\/wp-json\/wp\/v2\/posts"}],"about":[{"href":"https:\/\/lestracesdelinfo.com\/index.php\/wp-json\/wp\/v2\/types\/post"}],"author":[{"embeddable":true,"href":"https:\/\/lestracesdelinfo.com\/index.php\/wp-json\/wp\/v2\/users\/2"}],"replies":[{"embeddable":true,"href":"https:\/\/lestracesdelinfo.com\/index.php\/wp-json\/wp\/v2\/comments?post=61808"}],"version-history":[{"count":1,"href":"https:\/\/lestracesdelinfo.com\/index.php\/wp-json\/wp\/v2\/posts\/61808\/revisions"}],"predecessor-version":[{"id":61810,"href":"https:\/\/lestracesdelinfo.com\/index.php\/wp-json\/wp\/v2\/posts\/61808\/revisions\/61810"}],"wp:featuredmedia":[{"embeddable":true,"href":"https:\/\/lestracesdelinfo.com\/index.php\/wp-json\/wp\/v2\/media\/61809"}],"wp:attachment":[{"href":"https:\/\/lestracesdelinfo.com\/index.php\/wp-json\/wp\/v2\/media?parent=61808"}],"wp:term":[{"taxonomy":"category","embeddable":true,"href":"https:\/\/lestracesdelinfo.com\/index.php\/wp-json\/wp\/v2\/categories?post=61808"},{"taxonomy":"post_tag","embeddable":true,"href":"https:\/\/lestracesdelinfo.com\/index.php\/wp-json\/wp\/v2\/tags?post=61808"}],"curies":[{"name":"wp","href":"https:\/\/api.w.org\/{rel}","templated":true}]}}