{"id":62839,"date":"2025-09-28T09:42:14","date_gmt":"2025-09-28T09:42:14","guid":{"rendered":"https:\/\/lestracesdelinfo.com\/?p=62839"},"modified":"2025-09-28T09:42:45","modified_gmt":"2025-09-28T09:42:45","slug":"guinee-constitution-adoptee-presidentielle-fixee-au-28-decembre","status":"publish","type":"post","link":"https:\/\/lestracesdelinfo.com\/index.php\/2025\/09\/28\/guinee-constitution-adoptee-presidentielle-fixee-au-28-decembre\/","title":{"rendered":"Guin\u00e9e: Constitution adopt\u00e9e, pr\u00e9sidentielle fix\u00e9e au 28 d\u00e9cembre"},"content":{"rendered":"\n<p><img loading=\"lazy\" decoding=\"async\" width=\"32\" height=\"32\" srcset=\"https:\/\/fr.apanews.net\/wp-content\/uploads\/sites\/2\/2023\/09\/APA-Ico-48x48.png 48w, https:\/\/fr.apanews.net\/wp-content\/uploads\/sites\/2\/2023\/09\/APA-Ico-300x300.png 300w, https:\/\/fr.apanews.net\/wp-content\/uploads\/sites\/2\/2023\/09\/APA-Ico-150x150.png 150w, https:\/\/fr.apanews.net\/wp-content\/uploads\/sites\/2\/2023\/09\/APA-Ico-70x70.png 70w, https:\/\/fr.apanews.net\/wp-content\/uploads\/sites\/2\/2023\/09\/APA-Ico-450x450.png 450w, https:\/\/fr.apanews.net\/wp-content\/uploads\/sites\/2\/2023\/09\/APA-Ico-24x24.png 24w, https:\/\/fr.apanews.net\/wp-content\/uploads\/sites\/2\/2023\/09\/APA-Ico-96x96.png 96w, https:\/\/fr.apanews.net\/wp-content\/uploads\/sites\/2\/2023\/09\/APA-Ico.png 512w\" src=\"https:\/\/fr.apanews.net\/wp-content\/uploads\/sites\/2\/2023\/09\/APA-Ico-48x48.png\" alt=\"APA- Conakry (Guin\u00e9e)\"><a>APA- Conakry (Guin\u00e9e)<\/a><\/p>\n\n\n\n<figure class=\"wp-block-image size-full\"><img loading=\"lazy\" decoding=\"async\" width=\"1024\" height=\"682\" src=\"https:\/\/lestracesdelinfo.com\/wp-content\/uploads\/2025\/09\/image-9.png\" alt=\"\" class=\"wp-image-62841\" srcset=\"https:\/\/lestracesdelinfo.com\/wp-content\/uploads\/2025\/09\/image-9.png 1024w, https:\/\/lestracesdelinfo.com\/wp-content\/uploads\/2025\/09\/image-9-300x200.png 300w, https:\/\/lestracesdelinfo.com\/wp-content\/uploads\/2025\/09\/image-9-768x512.png 768w\" sizes=\"auto, (max-width: 1024px) 100vw, 1024px\" \/><\/figure>\n\n\n\n<p><a href=\"https:\/\/www.facebook.com\/sharer.php?u=https%3A%2F%2Ffr.apanews.net%2Fnews%2Fguinee-constitution-adoptee-presidentielle-fixee-au-28-decembre%2F\" target=\"_blank\" rel=\"noreferrer noopener\"><\/a><a href=\"https:\/\/twitter.com\/intent\/tweet?url=https%3A%2F%2Ffr.apanews.net%2Fnews%2Fguinee-constitution-adoptee-presidentielle-fixee-au-28-decembre%2F&amp;text=Guin%C3%A9e%3A%20Constitution%20adopt%C3%A9e%2C%20pr%C3%A9sidentielle%20fix%C3%A9e%20au%2028%20d%C3%A9cembre\" target=\"_blank\" rel=\"noreferrer noopener\"><\/a><a href=\"https:\/\/wa.me\/?text=Guin%C3%A9e%3A%20Constitution%20adopt%C3%A9e%2C%20pr%C3%A9sidentielle%20fix%C3%A9e%20au%2028%20d%C3%A9cembre%20https%3A%2F%2Ffr.apanews.net%2Fnews%2Fguinee-constitution-adoptee-presidentielle-fixee-au-28-decembre%2F\" target=\"_blank\" rel=\"noreferrer noopener\"><\/a><a href=\"mailto:?subject=Guin%C3%A9e%3A%20Constitution%20adopt%C3%A9e%2C%20pr%C3%A9sidentielle%20fix%C3%A9e%20au%2028%20d%C3%A9cembre&amp;body=https%3A%2F%2Ffr.apanews.net%2Fnews%2Fguinee-constitution-adoptee-presidentielle-fixee-au-28-decembre%2F\" target=\"_blank\" rel=\"noreferrer noopener\"><\/a><a href=\"https:\/\/www.linkedin.com\/shareArticle?mini=true&amp;url=https%3A%2F%2Ffr.apanews.net%2Fnews%2Fguinee-constitution-adoptee-presidentielle-fixee-au-28-decembre%2F\" target=\"_blank\" rel=\"noreferrer noopener\"><\/a><a href=\"https:\/\/t.me\/share\/url?url=https%3A%2F%2Ffr.apanews.net%2Fnews%2Fguinee-constitution-adoptee-presidentielle-fixee-au-28-decembre%2F&amp;title=Guin%C3%A9e%3A%20Constitution%20adopt%C3%A9e%2C%20pr%C3%A9sidentielle%20fix%C3%A9e%20au%2028%20d%C3%A9cembre\" target=\"_blank\" rel=\"noreferrer noopener\"><\/a><strong>Apr\u00e8s l\u2019annonce provisoire faite mardi par le ministre de l\u2019Administration du territoire, la Cour supr\u00eame a proclam\u00e9 ce samedi 27 septembre les r\u00e9sultats d\u00e9finitifs du r\u00e9f\u00e9rendum constitutionnel, consacrant l\u2019adoption de la nouvelle Loi fondamentale. Le pr\u00e9sident de la transition a dans la foul\u00e9e fix\u00e9 la date de l\u2019\u00e9lection pr\u00e9sidentielle au 28 d\u00e9cembre 2925 et promulgu\u00e9 le Code \u00e9lectoral.<\/strong><\/p>\n\n\n\n<p>Dans un d\u00e9cret lu ce samedi \u00e0 la t\u00e9l\u00e9vision nationale, le G\u00e9n\u00e9ral Mamadi Doumbouya a fix\u00e9 la date de l\u2019\u00e9lection pr\u00e9sidentielle au 28 d\u00e9cembre 2025. La Guin\u00e9e a, en effet, franchi une \u00e9tape d\u00e9cisive de sa transition politique avec la proclamation, par la Cour supr\u00eame, des r\u00e9sultats d\u00e9finitifs du r\u00e9f\u00e9rendum constitutionnel tenu le 21 septembre.<\/p>\n\n\n\n<p>Cette validation confirme les chiffres annonc\u00e9s mardi par le ministre de l\u2019Administration du Territoire, Ibrahima Kalil Cond\u00e9, qui avait alors d\u00e9clar\u00e9 que le projet de nouvelle Constitution \u00e9tait \u00ab&nbsp;<em>provisoirement adopt\u00e9<\/em>&nbsp;\u00bb avec 89,38 % de suffrages favorables.<\/p>\n\n\n\n<p>Selon la plus haute juridiction du pays, sur 6 millions 768 458 \u00e9lecteurs inscrits, 5 millions 951 807 ont vot\u00e9, soit un taux de participation de 86,42 %. Les suffrages valablement exprim\u00e9s s\u2019\u00e9l\u00e8vent \u00e0 5 millions 746 327, dont 5 millions 135 951 voix pour le \u00ab&nbsp;<em>Oui<\/em>&nbsp;\u00bb (89,38 %) et 610 376 voix pour le \u00ab<em>Non<\/em>\u00bb (10,62 %).<\/p>\n\n\n\n<p>Avec cette proclamation solennelle, la nouvelle Constitution est d\u00e9sormais adopt\u00e9e de mani\u00e8re d\u00e9finitive. Le texte, remis en juin au pr\u00e9sident de la transition, le g\u00e9n\u00e9ral Mamadi Doumbouya, par le Conseil national de la Transition (CNT), pr\u00e9voit notamment un mandat pr\u00e9sidentiel de sept ans renouvelable une fois, la cr\u00e9ation d\u2019un S\u00e9nat, et ouvre la voie \u00e0 la candidature de l\u2019actuel chef de l\u2019\u00c9tat \u00e0 la prochaine pr\u00e9sidentielle.<\/p>\n\n\n\n<p>Dans un d\u00e9cret lu ce samedi \u00e0 la t\u00e9l\u00e9vision nationale, le G\u00e9n\u00e9ral Mamadi Doumbouya a fix\u00e9 la date de l\u2019\u00e9lection pr\u00e9sidentielle au 28 d\u00e9cembre 2025. \u00c0 cette occasion, il a invit\u00e9 le minist\u00e8re de l\u2019Administration du territoire et de la D\u00e9centralisation, \u00e0 travers la Direction g\u00e9n\u00e9rale des \u00e9lections, \u00e0 prendre toutes les dispositions n\u00e9cessaires pour garantir le respect de ce chronogramme.<\/p>\n\n\n\n<p>Dans un autre d\u00e9cret, le chef de l\u2019\u00c9tat a \u00e9galement promulgu\u00e9 le Code \u00e9lectoral, dont l\u2019adoption est intervenue vendredi 26 septembre 2025.<\/p>\n\n\n\n<p><strong>AC\/Sf\/APA<\/strong><\/p>\n","protected":false},"excerpt":{"rendered":"<p>APA- Conakry (Guin\u00e9e) Apr\u00e8s l\u2019annonce provisoire faite mardi par le ministre de l\u2019Administration du territoire, la Cour supr\u00eame a proclam\u00e9 ce samedi 27 septembre les r\u00e9sultats d\u00e9finitifs du r\u00e9f\u00e9rendum constitutionnel, consacrant l\u2019adoption de la nouvelle Loi fondamentale. Le pr\u00e9sident de la transition a dans la foul\u00e9e fix\u00e9 la date de l\u2019\u00e9lection pr\u00e9sidentielle au 28 d\u00e9cembre [&hellip;]<\/p>\n","protected":false},"author":2,"featured_media":62840,"comment_status":"open","ping_status":"open","sticky":false,"template":"","format":"standard","meta":{"footnotes":""},"categories":[1447],"tags":[],"class_list":["post-62839","post","type-post","status-publish","format-standard","has-post-thumbnail","hentry","category-afrique"],"_links":{"self":[{"href":"https:\/\/lestracesdelinfo.com\/index.php\/wp-json\/wp\/v2\/posts\/62839","targetHints":{"allow":["GET"]}}],"collection":[{"href":"https:\/\/lestracesdelinfo.com\/index.php\/wp-json\/wp\/v2\/posts"}],"about":[{"href":"https:\/\/lestracesdelinfo.com\/index.php\/wp-json\/wp\/v2\/types\/post"}],"author":[{"embeddable":true,"href":"https:\/\/lestracesdelinfo.com\/index.php\/wp-json\/wp\/v2\/users\/2"}],"replies":[{"embeddable":true,"href":"https:\/\/lestracesdelinfo.com\/index.php\/wp-json\/wp\/v2\/comments?post=62839"}],"version-history":[{"count":1,"href":"https:\/\/lestracesdelinfo.com\/index.php\/wp-json\/wp\/v2\/posts\/62839\/revisions"}],"predecessor-version":[{"id":62842,"href":"https:\/\/lestracesdelinfo.com\/index.php\/wp-json\/wp\/v2\/posts\/62839\/revisions\/62842"}],"wp:featuredmedia":[{"embeddable":true,"href":"https:\/\/lestracesdelinfo.com\/index.php\/wp-json\/wp\/v2\/media\/62840"}],"wp:attachment":[{"href":"https:\/\/lestracesdelinfo.com\/index.php\/wp-json\/wp\/v2\/media?parent=62839"}],"wp:term":[{"taxonomy":"category","embeddable":true,"href":"https:\/\/lestracesdelinfo.com\/index.php\/wp-json\/wp\/v2\/categories?post=62839"},{"taxonomy":"post_tag","embeddable":true,"href":"https:\/\/lestracesdelinfo.com\/index.php\/wp-json\/wp\/v2\/tags?post=62839"}],"curies":[{"name":"wp","href":"https:\/\/api.w.org\/{rel}","templated":true}]}}