{"id":62843,"date":"2025-09-28T09:46:56","date_gmt":"2025-09-28T09:46:56","guid":{"rendered":"https:\/\/lestracesdelinfo.com\/?p=62843"},"modified":"2025-09-28T09:47:31","modified_gmt":"2025-09-28T09:47:31","slug":"guinee-lelection-presidentielle-aura-lieu-le-28-decembre-2025","status":"publish","type":"post","link":"https:\/\/lestracesdelinfo.com\/index.php\/2025\/09\/28\/guinee-lelection-presidentielle-aura-lieu-le-28-decembre-2025\/","title":{"rendered":"Guin\u00e9e : l\u2019\u00e9lection pr\u00e9sidentielle aura lieu le 28 d\u00e9cembre 2025"},"content":{"rendered":"\n<p><a href=\"https:\/\/tchadinfos.com\"><strong>tchadinfos.com<\/strong><\/a><\/p>\n\n\n\n<figure class=\"wp-block-image\"><img decoding=\"async\" src=\"https:\/\/tchadinfos.com\/wp-content\/uploads\/2025\/09\/IMG-20250902-WA0281.jpg\" alt=\"Guin\u00e9e : l\u2019\u00e9lection pr\u00e9sidentielle aura lieu le 28 d\u00e9cembre 2025\"\/><\/figure>\n\n\n\n<p>Par d\u00e9cret sign\u00e9 le 27 septembre, le pr\u00e9sident de transition de la Guin\u00e9e, le g\u00e9n\u00e9ral Mamadi Doumbouya, a fix\u00e9 l\u2019\u00e9lection pr\u00e9sidentielle au 28 d\u00e9cembre 2025.<\/p>\n\n\n\n<p>La veille, le chef de l\u2019\u00c9tat guin\u00e9en avait promulgu\u00e9 la Constitution adopt\u00e9 par r\u00e9f\u00e9rendum le 21 septembre avec 89,38 % des suffrages, contre 10,62 % pour le \u00ab&nbsp;Non&nbsp;\u00bb. Des r\u00e9sultats confirmes par la Cour supr\u00eame.<\/p>\n\n\n\n<p>Apr\u00e8s le coup d\u2019\u00c9tat du 5 septembre 2021 ayant renvers\u00e9 le pr\u00e9sident Alpha Cond\u00e9, la Guin\u00e9e s\u2019appr\u00eate donc \u00e0 renouer avec l\u2019ordre constitutionnel. Mamadi Doumbouya peut, selon la Constitution, \u00eatre candidat \u00e0 la pr\u00e9sidentielle.<\/p>\n\n\n\n<p><a href=\"https:\/\/tchadinfos.com\"><strong>https:\/\/tchadinfos.com<\/strong><\/a><a href=\"https:\/\/tchadinfos.com\/#facebook\" target=\"_blank\" rel=\"noreferrer noopener\"><\/a><a href=\"https:\/\/tchadinfos.com\/#facebook\" target=\"_blank\" rel=\"noreferrer noopener\"><\/a><a href=\"https:\/\/tchadinfos.com\/#x\" target=\"_blank\" rel=\"noreferrer noopener\"><\/a><a href=\"https:\/\/tchadinfos.com\/#linkedin\" target=\"_blank\" rel=\"noreferrer noopener\"><\/a><a href=\"https:\/\/tchadinfos.com\/#whatsapp\" target=\"_blank\" rel=\"noreferrer noopener\"><\/a><a href=\"https:\/\/tchadinfos.com\/#telegram\" target=\"_blank\" rel=\"noreferrer noopener\"><\/a><a href=\"https:\/\/tchadinfos.com\/#email\" target=\"_blank\" rel=\"noreferrer noopener\"><\/a><a href=\"https:\/\/www.addtoany.com\/share#url=https%3A%2F%2Ftchadinfos.com%2F2025%2F09%2F28%2Fguinee-lelection-presidentielle-aura-lieu-le-28-decembre-2025%2F&amp;title=Guin%C3%A9e%20%3A%20l%27%C3%A9lection%20pr%C3%A9sidentielle%20aura%20lieu%20le%2028%20d%C3%A9cembre%202025%20-%20Tchadinfos\"><\/a><\/p>\n\n\n\n<p><\/p>\n","protected":false},"excerpt":{"rendered":"<p>tchadinfos.com Par d\u00e9cret sign\u00e9 le 27 septembre, le pr\u00e9sident de transition de la Guin\u00e9e, le g\u00e9n\u00e9ral Mamadi Doumbouya, a fix\u00e9 l\u2019\u00e9lection pr\u00e9sidentielle au 28 d\u00e9cembre 2025. La veille, le chef de l\u2019\u00c9tat guin\u00e9en avait promulgu\u00e9 la Constitution adopt\u00e9 par r\u00e9f\u00e9rendum le 21 septembre avec 89,38 % des suffrages, contre 10,62 % pour le \u00ab&nbsp;Non&nbsp;\u00bb. Des [&hellip;]<\/p>\n","protected":false},"author":2,"featured_media":62845,"comment_status":"open","ping_status":"open","sticky":false,"template":"","format":"standard","meta":{"footnotes":""},"categories":[1447],"tags":[],"class_list":["post-62843","post","type-post","status-publish","format-standard","has-post-thumbnail","hentry","category-afrique"],"_links":{"self":[{"href":"https:\/\/lestracesdelinfo.com\/index.php\/wp-json\/wp\/v2\/posts\/62843","targetHints":{"allow":["GET"]}}],"collection":[{"href":"https:\/\/lestracesdelinfo.com\/index.php\/wp-json\/wp\/v2\/posts"}],"about":[{"href":"https:\/\/lestracesdelinfo.com\/index.php\/wp-json\/wp\/v2\/types\/post"}],"author":[{"embeddable":true,"href":"https:\/\/lestracesdelinfo.com\/index.php\/wp-json\/wp\/v2\/users\/2"}],"replies":[{"embeddable":true,"href":"https:\/\/lestracesdelinfo.com\/index.php\/wp-json\/wp\/v2\/comments?post=62843"}],"version-history":[{"count":1,"href":"https:\/\/lestracesdelinfo.com\/index.php\/wp-json\/wp\/v2\/posts\/62843\/revisions"}],"predecessor-version":[{"id":62846,"href":"https:\/\/lestracesdelinfo.com\/index.php\/wp-json\/wp\/v2\/posts\/62843\/revisions\/62846"}],"wp:featuredmedia":[{"embeddable":true,"href":"https:\/\/lestracesdelinfo.com\/index.php\/wp-json\/wp\/v2\/media\/62845"}],"wp:attachment":[{"href":"https:\/\/lestracesdelinfo.com\/index.php\/wp-json\/wp\/v2\/media?parent=62843"}],"wp:term":[{"taxonomy":"category","embeddable":true,"href":"https:\/\/lestracesdelinfo.com\/index.php\/wp-json\/wp\/v2\/categories?post=62843"},{"taxonomy":"post_tag","embeddable":true,"href":"https:\/\/lestracesdelinfo.com\/index.php\/wp-json\/wp\/v2\/tags?post=62843"}],"curies":[{"name":"wp","href":"https:\/\/api.w.org\/{rel}","templated":true}]}}