{"id":62847,"date":"2025-09-28T09:50:04","date_gmt":"2025-09-28T09:50:04","guid":{"rendered":"https:\/\/lestracesdelinfo.com\/?p=62847"},"modified":"2025-09-28T09:51:11","modified_gmt":"2025-09-28T09:51:11","slug":"une-nouvelle-force-mixte-pour-securiser-la-frontiere-tchad-republique-centrafricaine","status":"publish","type":"post","link":"https:\/\/lestracesdelinfo.com\/index.php\/2025\/09\/28\/une-nouvelle-force-mixte-pour-securiser-la-frontiere-tchad-republique-centrafricaine\/","title":{"rendered":"Une nouvelle force mixte pour s\u00e9curiser la fronti\u00e8re Tchad\u2013R\u00e9publique centrafricaine"},"content":{"rendered":"\n<p><a href=\"https:\/\/tchadinfos.com\"><strong>tchadinfos.com<\/strong><\/a><\/p>\n\n\n\n<figure class=\"wp-block-image\"><img decoding=\"async\" src=\"https:\/\/tchadinfos.com\/wp-content\/uploads\/2025\/09\/IMG-20250927-WA0268.jpg\" alt=\"Une nouvelle force mixte pour s\u00e9curiser la fronti\u00e8re Tchad\u2013R\u00e9publique centrafricaine\"\/><\/figure>\n\n\n\n<p><strong>Ce samedi 27 septembre 2025, les autorit\u00e9s tchadiennes et centrafricaines se sont retrouv\u00e9es pour officialiser l\u2019installation de la force mixte Tchad\u2013RCA. La c\u00e9r\u00e9monie s\u2019est d\u00e9roul\u00e9e \u00e0 la place de l\u2019Ind\u00e9pendance de Sarh. Cette initiative marque une \u00e9tape importante dans la coop\u00e9ration entre les deux pays, d\u00e9termin\u00e9s \u00e0 prot\u00e9ger leur fronti\u00e8re commune.<\/strong><\/p>\n\n\n\n<p>La c\u00e9r\u00e9monie a d\u00e9but\u00e9 par les mots de bienvenue du maire de Sarh, Mahamat Boka Ramadan, qui a salu\u00e9 la pr\u00e9sence de la d\u00e9l\u00e9gation venue de Centrafrique. Dans une ambiance de fraternit\u00e9, militaires et responsables civils ont r\u00e9affirm\u00e9 leur volont\u00e9 de travailler main dans la main.<\/p>\n\n\n\n<p>Le g\u00e9n\u00e9ral de corps d\u2019arm\u00e9e Mahamat Souleymane Ali, chef d\u2019\u00c9tat-major g\u00e9n\u00e9ral adjoint des arm\u00e9es du Tchad, a rappel\u00e9 que l\u2019objectif principal de cette force est de s\u00e9curiser la fronti\u00e8re contre les infiltrations arm\u00e9es et le trafic illicite. Pour lui, cette collaboration constitue une promesse de stabilit\u00e9 pour les populations frontali\u00e8res.<\/p>\n\n\n\n<p>Son homologue centrafricain, le g\u00e9n\u00e9ral Z\u00e9phirin Mamadou, a insist\u00e9 sur l\u2019importance de la solidarit\u00e9 r\u00e9gionale. Il a soulign\u00e9 que cette alliance militaire envoie un signal fort aux groupes hostiles et repose sur la discipline, le sacrifice et le professionnalisme des soldats des deux pays.<\/p>\n\n\n\n<p>Lire aussi :&nbsp;<a href=\"https:\/\/tchadinfos.com\/2025\/03\/12\/tchad-rca-mise-en-place-dune-operation-de-securisation-conjointe-annonce-letat-major-des-forces-armees-centrafricaines-faca\/\">Tchad-RCA : mise en place d&amp;rsquo;une op\u00e9ration de s\u00e9curisation conjointe annonce l&amp;rsquo;Etat-major des Forces arm\u00e9es centrafricaines (FACA)<\/a><\/p>\n\n\n\n<p>De son c\u00f4t\u00e9, le d\u00e9l\u00e9gu\u00e9 g\u00e9n\u00e9ral du gouvernement aupr\u00e8s de la province du Moyen-Chari, Abdramane Ahmat Bargou, a indiqu\u00e9 que la pr\u00e9sence de cette force, plac\u00e9e sous le commandement du g\u00e9n\u00e9ral Moubarak Souleymane, favorisera non seulement la s\u00e9curit\u00e9, mais aussi le d\u00e9veloppement \u00e9conomique en facilitant la libre circulation des personnes et de leurs biens.<\/p>\n\n\n\n<p>Un gigantesque d\u00e9fil\u00e9 militaire a mis fin \u00e0 la c\u00e9r\u00e9monie.<\/p>\n\n\n\n<p><a href=\"https:\/\/tchadinfos.com\"><strong>https:\/\/tchadinfos.com<\/strong><\/a><\/p>\n\n\n\n<p><a target=\"_blank\" rel=\"noreferrer noopener\" href=\"https:\/\/tchadinfos.com\/#facebook\"><\/a><a target=\"_blank\" rel=\"noreferrer noopener\" href=\"https:\/\/tchadinfos.com\/#facebook\"><\/a><a target=\"_blank\" rel=\"noreferrer noopener\" href=\"https:\/\/tchadinfos.com\/#x\"><\/a><a target=\"_blank\" rel=\"noreferrer noopener\" href=\"https:\/\/tchadinfos.com\/#linkedin\"><\/a><a target=\"_blank\" rel=\"noreferrer noopener\" href=\"https:\/\/tchadinfos.com\/#whatsapp\"><\/a><a target=\"_blank\" rel=\"noreferrer noopener\" href=\"https:\/\/tchadinfos.com\/#telegram\"><\/a><a target=\"_blank\" rel=\"noreferrer noopener\" href=\"https:\/\/tchadinfos.com\/#email\"><\/a><a href=\"https:\/\/www.addtoany.com\/share#url=https%3A%2F%2Ftchadinfos.com%2F2025%2F09%2F27%2Fune-nouvelle-force-mixte-pour-securiser-la-frontiere-tchad-republique-centrafricaine%2F&amp;title=Une%20nouvelle%20force%20mixte%20pour%20s%C3%A9curiser%20la%20fronti%C3%A8re%20Tchad%E2%80%93R%C3%A9publique%20centrafricaine%20-%20Tchadinfos\"><\/a><\/p>\n\n\n\n<p><\/p>\n","protected":false},"excerpt":{"rendered":"<p>tchadinfos.com Ce samedi 27 septembre 2025, les autorit\u00e9s tchadiennes et centrafricaines se sont retrouv\u00e9es pour officialiser l\u2019installation de la force mixte Tchad\u2013RCA. La c\u00e9r\u00e9monie s\u2019est d\u00e9roul\u00e9e \u00e0 la place de l\u2019Ind\u00e9pendance de Sarh. Cette initiative marque une \u00e9tape importante dans la coop\u00e9ration entre les deux pays, d\u00e9termin\u00e9s \u00e0 prot\u00e9ger leur fronti\u00e8re commune. La c\u00e9r\u00e9monie a [&hellip;]<\/p>\n","protected":false},"author":2,"featured_media":62848,"comment_status":"open","ping_status":"open","sticky":false,"template":"","format":"standard","meta":{"footnotes":""},"categories":[1447],"tags":[],"class_list":["post-62847","post","type-post","status-publish","format-standard","has-post-thumbnail","hentry","category-afrique"],"_links":{"self":[{"href":"https:\/\/lestracesdelinfo.com\/index.php\/wp-json\/wp\/v2\/posts\/62847","targetHints":{"allow":["GET"]}}],"collection":[{"href":"https:\/\/lestracesdelinfo.com\/index.php\/wp-json\/wp\/v2\/posts"}],"about":[{"href":"https:\/\/lestracesdelinfo.com\/index.php\/wp-json\/wp\/v2\/types\/post"}],"author":[{"embeddable":true,"href":"https:\/\/lestracesdelinfo.com\/index.php\/wp-json\/wp\/v2\/users\/2"}],"replies":[{"embeddable":true,"href":"https:\/\/lestracesdelinfo.com\/index.php\/wp-json\/wp\/v2\/comments?post=62847"}],"version-history":[{"count":1,"href":"https:\/\/lestracesdelinfo.com\/index.php\/wp-json\/wp\/v2\/posts\/62847\/revisions"}],"predecessor-version":[{"id":62849,"href":"https:\/\/lestracesdelinfo.com\/index.php\/wp-json\/wp\/v2\/posts\/62847\/revisions\/62849"}],"wp:featuredmedia":[{"embeddable":true,"href":"https:\/\/lestracesdelinfo.com\/index.php\/wp-json\/wp\/v2\/media\/62848"}],"wp:attachment":[{"href":"https:\/\/lestracesdelinfo.com\/index.php\/wp-json\/wp\/v2\/media?parent=62847"}],"wp:term":[{"taxonomy":"category","embeddable":true,"href":"https:\/\/lestracesdelinfo.com\/index.php\/wp-json\/wp\/v2\/categories?post=62847"},{"taxonomy":"post_tag","embeddable":true,"href":"https:\/\/lestracesdelinfo.com\/index.php\/wp-json\/wp\/v2\/tags?post=62847"}],"curies":[{"name":"wp","href":"https:\/\/api.w.org\/{rel}","templated":true}]}}