{"id":62850,"date":"2025-09-28T09:53:15","date_gmt":"2025-09-28T09:53:15","guid":{"rendered":"https:\/\/lestracesdelinfo.com\/?p=62850"},"modified":"2025-09-28T09:53:16","modified_gmt":"2025-09-28T09:53:16","slug":"cameroun-debut-de-la-campagne-electorale-pour-la-presidentielle-du-12-octobre","status":"publish","type":"post","link":"https:\/\/lestracesdelinfo.com\/index.php\/2025\/09\/28\/cameroun-debut-de-la-campagne-electorale-pour-la-presidentielle-du-12-octobre\/","title":{"rendered":"Cameroun : d\u00e9but de la campagne \u00e9lectorale pour la pr\u00e9sidentielle du 12 octobre"},"content":{"rendered":"\n<figure class=\"wp-block-image size-full\"><img loading=\"lazy\" decoding=\"async\" width=\"500\" height=\"333\" src=\"https:\/\/lestracesdelinfo.com\/wp-content\/uploads\/2025\/09\/image-10.png\" alt=\"\" class=\"wp-image-62851\" srcset=\"https:\/\/lestracesdelinfo.com\/wp-content\/uploads\/2025\/09\/image-10.png 500w, https:\/\/lestracesdelinfo.com\/wp-content\/uploads\/2025\/09\/image-10-300x200.png 300w\" sizes=\"auto, (max-width: 500px) 100vw, 500px\" \/><\/figure>\n\n\n\n<p>L\u2019\u00e9lection pr\u00e9sidentielle au <strong>Cameroun aura lieu le 12 octobre p<\/strong>rochain.\u00a0La campagne \u00e9lectorale commence ce samedi <strong>27 septembre 2025.<\/strong><\/p>\n\n\n\n<p><strong>12 candidats sont en lice dont le pr\u00e9sident sortant, Paul Biya, au pouvoir depuis 43 ans. <\/strong><\/p>\n\n\n\n<p>Parmi ses challengers, il y a ses anciens ministres, qui ont d\u00e9missionn\u00e9 quelques mois avant ce scrutin, <strong>Issa Tchiroma Bakary et Bello Bouba Maigari.<\/strong> Il y a aussi <strong>Cabral Libii, arriv\u00e9 3e en 2018, Joshua Osih du SDF ou encore l\u2019avocat Akere Muna.<\/strong><\/p>\n\n\n\n<p><a target=\"_blank\" rel=\"noreferrer noopener\" href=\"https:\/\/tchadinfos.com\/#facebook\"><\/a><a target=\"_blank\" rel=\"noreferrer noopener\" href=\"https:\/\/tchadinfos.com\/#facebook\"><\/a><a target=\"_blank\" rel=\"noreferrer noopener\" href=\"https:\/\/tchadinfos.com\/#x\"><\/a><a target=\"_blank\" rel=\"noreferrer noopener\" href=\"https:\/\/tchadinfos.com\/#linkedin\"><\/a><a target=\"_blank\" rel=\"noreferrer noopener\" href=\"https:\/\/tchadinfos.com\/#whatsapp\"><\/a><a target=\"_blank\" rel=\"noreferrer noopener\" href=\"https:\/\/tchadinfos.com\/#telegram\"><\/a><a target=\"_blank\" rel=\"noreferrer noopener\" href=\"https:\/\/tchadinfos.com\/#email\"><\/a><a href=\"https:\/\/www.addtoany.com\/share#url=https%3A%2F%2Ftchadinfos.com%2F2025%2F09%2F27%2Fcameroun-debut-de-la-campagne-electorale-pour-la-presidentielle-du-12-octobre%2F&amp;title=Cameroun%20%3A%20d%C3%A9but%20de%20la%20campagne%20%C3%A9lectorale%20pour%20la%20pr%C3%A9sidentielle%20du%2012%20octobre%20-%20Tchadinfos\"><\/a><\/p>\n","protected":false},"excerpt":{"rendered":"<p>L\u2019\u00e9lection pr\u00e9sidentielle au Cameroun aura lieu le 12 octobre prochain.\u00a0La campagne \u00e9lectorale commence ce samedi 27 septembre 2025. 12 candidats sont en lice dont le pr\u00e9sident sortant, Paul Biya, au pouvoir depuis 43 ans. Parmi ses challengers, il y a ses anciens ministres, qui ont d\u00e9missionn\u00e9 quelques mois avant ce scrutin, Issa Tchiroma Bakary et [&hellip;]<\/p>\n","protected":false},"author":2,"featured_media":62852,"comment_status":"open","ping_status":"open","sticky":false,"template":"","format":"standard","meta":{"footnotes":""},"categories":[1447],"tags":[],"class_list":["post-62850","post","type-post","status-publish","format-standard","has-post-thumbnail","hentry","category-afrique"],"_links":{"self":[{"href":"https:\/\/lestracesdelinfo.com\/index.php\/wp-json\/wp\/v2\/posts\/62850","targetHints":{"allow":["GET"]}}],"collection":[{"href":"https:\/\/lestracesdelinfo.com\/index.php\/wp-json\/wp\/v2\/posts"}],"about":[{"href":"https:\/\/lestracesdelinfo.com\/index.php\/wp-json\/wp\/v2\/types\/post"}],"author":[{"embeddable":true,"href":"https:\/\/lestracesdelinfo.com\/index.php\/wp-json\/wp\/v2\/users\/2"}],"replies":[{"embeddable":true,"href":"https:\/\/lestracesdelinfo.com\/index.php\/wp-json\/wp\/v2\/comments?post=62850"}],"version-history":[{"count":1,"href":"https:\/\/lestracesdelinfo.com\/index.php\/wp-json\/wp\/v2\/posts\/62850\/revisions"}],"predecessor-version":[{"id":62853,"href":"https:\/\/lestracesdelinfo.com\/index.php\/wp-json\/wp\/v2\/posts\/62850\/revisions\/62853"}],"wp:featuredmedia":[{"embeddable":true,"href":"https:\/\/lestracesdelinfo.com\/index.php\/wp-json\/wp\/v2\/media\/62852"}],"wp:attachment":[{"href":"https:\/\/lestracesdelinfo.com\/index.php\/wp-json\/wp\/v2\/media?parent=62850"}],"wp:term":[{"taxonomy":"category","embeddable":true,"href":"https:\/\/lestracesdelinfo.com\/index.php\/wp-json\/wp\/v2\/categories?post=62850"},{"taxonomy":"post_tag","embeddable":true,"href":"https:\/\/lestracesdelinfo.com\/index.php\/wp-json\/wp\/v2\/tags?post=62850"}],"curies":[{"name":"wp","href":"https:\/\/api.w.org\/{rel}","templated":true}]}}