{"id":62857,"date":"2025-09-29T09:15:11","date_gmt":"2025-09-29T09:15:11","guid":{"rendered":"https:\/\/lestracesdelinfo.com\/?p=62857"},"modified":"2025-09-29T09:15:42","modified_gmt":"2025-09-29T09:15:42","slug":"marche-de-lopposition-a-abidjan-le-4-octobre","status":"publish","type":"post","link":"https:\/\/lestracesdelinfo.com\/index.php\/2025\/09\/29\/marche-de-lopposition-a-abidjan-le-4-octobre\/","title":{"rendered":"Marche de l\u2019opposition \u00e0 Abidjan le 4 octobre"},"content":{"rendered":"\n<p><img loading=\"lazy\" decoding=\"async\" width=\"32\" height=\"32\" srcset=\"https:\/\/fr.apanews.net\/wp-content\/uploads\/sites\/2\/2023\/09\/APA-Ico-48x48.png 48w, https:\/\/fr.apanews.net\/wp-content\/uploads\/sites\/2\/2023\/09\/APA-Ico-300x300.png 300w, https:\/\/fr.apanews.net\/wp-content\/uploads\/sites\/2\/2023\/09\/APA-Ico-150x150.png 150w, https:\/\/fr.apanews.net\/wp-content\/uploads\/sites\/2\/2023\/09\/APA-Ico-70x70.png 70w, https:\/\/fr.apanews.net\/wp-content\/uploads\/sites\/2\/2023\/09\/APA-Ico-450x450.png 450w, https:\/\/fr.apanews.net\/wp-content\/uploads\/sites\/2\/2023\/09\/APA-Ico-24x24.png 24w, https:\/\/fr.apanews.net\/wp-content\/uploads\/sites\/2\/2023\/09\/APA-Ico-96x96.png 96w, https:\/\/fr.apanews.net\/wp-content\/uploads\/sites\/2\/2023\/09\/APA-Ico.png 512w\" src=\"https:\/\/fr.apanews.net\/wp-content\/uploads\/sites\/2\/2023\/09\/APA-Ico-48x48.png\" alt=\"APA-Abidjan (C\u00f4te d 'ivoire)\"><a>APA-Abidjan (C\u00f4te d &lsquo;ivo<\/a>ire)<\/p>\n\n\n\n<figure class=\"wp-block-image size-full\"><img loading=\"lazy\" decoding=\"async\" width=\"1024\" height=\"768\" src=\"https:\/\/lestracesdelinfo.com\/wp-content\/uploads\/2025\/09\/image-11.png\" alt=\"\" class=\"wp-image-62859\" srcset=\"https:\/\/lestracesdelinfo.com\/wp-content\/uploads\/2025\/09\/image-11.png 1024w, https:\/\/lestracesdelinfo.com\/wp-content\/uploads\/2025\/09\/image-11-300x225.png 300w, https:\/\/lestracesdelinfo.com\/wp-content\/uploads\/2025\/09\/image-11-768x576.png 768w\" sizes=\"auto, (max-width: 1024px) 100vw, 1024px\" \/><\/figure>\n\n\n\n<p><a href=\"https:\/\/www.facebook.com\/sharer.php?u=https%3A%2F%2Ffr.apanews.net%2Fcote-divoire%2Fmarche-de-lopposition-a-abidjan-le-4-octobre%2F\" target=\"_blank\" rel=\"noreferrer noopener\"><\/a><a href=\"https:\/\/twitter.com\/intent\/tweet?url=https%3A%2F%2Ffr.apanews.net%2Fcote-divoire%2Fmarche-de-lopposition-a-abidjan-le-4-octobre%2F&amp;text=Marche%20de%20l%E2%80%99opposition%20%C3%A0%20Abidjan%20le%204%20octobre\" target=\"_blank\" rel=\"noreferrer noopener\"><\/a><a href=\"https:\/\/wa.me\/?text=Marche%20de%20l%E2%80%99opposition%20%C3%A0%20Abidjan%20le%204%20octobre%20https%3A%2F%2Ffr.apanews.net%2Fcote-divoire%2Fmarche-de-lopposition-a-abidjan-le-4-octobre%2F\" target=\"_blank\" rel=\"noreferrer noopener\"><\/a><a href=\"mailto:?subject=Marche%20de%20l%E2%80%99opposition%20%C3%A0%20Abidjan%20le%204%20octobre&amp;body=https%3A%2F%2Ffr.apanews.net%2Fcote-divoire%2Fmarche-de-lopposition-a-abidjan-le-4-octobre%2F\" target=\"_blank\" rel=\"noreferrer noopener\"><\/a><a href=\"https:\/\/www.linkedin.com\/shareArticle?mini=true&amp;url=https%3A%2F%2Ffr.apanews.net%2Fcote-divoire%2Fmarche-de-lopposition-a-abidjan-le-4-octobre%2F\" target=\"_blank\" rel=\"noreferrer noopener\"><\/a><a href=\"https:\/\/t.me\/share\/url?url=https%3A%2F%2Ffr.apanews.net%2Fcote-divoire%2Fmarche-de-lopposition-a-abidjan-le-4-octobre%2F&amp;title=Marche%20de%20l%E2%80%99opposition%20%C3%A0%20Abidjan%20le%204%20octobre\" target=\"_blank\" rel=\"noreferrer noopener\"><\/a><strong>Dans le cadre de la mobilisation pour le 4 octobre, jour de la grande marche du Front commun, regroupant le PPA-CI, parti de Laurent Gbagbo, et le PDCI, le vice-pr\u00e9sident ex\u00e9cutif du PPA-CI, Michel Gbagbo \u00e9tait ce samedi 27 septembre dans la commune d\u2019Abobo, dans le Nord d\u2019Abidjan.<\/strong><\/p>\n\n\n\n<p>Michel Gbagbo qui arborait un t-shirt sur lequel \u00e9tait \u00e9crit \u00ab&nbsp;<em>Trop c\u2019est trop<\/em>&nbsp;\u00bb, un mouvement cr\u00e9\u00e9 par le PPA-CI pour d\u00e9noncer les tares de la soci\u00e9t\u00e9, a assur\u00e9 que cette marche du Front commun PPA-CI et PDCI se tiendra le samedi 4 octobre 2025, \u00e0 Abidjan.<\/p>\n\n\n\n<p>Devant des dizaines de militants et sympathisants de l\u2019opposition, il a donn\u00e9 les raisons de cette manifestation, sollicitant leur engagement total dans ce combat d\u00e9mocratique, avant de les appeler \u00e0 une d\u00e9monstration de force le 4 octobre prochain.<\/p>\n\n\n\n<p>Il a appel\u00e9 \u00e0 un rassemblement massif des militants pour \u00ab&nbsp;<em>dire non<\/em>&nbsp;\u00bb \u00e0 la candidature du pr\u00e9sident du RHDP, Alassane Ouattara, qui est en lice pour un quatri\u00e8me mandat que l\u2019opposition juge anticonstitutionnel. L\u2019\u00e9lection pr\u00e9sidentielle ivoirienne se tient le 25 octobre 2025, soit dans un mois.<\/p>\n\n\n\n<p>La rencontre a enregistr\u00e9 la pr\u00e9sence du secr\u00e9taire g\u00e9n\u00e9ral adjoint du PPA-CI, Patrick Mangon\u00e9 Bi. Les militants, ont rassur\u00e9 l\u2019\u00e9missaire de la direction du parti. Ce dimanche 28 septembre 2025, Michel Gbagbo \u00e9tait \u00e0 Port-Bou\u00ebt, pr\u00e9cis\u00e9ment \u00e0 Gonzagueville dans le cadre de cette mobilisation.<\/p>\n\n\n\n<p>A Port-Bou\u00ebt, commune baln\u00e9aire dans le Sud d\u2019Abidjan, la r\u00e9union s\u2019est tenue en pr\u00e9sence de cadres de partis politiques, notamment le Front populaire ivoirien (FPI), Lider, le PDCI, ainsi que des \u00ab&nbsp;<em>parlements, agoras et diverses associations&nbsp;<\/em>\u00bb.<\/p>\n\n\n\n<p>Il a d\u00e9clar\u00e9 que cette marche vise \u00e9galement \u00e0 d\u00e9noncer le rejet de la candidature des diff\u00e9rents leaders de l\u2019opposition, dont Laurent Gbagbo, Tidjane Thiam, M. Affi N\u2019Guessan; et \u00e0 appeler \u00e0 la mise en place des conditions d\u2019une \u00e9lection inclusive, d\u00e9mocratique et apais\u00e9e.<\/p>\n\n\n\n<p>Le d\u00e9put\u00e9 de Yopougon (Sud Abidjan), Michel Gbagbo a lanc\u00e9 que la C\u00f4te d\u2019Ivoire a besoin de paix et que le pouvoir a l\u2019obligation de cr\u00e9er un climat de s\u00e9r\u00e9nit\u00e9. Il a indiqu\u00e9 que l\u2019itin\u00e9raire de ce grand rassemblement sera communiqu\u00e9 lors d\u2019une conf\u00e9rence de presse qui sera anim\u00e9e ult\u00e9rieurement.<\/p>\n\n\n\n<p><strong>AP\/Sf\/APA<\/strong><\/p>\n","protected":false},"excerpt":{"rendered":"<p>APA-Abidjan (C\u00f4te d &lsquo;ivoire) Dans le cadre de la mobilisation pour le 4 octobre, jour de la grande marche du Front commun, regroupant le PPA-CI, parti de Laurent Gbagbo, et le PDCI, le vice-pr\u00e9sident ex\u00e9cutif du PPA-CI, Michel Gbagbo \u00e9tait ce samedi 27 septembre dans la commune d\u2019Abobo, dans le Nord d\u2019Abidjan. Michel Gbagbo qui [&hellip;]<\/p>\n","protected":false},"author":2,"featured_media":62858,"comment_status":"open","ping_status":"open","sticky":false,"template":"","format":"standard","meta":{"footnotes":""},"categories":[1447],"tags":[],"class_list":["post-62857","post","type-post","status-publish","format-standard","has-post-thumbnail","hentry","category-afrique"],"_links":{"self":[{"href":"https:\/\/lestracesdelinfo.com\/index.php\/wp-json\/wp\/v2\/posts\/62857","targetHints":{"allow":["GET"]}}],"collection":[{"href":"https:\/\/lestracesdelinfo.com\/index.php\/wp-json\/wp\/v2\/posts"}],"about":[{"href":"https:\/\/lestracesdelinfo.com\/index.php\/wp-json\/wp\/v2\/types\/post"}],"author":[{"embeddable":true,"href":"https:\/\/lestracesdelinfo.com\/index.php\/wp-json\/wp\/v2\/users\/2"}],"replies":[{"embeddable":true,"href":"https:\/\/lestracesdelinfo.com\/index.php\/wp-json\/wp\/v2\/comments?post=62857"}],"version-history":[{"count":1,"href":"https:\/\/lestracesdelinfo.com\/index.php\/wp-json\/wp\/v2\/posts\/62857\/revisions"}],"predecessor-version":[{"id":62860,"href":"https:\/\/lestracesdelinfo.com\/index.php\/wp-json\/wp\/v2\/posts\/62857\/revisions\/62860"}],"wp:featuredmedia":[{"embeddable":true,"href":"https:\/\/lestracesdelinfo.com\/index.php\/wp-json\/wp\/v2\/media\/62858"}],"wp:attachment":[{"href":"https:\/\/lestracesdelinfo.com\/index.php\/wp-json\/wp\/v2\/media?parent=62857"}],"wp:term":[{"taxonomy":"category","embeddable":true,"href":"https:\/\/lestracesdelinfo.com\/index.php\/wp-json\/wp\/v2\/categories?post=62857"},{"taxonomy":"post_tag","embeddable":true,"href":"https:\/\/lestracesdelinfo.com\/index.php\/wp-json\/wp\/v2\/tags?post=62857"}],"curies":[{"name":"wp","href":"https:\/\/api.w.org\/{rel}","templated":true}]}}