{"id":62867,"date":"2025-09-30T09:22:24","date_gmt":"2025-09-30T09:22:24","guid":{"rendered":"https:\/\/lestracesdelinfo.com\/?p=62867"},"modified":"2025-09-30T09:22:55","modified_gmt":"2025-09-30T09:22:55","slug":"madagascar-rajoelina-limoge-son-gouvernement-apres-22-morts","status":"publish","type":"post","link":"https:\/\/lestracesdelinfo.com\/index.php\/2025\/09\/30\/madagascar-rajoelina-limoge-son-gouvernement-apres-22-morts\/","title":{"rendered":"Madagascar : Rajoelina limoge son gouvernement apr\u00e8s 22 morts"},"content":{"rendered":"\n<p><img loading=\"lazy\" decoding=\"async\" width=\"32\" height=\"32\" src=\"https:\/\/fr.apanews.net\/wp-content\/uploads\/sites\/2\/2023\/09\/APA-Ico-48x48.png\" alt=\"APA-Antananarivo (Madagascar)\" srcset=\"https:\/\/fr.apanews.net\/wp-content\/uploads\/sites\/2\/2023\/09\/APA-Ico-48x48.png 48w, https:\/\/fr.apanews.net\/wp-content\/uploads\/sites\/2\/2023\/09\/APA-Ico-300x300.png 300w, https:\/\/fr.apanews.net\/wp-content\/uploads\/sites\/2\/2023\/09\/APA-Ico-150x150.png 150w, https:\/\/fr.apanews.net\/wp-content\/uploads\/sites\/2\/2023\/09\/APA-Ico-70x70.png 70w, https:\/\/fr.apanews.net\/wp-content\/uploads\/sites\/2\/2023\/09\/APA-Ico-450x450.png 450w, https:\/\/fr.apanews.net\/wp-content\/uploads\/sites\/2\/2023\/09\/APA-Ico-24x24.png 24w, https:\/\/fr.apanews.net\/wp-content\/uploads\/sites\/2\/2023\/09\/APA-Ico-96x96.png 96w, https:\/\/fr.apanews.net\/wp-content\/uploads\/sites\/2\/2023\/09\/APA-Ico.png 512w\"><a>APA-Antananarivo (Madagascar)<\/a>30 septembre 2025 | 08:46<\/p>\n\n\n\n<figure class=\"wp-block-image\"><img decoding=\"async\" src=\"https:\/\/fr.apanews.net\/wp-content\/uploads\/sites\/2\/2025\/09\/RAJAOLINA-1024x538.png\" alt=\"\" title=\"Madagascar : Rajoelina limoge son gouvernement apr\u00e8s 22 morts\"\/><\/figure>\n\n\n\n<p><a href=\"https:\/\/www.facebook.com\/sharer.php?u=https%3A%2F%2Ffr.apanews.net%2Fnews%2Fmadagascar-rajoelina-limoge-son-gouvernement-apres-22-morts%2F\" target=\"_blank\" rel=\"noreferrer noopener\"><\/a><a href=\"https:\/\/twitter.com\/intent\/tweet?url=https%3A%2F%2Ffr.apanews.net%2Fnews%2Fmadagascar-rajoelina-limoge-son-gouvernement-apres-22-morts%2F&amp;text=Madagascar%20%3A%20Rajoelina%20limoge%20son%20gouvernement%20apr%C3%A8s%2022%20morts\" target=\"_blank\" rel=\"noreferrer noopener\"><\/a><a href=\"https:\/\/wa.me\/?text=Madagascar%20%3A%20Rajoelina%20limoge%20son%20gouvernement%20apr%C3%A8s%2022%20morts%20https%3A%2F%2Ffr.apanews.net%2Fnews%2Fmadagascar-rajoelina-limoge-son-gouvernement-apres-22-morts%2F\" target=\"_blank\" rel=\"noreferrer noopener\"><\/a><a href=\"mailto:?subject=Madagascar%20%3A%20Rajoelina%20limoge%20son%20gouvernement%20apr%C3%A8s%2022%20morts&amp;body=https%3A%2F%2Ffr.apanews.net%2Fnews%2Fmadagascar-rajoelina-limoge-son-gouvernement-apres-22-morts%2F\" target=\"_blank\" rel=\"noreferrer noopener\"><\/a><a href=\"https:\/\/www.linkedin.com\/shareArticle?mini=true&amp;url=https%3A%2F%2Ffr.apanews.net%2Fnews%2Fmadagascar-rajoelina-limoge-son-gouvernement-apres-22-morts%2F\" target=\"_blank\" rel=\"noreferrer noopener\"><\/a><a href=\"https:\/\/t.me\/share\/url?url=https%3A%2F%2Ffr.apanews.net%2Fnews%2Fmadagascar-rajoelina-limoge-son-gouvernement-apres-22-morts%2F&amp;title=Madagascar%20%3A%20Rajoelina%20limoge%20son%20gouvernement%20apr%C3%A8s%2022%20morts\" target=\"_blank\" rel=\"noreferrer noopener\"><\/a><\/p>\n\n\n\n<p><strong>Le pr\u00e9sident malgache Andry Rajoelina a annonc\u00e9 lundi soir la dissolution de son gouvernement, incluant le Premier ministre Christian Ntsay, alors que des manifestations ont fait au moins 22 morts selon le Haut-Commissariat des Nations Unies aux droits de l\u2019homme, bilan contest\u00e9 par le minist\u00e8re des Affaires \u00e9trang\u00e8res.&nbsp;<\/strong><\/p>\n\n\n\n<p>Confront\u00e9 \u00e0 une vague de manifestations violentes qui ont \u00e9branl\u00e9 Madagascar depuis le 25 septembre, le pr\u00e9sident Andry Rajoelina a proc\u00e9d\u00e9 \u00e0 la dissolution de l\u2019ensemble de son gouvernement, y compris le Premier ministre Christian Ntsay, qui occupait ce poste depuis 2018. Les ministres sortants assureront la gestion des affaires courantes jusqu\u2019\u00e0 la mise en place d\u2019un nouvel ex\u00e9cutif.<\/p>\n\n\n\n<p>La capitale Antananarivo, ainsi que d\u2019autres villes dont Antsirab\u00e9 et Toamasina, ont \u00e9t\u00e9 le th\u00e9\u00e2tre de manifestations d\u00e9clench\u00e9es par des coupures r\u00e9currentes d\u2019eau et d\u2019\u00e9lectricit\u00e9. Si&nbsp;<em>France Info<\/em>&nbsp;avait initialement fait \u00e9tat de six morts en citant une source hospitali\u00e8re, le bilan s\u2019est consid\u00e9rablement alourdi. Le Haut-Commissariat des Nations Unies aux droits de l\u2019homme recense d\u00e9sormais au moins 22 morts et plus de 100 bless\u00e9s depuis le d\u00e9but des manifestations. Ces chiffres ne sont, pour le moment, pas reconnus par le gouvernement. Mais selon l\u2019ONU, certaines victimes ont \u00e9t\u00e9 atteintes par des tirs des forces de s\u00e9curit\u00e9, tandis que d\u2019autres ont succomb\u00e9 lors de pillages et de violences en marge des rassemblements. D\u2019importants d\u00e9g\u00e2ts mat\u00e9riels ont \u00e9galement \u00e9t\u00e9 enregistr\u00e9s, poussant les autorit\u00e9s \u00e0 imposer un couvre-feu nocturne.<\/p>\n\n\n\n<p>Volker T\u00fcrk, Haut-Commissaire aux droits de l\u2019homme, a condamn\u00e9 une \u00ab&nbsp;<em>r\u00e9ponse violente et non n\u00e9cessaire<\/em>&nbsp;\u00bb des forces de s\u00e9curit\u00e9.<\/p>\n\n\n\n<p>Ces manifestations, largement diffus\u00e9es sur les r\u00e9seaux sociaux et incarn\u00e9es par le mouvement \u00ab&nbsp;<em>Leo D\u00e9lestage<\/em>&nbsp;\u00bb, traduisent l\u2019exasp\u00e9ration d\u2019une jeunesse mobilis\u00e9e face aux p\u00e9nuries \u00e9nerg\u00e9tiques et hydriques qui perturbent gravement le quotidien des Malgaches.<\/p>\n\n\n\n<p>La Communaut\u00e9 de d\u00e9veloppement de l\u2019Afrique australe (SADC) a exprim\u00e9 sa \u00ab&nbsp;<em>profonde pr\u00e9occupation<\/em>&nbsp;\u00bb et r\u00e9affirm\u00e9 son soutien au gouvernement et au peuple malgache pour \u00ab<em>&nbsp;restaurer la paix et la stabilit\u00e9<\/em>&nbsp;\u00bb tout en prot\u00e9geant \u00ab<em>&nbsp;la s\u00e9curit\u00e9, la dignit\u00e9 et le bien-\u00eatre de tous les citoyens<\/em>&nbsp;\u00bb. De son c\u00f4t\u00e9, le pr\u00e9sident de la Commission de l\u2019Union africaine (UA), Mahmoud Ali Youssouf, appelle \u00ab&nbsp;<em>\u00e0 la retenue et au dialogue<\/em>&nbsp;\u00bb et r\u00e9it\u00e8re l\u2019engagement de l\u2019UA \u00e0 collaborer avec Madagascar et la SADC pour apaiser les tensions et identifier des solutions durables.<\/p>\n\n\n\n<p>En d\u00e9pit de la dissolution du gouvernement et des mesures annonc\u00e9es par le pr\u00e9sident Rajoelina, la situation demeure tendue dans la capitale et dans plusieurs autres villes. Cette crise met en lumi\u00e8re les d\u00e9fis structurels de Madagascar, l\u2019un des pays les plus pauvres au monde, qui fait face \u00e0 une crise \u00e9nerg\u00e9tique et hydrique chronique aggrav\u00e9e par des d\u00e9faillances dans la gouvernance.<\/p>\n\n\n\n<p><strong>AC\/Sf\/APA<\/strong><\/p>\n","protected":false},"excerpt":{"rendered":"<p>APA-Antananarivo (Madagascar)30 septembre 2025 | 08:46 Le pr\u00e9sident malgache Andry Rajoelina a annonc\u00e9 lundi soir la dissolution de son gouvernement, incluant le Premier ministre Christian Ntsay, alors que des manifestations ont fait au moins 22 morts selon le Haut-Commissariat des Nations Unies aux droits de l\u2019homme, bilan contest\u00e9 par le minist\u00e8re des Affaires \u00e9trang\u00e8res.&nbsp; Confront\u00e9 [&hellip;]<\/p>\n","protected":false},"author":2,"featured_media":62868,"comment_status":"open","ping_status":"open","sticky":false,"template":"","format":"standard","meta":{"footnotes":""},"categories":[1447],"tags":[],"class_list":["post-62867","post","type-post","status-publish","format-standard","has-post-thumbnail","hentry","category-afrique"],"_links":{"self":[{"href":"https:\/\/lestracesdelinfo.com\/index.php\/wp-json\/wp\/v2\/posts\/62867","targetHints":{"allow":["GET"]}}],"collection":[{"href":"https:\/\/lestracesdelinfo.com\/index.php\/wp-json\/wp\/v2\/posts"}],"about":[{"href":"https:\/\/lestracesdelinfo.com\/index.php\/wp-json\/wp\/v2\/types\/post"}],"author":[{"embeddable":true,"href":"https:\/\/lestracesdelinfo.com\/index.php\/wp-json\/wp\/v2\/users\/2"}],"replies":[{"embeddable":true,"href":"https:\/\/lestracesdelinfo.com\/index.php\/wp-json\/wp\/v2\/comments?post=62867"}],"version-history":[{"count":1,"href":"https:\/\/lestracesdelinfo.com\/index.php\/wp-json\/wp\/v2\/posts\/62867\/revisions"}],"predecessor-version":[{"id":62869,"href":"https:\/\/lestracesdelinfo.com\/index.php\/wp-json\/wp\/v2\/posts\/62867\/revisions\/62869"}],"wp:featuredmedia":[{"embeddable":true,"href":"https:\/\/lestracesdelinfo.com\/index.php\/wp-json\/wp\/v2\/media\/62868"}],"wp:attachment":[{"href":"https:\/\/lestracesdelinfo.com\/index.php\/wp-json\/wp\/v2\/media?parent=62867"}],"wp:term":[{"taxonomy":"category","embeddable":true,"href":"https:\/\/lestracesdelinfo.com\/index.php\/wp-json\/wp\/v2\/categories?post=62867"},{"taxonomy":"post_tag","embeddable":true,"href":"https:\/\/lestracesdelinfo.com\/index.php\/wp-json\/wp\/v2\/tags?post=62867"}],"curies":[{"name":"wp","href":"https:\/\/api.w.org\/{rel}","templated":true}]}}