{"id":62870,"date":"2025-09-30T09:28:03","date_gmt":"2025-09-30T09:28:03","guid":{"rendered":"https:\/\/lestracesdelinfo.com\/?p=62870"},"modified":"2025-09-30T09:28:06","modified_gmt":"2025-09-30T09:28:06","slug":"mali-bamako-saisit-la-cour-internationale-de-justice-contre-lalgerie","status":"publish","type":"post","link":"https:\/\/lestracesdelinfo.com\/index.php\/2025\/09\/30\/mali-bamako-saisit-la-cour-internationale-de-justice-contre-lalgerie\/","title":{"rendered":"Mali : Bamako saisit la Cour internationale de Justice contre l\u2019Alg\u00e9rie"},"content":{"rendered":"\n<p><strong>Sahel -intelligence.com<\/strong><\/p>\n\n\n\n<figure class=\"wp-block-image size-full\"><img loading=\"lazy\" decoding=\"async\" width=\"752\" height=\"440\" src=\"https:\/\/lestracesdelinfo.com\/wp-content\/uploads\/2025\/09\/image-12.png\" alt=\"\" class=\"wp-image-62871\" srcset=\"https:\/\/lestracesdelinfo.com\/wp-content\/uploads\/2025\/09\/image-12.png 752w, https:\/\/lestracesdelinfo.com\/wp-content\/uploads\/2025\/09\/image-12-300x176.png 300w\" sizes=\"auto, (max-width: 752px) 100vw, 752px\" \/><\/figure>\n\n\n\n<p>Le gouvernement malien avait annonc\u00e9 avoir d\u00e9pos\u00e9 une requ\u00eate introductive d\u2019instance aupr\u00e8s de la Cour internationale de Justice (CIJ) contre l\u2019Alg\u00e9rie, l\u2019accusant d\u2019actes hostiles li\u00e9s \u00e0 la destruction d\u2019un drone malien.<\/p>\n\n\n\n<p>L\u2019annonce a \u00e9t\u00e9 faite par le Premier ministre Abdoulaye Ma\u00efga, qui s\u2019exprimait au nom de la Conf\u00e9d\u00e9ration des Etats du Sahel (AES) lors de la 80\u1d49 Assembl\u00e9e g\u00e9n\u00e9rale des Nations unies.&nbsp;<\/p>\n\n\n\n<p>Dans son discours, il a d\u00e9nonc\u00e9 l\u2019attitude d\u2019Alger, accus\u00e9e de \u00ab soutenir des actions terroristes, d\u00e9stabilisatrices \u00bb et de nuire aux efforts r\u00e9gionaux de lutte contre le terrorisme.<\/p>\n\n\n\n<p>Selon Bamako, la destruction du drone constitue une violation grave de la souverainet\u00e9 nationale et un pr\u00e9c\u00e9dent dangereux pour la stabilit\u00e9 r\u00e9gionale. La CIJ est appel\u00e9e \u00e0 se prononcer sur la responsabilit\u00e9 de l\u2019Alg\u00e9rie dans cet incident.<\/p>\n\n\n\n<p>Le d\u00e9p\u00f4t de cette requ\u00eate s\u2019inscrit dans un climat de fortes tensions diplomatiques entre les deux pays. Alors que l\u2019Alliance des Etats du Sahel (AES), regroupant le Mali, le Burkina Faso et le Niger, affiche une volont\u00e9 de rupture avec ses anciens partenaires, accusant r\u00e9guli\u00e8rement Alger de s\u2019ing\u00e9rer dans ses affaires s\u00e9curitaires.<\/p>\n\n\n\n<p>Dans les coulisses de l\u2019ONU, le r\u00e9gime militaire alg\u00e9rien du g\u00e9n\u00e9ral Sa\u00efd Chengriha est accus\u00e9 d\u2019avoir d\u00e9p\u00each\u00e9 des unit\u00e9s sp\u00e9ciales vers le sud, avec pour objectif de semer l\u2019instabilit\u00e9 non seulement au Mali, mais dans tout le Sahel.<\/p>\n\n\n\n<p>L\u2019Alg\u00e9rie, m\u00e9diatrice historique dans le processus de paix malien, n\u2019a pas encore officiellement r\u00e9agi \u00e0 la d\u00e9marche engag\u00e9e par Bamako devant la justice internationale.<\/p>\n\n\n\n<p><strong>Sahel -intelligence.com<\/strong><\/p>\n\n\n\n<p><\/p>\n","protected":false},"excerpt":{"rendered":"<p>Sahel -intelligence.com Le gouvernement malien avait annonc\u00e9 avoir d\u00e9pos\u00e9 une requ\u00eate introductive d\u2019instance aupr\u00e8s de la Cour internationale de Justice (CIJ) contre l\u2019Alg\u00e9rie, l\u2019accusant d\u2019actes hostiles li\u00e9s \u00e0 la destruction d\u2019un drone malien. L\u2019annonce a \u00e9t\u00e9 faite par le Premier ministre Abdoulaye Ma\u00efga, qui s\u2019exprimait au nom de la Conf\u00e9d\u00e9ration des Etats du Sahel (AES) [&hellip;]<\/p>\n","protected":false},"author":2,"featured_media":62871,"comment_status":"open","ping_status":"open","sticky":false,"template":"","format":"standard","meta":{"footnotes":""},"categories":[1447],"tags":[],"class_list":["post-62870","post","type-post","status-publish","format-standard","has-post-thumbnail","hentry","category-afrique"],"_links":{"self":[{"href":"https:\/\/lestracesdelinfo.com\/index.php\/wp-json\/wp\/v2\/posts\/62870","targetHints":{"allow":["GET"]}}],"collection":[{"href":"https:\/\/lestracesdelinfo.com\/index.php\/wp-json\/wp\/v2\/posts"}],"about":[{"href":"https:\/\/lestracesdelinfo.com\/index.php\/wp-json\/wp\/v2\/types\/post"}],"author":[{"embeddable":true,"href":"https:\/\/lestracesdelinfo.com\/index.php\/wp-json\/wp\/v2\/users\/2"}],"replies":[{"embeddable":true,"href":"https:\/\/lestracesdelinfo.com\/index.php\/wp-json\/wp\/v2\/comments?post=62870"}],"version-history":[{"count":1,"href":"https:\/\/lestracesdelinfo.com\/index.php\/wp-json\/wp\/v2\/posts\/62870\/revisions"}],"predecessor-version":[{"id":62872,"href":"https:\/\/lestracesdelinfo.com\/index.php\/wp-json\/wp\/v2\/posts\/62870\/revisions\/62872"}],"wp:featuredmedia":[{"embeddable":true,"href":"https:\/\/lestracesdelinfo.com\/index.php\/wp-json\/wp\/v2\/media\/62871"}],"wp:attachment":[{"href":"https:\/\/lestracesdelinfo.com\/index.php\/wp-json\/wp\/v2\/media?parent=62870"}],"wp:term":[{"taxonomy":"category","embeddable":true,"href":"https:\/\/lestracesdelinfo.com\/index.php\/wp-json\/wp\/v2\/categories?post=62870"},{"taxonomy":"post_tag","embeddable":true,"href":"https:\/\/lestracesdelinfo.com\/index.php\/wp-json\/wp\/v2\/tags?post=62870"}],"curies":[{"name":"wp","href":"https:\/\/api.w.org\/{rel}","templated":true}]}}