{"id":62893,"date":"2025-10-01T09:37:28","date_gmt":"2025-10-01T09:37:28","guid":{"rendered":"https:\/\/lestracesdelinfo.com\/?p=62893"},"modified":"2025-10-01T09:37:59","modified_gmt":"2025-10-01T09:37:59","slug":"addis-abeba-accueille-la-premiere-rencontre-des-journalistes-africains-sur-les-femmes-la-paix-et-la-securite","status":"publish","type":"post","link":"https:\/\/lestracesdelinfo.com\/index.php\/2025\/10\/01\/addis-abeba-accueille-la-premiere-rencontre-des-journalistes-africains-sur-les-femmes-la-paix-et-la-securite\/","title":{"rendered":"Addis-Abeba accueille la premi\u00e8re rencontre des journalistes africains sur les femmes, la paix et la s\u00e9curit\u00e9"},"content":{"rendered":"\n<p><a href=\"https:\/\/tchadinfos.com\"><strong>tchadinfos.com<\/strong><\/a><\/p>\n\n\n\n<figure class=\"wp-block-image\"><img decoding=\"async\" src=\"https:\/\/tchadinfos.com\/wp-content\/uploads\/2025\/09\/WhatsApp-Image-2025-09-29-at-20.59.21-1080x654.jpeg\" alt=\"Addis-Abeba accueille la premi\u00e8re rencontre des journalistes africains sur les femmes, la paix et la s\u00e9curit\u00e9\"\/><\/figure>\n\n\n\n<p><strong>La Commission de l\u2019Union africaine, \u00e0 travers le Bureau de l\u2019Envoy\u00e9e sp\u00e9ciale sur les Femmes, la Paix et la S\u00e9curit\u00e9, a lanc\u00e9 ce lundi 29 septembre 2025, \u00e0 Addis Abeba en Ethiopie, la premi\u00e8re rencontre des journalistes africains sur les Femmes, la Paix et la S\u00e9curit\u00e9. Cet \u00e9v\u00e9nement de haut niveau rassemble une vingtaine de journalistes venus de plusieurs pays du continent.<\/strong><\/p>\n\n\n\n<p>L\u2019objectif de la rencontre est de partager des exp\u00e9riences, cr\u00e9er de nouveaux r\u00e9seaux professionnels et, surtout, mieux comprendre les m\u00e9canismes mis en place par l\u2019Union africaine pour promouvoir le leadership f\u00e9minin dans les processus de paix et de s\u00e9curit\u00e9.<\/p>\n\n\n\n<p>Plac\u00e9es sous le th\u00e8me \u00ab Renforcer l\u2019engagement des m\u00e9dias pour amplifier les voix des femmes dans la paix et la s\u00e9curit\u00e9 \u00e0 travers l\u2019Afrique \u00bb, les discussions mettent en lumi\u00e8re des instruments cl\u00e9s tels que le Cadre continental de r\u00e9sultats (AU-CRF) pour le suivi de l\u2019Agenda Femmes, Paix et S\u00e9curit\u00e9; le R\u00e9seau africain des femmes leaders (AWLN); ainsi que FemWise-Africa, initiative d\u00e9di\u00e9e \u00e0 la pr\u00e9vention et \u00e0 la m\u00e9diation des conflits par les femmes.<\/p>\n\n\n\n<p>Le Tchad est repr\u00e9sent\u00e9 par N\u00e9n\u00e9 Fatim\u00e9 Brahim, journaliste \u00e0 Tchadinfos, passionn\u00e9e par les questions de paix et de s\u00e9curit\u00e9. Elle se dit profond\u00e9ment satisfaite de cette premi\u00e8re journ\u00e9e de travail, qu\u2019elle d\u00e9crit comme riche en \u00e9changes et porteuse d\u2019espoir.<\/p>\n\n\n\n<p>\u00ab&nbsp;<em>D\u00e8s le premier jour, nous avons pu plonger dans des discussions riches et pertinentes<\/em>&nbsp;\u00bb, confie-t-elle avec enthousiasme. Selon elle, le Cadre continental de r\u00e9sultats de l\u2019Union africaine (AU-CRF) constitue un levier important pour la mise en \u0153uvre effective des engagements en faveur des femmes dans les processus de paix.<\/p>\n\n\n\n<p>La pr\u00e9sentation du R\u00e9seau des femmes leaders africaines (AWLN) et de FemWise-Africa a \u00e9galement marqu\u00e9 un moment fort de la journ\u00e9e.<\/p>\n\n\n\n<p>Du 29 septembre au 1er octobre, Addis-Abeba devient ainsi la caisse de r\u00e9sonance des voix f\u00e9minines, porteuses d\u2019un continent plus juste, plus \u00e9quitable et plus s\u00e9curis\u00e9.<\/p>\n\n\n\n<p><a href=\"https:\/\/tchadinfos.com\">https:\/\/<strong>tchadinfos.com<\/strong><\/a><\/p>\n\n\n\n<p><\/p>\n\n\n\n<p><a href=\"https:\/\/tchadinfos.com\/#facebook\" target=\"_blank\" rel=\"noreferrer noopener\"><\/a><a href=\"https:\/\/tchadinfos.com\/#facebook\" target=\"_blank\" rel=\"noreferrer noopener\"><\/a><a href=\"https:\/\/tchadinfos.com\/#x\" target=\"_blank\" rel=\"noreferrer noopener\"><\/a><a href=\"https:\/\/tchadinfos.com\/#linkedin\" target=\"_blank\" rel=\"noreferrer noopener\"><\/a><a href=\"https:\/\/tchadinfos.com\/#whatsapp\" target=\"_blank\" rel=\"noreferrer noopener\"><\/a><a href=\"https:\/\/tchadinfos.com\/#telegram\" target=\"_blank\" rel=\"noreferrer noopener\"><\/a><a href=\"https:\/\/tchadinfos.com\/#email\" target=\"_blank\" rel=\"noreferrer noopener\"><\/a><a href=\"https:\/\/www.addtoany.com\/share#url=https%3A%2F%2Ftchadinfos.com%2F2025%2F09%2F30%2Faddis-abeba-accueille-la-premiere-rencontre-des-journalistes-africains-sur-les-femmes-la-paix-et-la-securite%2F&amp;title=Addis-Abeba%20accueille%20la%20premi%C3%A8re%20rencontre%20des%20journalistes%20africains%20sur%20les%20femmes%2C%20la%20paix%20et%20la%20s%C3%A9curit%C3%A9%20-%20Tchadinfos\"><\/a><\/p>\n\n\n\n<p><\/p>\n","protected":false},"excerpt":{"rendered":"<p>tchadinfos.com La Commission de l\u2019Union africaine, \u00e0 travers le Bureau de l\u2019Envoy\u00e9e sp\u00e9ciale sur les Femmes, la Paix et la S\u00e9curit\u00e9, a lanc\u00e9 ce lundi 29 septembre 2025, \u00e0 Addis Abeba en Ethiopie, la premi\u00e8re rencontre des journalistes africains sur les Femmes, la Paix et la S\u00e9curit\u00e9. Cet \u00e9v\u00e9nement de haut niveau rassemble une vingtaine [&hellip;]<\/p>\n","protected":false},"author":2,"featured_media":62894,"comment_status":"open","ping_status":"open","sticky":false,"template":"","format":"standard","meta":{"footnotes":""},"categories":[1447],"tags":[],"class_list":["post-62893","post","type-post","status-publish","format-standard","has-post-thumbnail","hentry","category-afrique"],"_links":{"self":[{"href":"https:\/\/lestracesdelinfo.com\/index.php\/wp-json\/wp\/v2\/posts\/62893","targetHints":{"allow":["GET"]}}],"collection":[{"href":"https:\/\/lestracesdelinfo.com\/index.php\/wp-json\/wp\/v2\/posts"}],"about":[{"href":"https:\/\/lestracesdelinfo.com\/index.php\/wp-json\/wp\/v2\/types\/post"}],"author":[{"embeddable":true,"href":"https:\/\/lestracesdelinfo.com\/index.php\/wp-json\/wp\/v2\/users\/2"}],"replies":[{"embeddable":true,"href":"https:\/\/lestracesdelinfo.com\/index.php\/wp-json\/wp\/v2\/comments?post=62893"}],"version-history":[{"count":1,"href":"https:\/\/lestracesdelinfo.com\/index.php\/wp-json\/wp\/v2\/posts\/62893\/revisions"}],"predecessor-version":[{"id":62895,"href":"https:\/\/lestracesdelinfo.com\/index.php\/wp-json\/wp\/v2\/posts\/62893\/revisions\/62895"}],"wp:featuredmedia":[{"embeddable":true,"href":"https:\/\/lestracesdelinfo.com\/index.php\/wp-json\/wp\/v2\/media\/62894"}],"wp:attachment":[{"href":"https:\/\/lestracesdelinfo.com\/index.php\/wp-json\/wp\/v2\/media?parent=62893"}],"wp:term":[{"taxonomy":"category","embeddable":true,"href":"https:\/\/lestracesdelinfo.com\/index.php\/wp-json\/wp\/v2\/categories?post=62893"},{"taxonomy":"post_tag","embeddable":true,"href":"https:\/\/lestracesdelinfo.com\/index.php\/wp-json\/wp\/v2\/tags?post=62893"}],"curies":[{"name":"wp","href":"https:\/\/api.w.org\/{rel}","templated":true}]}}