{"id":62899,"date":"2025-10-02T08:40:32","date_gmt":"2025-10-02T08:40:32","guid":{"rendered":"https:\/\/lestracesdelinfo.com\/?p=62899"},"modified":"2025-10-02T08:42:18","modified_gmt":"2025-10-02T08:42:18","slug":"niger-la-bad-finance-le-secteur-energetique-a-hauteur-de-1447-millions","status":"publish","type":"post","link":"https:\/\/lestracesdelinfo.com\/index.php\/2025\/10\/02\/niger-la-bad-finance-le-secteur-energetique-a-hauteur-de-1447-millions\/","title":{"rendered":"Niger : la BAD finance le secteur \u00e9nerg\u00e9tique \u00e0 hauteur de $144,7 millions"},"content":{"rendered":"\n<p><img loading=\"lazy\" decoding=\"async\" width=\"32\" height=\"32\" srcset=\"https:\/\/fr.apanews.net\/wp-content\/uploads\/sites\/2\/2023\/09\/APA-Ico-48x48.png 48w, https:\/\/fr.apanews.net\/wp-content\/uploads\/sites\/2\/2023\/09\/APA-Ico-300x300.png 300w, https:\/\/fr.apanews.net\/wp-content\/uploads\/sites\/2\/2023\/09\/APA-Ico-150x150.png 150w, https:\/\/fr.apanews.net\/wp-content\/uploads\/sites\/2\/2023\/09\/APA-Ico-70x70.png 70w, https:\/\/fr.apanews.net\/wp-content\/uploads\/sites\/2\/2023\/09\/APA-Ico-450x450.png 450w, https:\/\/fr.apanews.net\/wp-content\/uploads\/sites\/2\/2023\/09\/APA-Ico-24x24.png 24w, https:\/\/fr.apanews.net\/wp-content\/uploads\/sites\/2\/2023\/09\/APA-Ico-96x96.png 96w, https:\/\/fr.apanews.net\/wp-content\/uploads\/sites\/2\/2023\/09\/APA-Ico.png 512w\" src=\"https:\/\/fr.apanews.net\/wp-content\/uploads\/sites\/2\/2023\/09\/APA-Ico-48x48.png\" alt=\"APA-Niamey (Niger)\"><a>APA-Niamey (Niger)<\/a><\/p>\n\n\n\n<figure class=\"wp-block-image\"><img decoding=\"async\" src=\"https:\/\/fr.apanews.net\/wp-content\/uploads\/sites\/2\/2025\/10\/FB_IMG_1759393500691-1024x683.jpg\" alt=\"\" title=\"Niger : la BAD finance le secteur \u00e9nerg\u00e9tique \u00e0 hauteur de $144,7 millions\"\/><\/figure>\n\n\n\n<p><\/p>\n\n\n\n<p><a href=\"https:\/\/www.facebook.com\/sharer.php?u=https%3A%2F%2Ffr.apanews.net%2Fnews%2Fniger-la-bad-finance-le-secteur-energetique-a-hauteur-de-1447-millions-de-dollars%2F\" target=\"_blank\" rel=\"noreferrer noopener\"><\/a><a href=\"https:\/\/twitter.com\/intent\/tweet?url=https%3A%2F%2Ffr.apanews.net%2Fnews%2Fniger-la-bad-finance-le-secteur-energetique-a-hauteur-de-1447-millions-de-dollars%2F&amp;text=Niger%20%3A%20la%20BAD%20finance%20le%20secteur%20%C3%A9nerg%C3%A9tique%20%C3%A0%20hauteur%20de%20%24144%2C7%20millions\" target=\"_blank\" rel=\"noreferrer noopener\"><\/a><a href=\"https:\/\/wa.me\/?text=Niger%20%3A%20la%20BAD%20finance%20le%20secteur%20%C3%A9nerg%C3%A9tique%20%C3%A0%20hauteur%20de%20%24144%2C7%20millions%20https%3A%2F%2Ffr.apanews.net%2Fnews%2Fniger-la-bad-finance-le-secteur-energetique-a-hauteur-de-1447-millions-de-dollars%2F\" target=\"_blank\" rel=\"noreferrer noopener\"><\/a><a href=\"mailto:?subject=Niger%20%3A%20la%20BAD%20finance%20le%20secteur%20%C3%A9nerg%C3%A9tique%20%C3%A0%20hauteur%20de%20%24144%2C7%20millions&amp;body=https%3A%2F%2Ffr.apanews.net%2Fnews%2Fniger-la-bad-finance-le-secteur-energetique-a-hauteur-de-1447-millions-de-dollars%2F\" target=\"_blank\" rel=\"noreferrer noopener\"><\/a><a href=\"https:\/\/www.linkedin.com\/shareArticle?mini=true&amp;url=https%3A%2F%2Ffr.apanews.net%2Fnews%2Fniger-la-bad-finance-le-secteur-energetique-a-hauteur-de-1447-millions-de-dollars%2F\" target=\"_blank\" rel=\"noreferrer noopener\"><\/a><a href=\"https:\/\/t.me\/share\/url?url=https%3A%2F%2Ffr.apanews.net%2Fnews%2Fniger-la-bad-finance-le-secteur-energetique-a-hauteur-de-1447-millions-de-dollars%2F&amp;title=Niger%20%3A%20la%20BAD%20finance%20le%20secteur%20%C3%A9nerg%C3%A9tique%20%C3%A0%20hauteur%20de%20%24144%2C7%20millions\" target=\"_blank\" rel=\"noreferrer noopener\"><\/a><strong>La BAD accorde 144,7 millions de dollars au Niger pour am\u00e9liorer l\u2019acc\u00e8s \u00e0 l\u2019\u00e9lectricit\u00e9 et renforcer la comp\u00e9titivit\u00e9 du secteur priv\u00e9.<\/strong><\/p>\n\n\n\n<p>La Banque africaine de d\u00e9veloppement (BAD) et le gouvernement du Niger ont sign\u00e9 mercredi un accord de financement de 144,7 millions de dollars pour am\u00e9liorer l\u2019acc\u00e8s \u00e0 l\u2019\u00e9lectricit\u00e9 et renforcer la comp\u00e9titivit\u00e9 du secteur priv\u00e9 nig\u00e9rien, a appris APA. Ce programme, qui vise aussi le d\u00e9veloppement des \u00e9nergies renouvelables et le renforcement de la gouvernance \u00e9conomique, constitue une \u00e9tape cl\u00e9 pour r\u00e9duire le d\u00e9ficit \u00e9nerg\u00e9tique du pays.<\/p>\n\n\n\n<p>Le financement provient du Fonds africain de d\u00e9veloppement, le guichet concessionnel du Groupe, et permettra de mettre en \u0153uvre la phase 1 du Programme d\u2019appui \u00e0 la gouvernance du secteur de l\u2019\u00e9nergie et \u00e0 la comp\u00e9titivit\u00e9. Ce programme vise \u00e0 renforcer la gouvernance \u00e9conomique, am\u00e9liorer l\u2019environnement juridique du secteur \u00e9nerg\u00e9tique et r\u00e9pondre au d\u00e9ficit \u00e9nerg\u00e9tique critique du pays.<\/p>\n\n\n\n<p>Selon les pr\u00e9visions, l\u2019acc\u00e8s national \u00e0 l\u2019\u00e9lectricit\u00e9 passera de 22,5 % \u00e0 30 % d\u2019ici 2026, tandis que la contribution du secteur manufacturier au PIB devrait passer de 2,5 % \u00e0 3,8 %. Un volet important du programme concerne le d\u00e9veloppement des capacit\u00e9s d\u2019\u00e9nergie renouvelable, avec un objectif de 240 MW d\u2019\u00e9nergie solaire \u00e0 l\u2019horizon 2030, dont 50 MW avant d\u00e9cembre 2026.<\/p>\n\n\n\n<p>\u00ab&nbsp;<em>\u00c0 travers la signature de cet accord, je r\u00e9affirme l\u2019engagement de notre gouvernement et sa d\u00e9termination \u00e0 atteindre les objectifs de ce programme, traduisant notre volont\u00e9 de poursuivre les r\u00e9formes n\u00e9cessaires au d\u00e9veloppement durable et \u00e0 l\u2019am\u00e9lioration des conditions de vie des populations<\/em>&nbsp;\u00bb, a d\u00e9clar\u00e9 le Premier ministre nig\u00e9rien, saluant \u00ab&nbsp;<em>le dialogue tr\u00e8s constructif<\/em>&nbsp;\u00bb tout au long de la pr\u00e9paration du projet.<\/p>\n\n\n\n<p>De son c\u00f4t\u00e9, Sidi Ould Tah a assur\u00e9 que la BAD \u00ab&nbsp;<em>restera un soutien fort \u00e0 tous nos \u00c9tats membres r\u00e9gionaux dans leur recherche d\u2019un d\u00e9veloppement harmonieux et d\u2019une prosp\u00e9rit\u00e9 partag\u00e9e<\/em>&nbsp;\u00bb.<\/p>\n\n\n\n<p>Le programme vise \u00e9galement \u00e0 renforcer les syst\u00e8mes de gestion des finances publiques, notamment la mobilisation des recettes fiscales et le contr\u00f4le des d\u00e9penses, \u00e0 faciliter l\u2019apurement des arri\u00e9r\u00e9s int\u00e9rieurs, \u00e0 promouvoir le dialogue public-priv\u00e9 et \u00e0 soutenir l\u2019adoption d\u2019une politique industrielle et commerciale favorisant le secteur priv\u00e9 nig\u00e9rien.<\/p>\n\n\n\n<p><strong>AC\/APA<\/strong><\/p>\n","protected":false},"excerpt":{"rendered":"<p>APA-Niamey (Niger) La BAD accorde 144,7 millions de dollars au Niger pour am\u00e9liorer l\u2019acc\u00e8s \u00e0 l\u2019\u00e9lectricit\u00e9 et renforcer la comp\u00e9titivit\u00e9 du secteur priv\u00e9. La Banque africaine de d\u00e9veloppement (BAD) et le gouvernement du Niger ont sign\u00e9 mercredi un accord de financement de 144,7 millions de dollars pour am\u00e9liorer l\u2019acc\u00e8s \u00e0 l\u2019\u00e9lectricit\u00e9 et renforcer la comp\u00e9titivit\u00e9 [&hellip;]<\/p>\n","protected":false},"author":2,"featured_media":62900,"comment_status":"open","ping_status":"open","sticky":false,"template":"","format":"standard","meta":{"footnotes":""},"categories":[1447],"tags":[],"class_list":["post-62899","post","type-post","status-publish","format-standard","has-post-thumbnail","hentry","category-afrique"],"_links":{"self":[{"href":"https:\/\/lestracesdelinfo.com\/index.php\/wp-json\/wp\/v2\/posts\/62899","targetHints":{"allow":["GET"]}}],"collection":[{"href":"https:\/\/lestracesdelinfo.com\/index.php\/wp-json\/wp\/v2\/posts"}],"about":[{"href":"https:\/\/lestracesdelinfo.com\/index.php\/wp-json\/wp\/v2\/types\/post"}],"author":[{"embeddable":true,"href":"https:\/\/lestracesdelinfo.com\/index.php\/wp-json\/wp\/v2\/users\/2"}],"replies":[{"embeddable":true,"href":"https:\/\/lestracesdelinfo.com\/index.php\/wp-json\/wp\/v2\/comments?post=62899"}],"version-history":[{"count":1,"href":"https:\/\/lestracesdelinfo.com\/index.php\/wp-json\/wp\/v2\/posts\/62899\/revisions"}],"predecessor-version":[{"id":62901,"href":"https:\/\/lestracesdelinfo.com\/index.php\/wp-json\/wp\/v2\/posts\/62899\/revisions\/62901"}],"wp:featuredmedia":[{"embeddable":true,"href":"https:\/\/lestracesdelinfo.com\/index.php\/wp-json\/wp\/v2\/media\/62900"}],"wp:attachment":[{"href":"https:\/\/lestracesdelinfo.com\/index.php\/wp-json\/wp\/v2\/media?parent=62899"}],"wp:term":[{"taxonomy":"category","embeddable":true,"href":"https:\/\/lestracesdelinfo.com\/index.php\/wp-json\/wp\/v2\/categories?post=62899"},{"taxonomy":"post_tag","embeddable":true,"href":"https:\/\/lestracesdelinfo.com\/index.php\/wp-json\/wp\/v2\/tags?post=62899"}],"curies":[{"name":"wp","href":"https:\/\/api.w.org\/{rel}","templated":true}]}}