{"id":62941,"date":"2025-10-06T07:07:04","date_gmt":"2025-10-06T07:07:04","guid":{"rendered":"https:\/\/lestracesdelinfo.com\/?p=62941"},"modified":"2025-10-06T07:07:35","modified_gmt":"2025-10-06T07:07:35","slug":"aes-les-agences-de-presse-du-niger-du-mali-et-du-burkina-unissent-leurs-forces","status":"publish","type":"post","link":"https:\/\/lestracesdelinfo.com\/index.php\/2025\/10\/06\/aes-les-agences-de-presse-du-niger-du-mali-et-du-burkina-unissent-leurs-forces\/","title":{"rendered":"AES : Les agences de presse du Niger, du Mali et du Burkina unissent leurs forces"},"content":{"rendered":"\n<p><a href=\"https:\/\/sahel-intelligence.com\/author\/samuel\">Samuel Benshimon<\/a><\/p>\n\n\n\n<p><a href=\"https:\/\/sahel-intelligence.com\/40261-a\"><strong>sahel-intelligence.com<\/strong><\/a><\/p>\n\n\n\n<figure class=\"wp-block-image\"><img decoding=\"async\" src=\"https:\/\/sahel-intelligence.com\/wp-content\/uploads\/2025\/10\/1000288845-1-752x440.jpg\" alt=\"\"\/><\/figure>\n\n\n\n<p>Les agences nationales de presse du Niger, du Mali et du Burkina Faso ont franchi une nouvelle \u00e9tape vers une coop\u00e9ration renforc\u00e9e. R\u00e9unies \u00e0 Ouagadougou le jeudi 2 octobre 2025, dans le cadre de la 14e \u00e9dition de l\u2019Union africaine de la communication (UACO), l\u2019Agence Nig\u00e9rienne de Presse (ANP), l\u2019Agence malienne de presse et de publicit\u00e9 (AMAP) et l\u2019Agence d\u2019information du Burkina (AIB) ont sign\u00e9 un protocole de partenariat in\u00e9dit.<\/p>\n\n\n\n<p>Cet accord vise \u00e0 instaurer un cadre de collaboration durable et solidaire dans l\u2019espace de l\u2019Alliance des Etats du Sahel (AES), en mati\u00e8re de presse \u00e9crite et d\u2019information. L\u2019objectif : favoriser la production et la diffusion de contenus fiables, cr\u00e9dibles et ancr\u00e9s dans une perspective souveraine, tant \u00e0 l\u2019\u00e9chelle r\u00e9gionale qu\u2019internationale.<\/p>\n\n\n\n<p>Le texte sign\u00e9 pr\u00e9voit des m\u00e9canismes concrets de coop\u00e9ration entre les trois agences, reposant sur plusieurs principes cl\u00e9s : renforcement de l\u2019ind\u00e9pendance \u00e9ditoriale face aux influences ext\u00e9rieures, mutualisation des ressources et des expertises, et promotion d\u2019un journalisme \u00e9thique, \u00e9quilibr\u00e9 et professionnel.<\/p>\n\n\n\n<p>Les directeurs g\u00e9n\u00e9raux des trois agences, Dalatou Malam Mamane (ANP, Niger), Alassane Souleymane (AMAP, Mali) et S\u00e9raphine Som\u00e9 Millogo (AIB, Burkina Faso), ont paraph\u00e9 le document, en pr\u00e9sence des ministres de la Communication des trois pays.<\/p>\n\n\n\n<p>Ce partenariat s\u2019inscrit dans un contexte g\u00e9opolitique en pleine mutation, th\u00e8me central de l\u2019UACO 2025, qui interroge le r\u00f4le des m\u00e9dias africains face aux enjeux de souverainet\u00e9 et de d\u00e9veloppement sur le contine<\/p>\n\n\n\n<p><a href=\"https:\/\/sahel-intelligence.com\/40261-a\">https:\/\/<strong>sahel-intelligence.com<\/strong><\/a><\/p>\n\n\n\n<p><\/p>\n","protected":false},"excerpt":{"rendered":"<p>Samuel Benshimon sahel-intelligence.com Les agences nationales de presse du Niger, du Mali et du Burkina Faso ont franchi une nouvelle \u00e9tape vers une coop\u00e9ration renforc\u00e9e. R\u00e9unies \u00e0 Ouagadougou le jeudi 2 octobre 2025, dans le cadre de la 14e \u00e9dition de l\u2019Union africaine de la communication (UACO), l\u2019Agence Nig\u00e9rienne de Presse (ANP), l\u2019Agence malienne de [&hellip;]<\/p>\n","protected":false},"author":2,"featured_media":62942,"comment_status":"open","ping_status":"open","sticky":false,"template":"","format":"standard","meta":{"footnotes":""},"categories":[1447],"tags":[],"class_list":["post-62941","post","type-post","status-publish","format-standard","has-post-thumbnail","hentry","category-afrique"],"_links":{"self":[{"href":"https:\/\/lestracesdelinfo.com\/index.php\/wp-json\/wp\/v2\/posts\/62941","targetHints":{"allow":["GET"]}}],"collection":[{"href":"https:\/\/lestracesdelinfo.com\/index.php\/wp-json\/wp\/v2\/posts"}],"about":[{"href":"https:\/\/lestracesdelinfo.com\/index.php\/wp-json\/wp\/v2\/types\/post"}],"author":[{"embeddable":true,"href":"https:\/\/lestracesdelinfo.com\/index.php\/wp-json\/wp\/v2\/users\/2"}],"replies":[{"embeddable":true,"href":"https:\/\/lestracesdelinfo.com\/index.php\/wp-json\/wp\/v2\/comments?post=62941"}],"version-history":[{"count":1,"href":"https:\/\/lestracesdelinfo.com\/index.php\/wp-json\/wp\/v2\/posts\/62941\/revisions"}],"predecessor-version":[{"id":62943,"href":"https:\/\/lestracesdelinfo.com\/index.php\/wp-json\/wp\/v2\/posts\/62941\/revisions\/62943"}],"wp:featuredmedia":[{"embeddable":true,"href":"https:\/\/lestracesdelinfo.com\/index.php\/wp-json\/wp\/v2\/media\/62942"}],"wp:attachment":[{"href":"https:\/\/lestracesdelinfo.com\/index.php\/wp-json\/wp\/v2\/media?parent=62941"}],"wp:term":[{"taxonomy":"category","embeddable":true,"href":"https:\/\/lestracesdelinfo.com\/index.php\/wp-json\/wp\/v2\/categories?post=62941"},{"taxonomy":"post_tag","embeddable":true,"href":"https:\/\/lestracesdelinfo.com\/index.php\/wp-json\/wp\/v2\/tags?post=62941"}],"curies":[{"name":"wp","href":"https:\/\/api.w.org\/{rel}","templated":true}]}}