{"id":62950,"date":"2025-10-07T10:12:03","date_gmt":"2025-10-07T10:12:03","guid":{"rendered":"https:\/\/lestracesdelinfo.com\/?p=62950"},"modified":"2025-10-07T10:12:34","modified_gmt":"2025-10-07T10:12:34","slug":"madagascar-le-general-zafisambo-ruphin-nomme-premier-ministre","status":"publish","type":"post","link":"https:\/\/lestracesdelinfo.com\/index.php\/2025\/10\/07\/madagascar-le-general-zafisambo-ruphin-nomme-premier-ministre\/","title":{"rendered":"Madagascar : le g\u00e9n\u00e9ral Zafisambo Ruphin nomm\u00e9 Premier ministre\u00a0"},"content":{"rendered":"\n<p><img loading=\"lazy\" decoding=\"async\" width=\"32\" height=\"32\" srcset=\"https:\/\/fr.apanews.net\/wp-content\/uploads\/sites\/2\/2023\/09\/APA-Ico-48x48.png 48w, https:\/\/fr.apanews.net\/wp-content\/uploads\/sites\/2\/2023\/09\/APA-Ico-300x300.png 300w, https:\/\/fr.apanews.net\/wp-content\/uploads\/sites\/2\/2023\/09\/APA-Ico-150x150.png 150w, https:\/\/fr.apanews.net\/wp-content\/uploads\/sites\/2\/2023\/09\/APA-Ico-70x70.png 70w, https:\/\/fr.apanews.net\/wp-content\/uploads\/sites\/2\/2023\/09\/APA-Ico-450x450.png 450w, https:\/\/fr.apanews.net\/wp-content\/uploads\/sites\/2\/2023\/09\/APA-Ico-24x24.png 24w, https:\/\/fr.apanews.net\/wp-content\/uploads\/sites\/2\/2023\/09\/APA-Ico-96x96.png 96w, https:\/\/fr.apanews.net\/wp-content\/uploads\/sites\/2\/2023\/09\/APA-Ico.png 512w\" src=\"https:\/\/fr.apanews.net\/wp-content\/uploads\/sites\/2\/2023\/09\/APA-Ico-48x48.png\" alt=\"APA-Antananarivo (Madagascar)\"><a>APA-Antananarivo (Madagascar<\/a><\/p>\n\n\n\n<figure class=\"wp-block-image\"><img decoding=\"async\" src=\"https:\/\/fr.apanews.net\/wp-content\/uploads\/sites\/2\/2025\/10\/557642938_1360500525442717_5739973956847338711_n-1.jpg\" alt=\"\" title=\"Madagascar : le g\u00e9n\u00e9ral Zafisambo Ruphin nomm\u00e9 Premier ministre\u00a0\"\/><\/figure>\n\n\n\n<p>A Madagascar, le pr\u00e9sident nomme le g\u00e9n\u00e9ral Zafisambo Ruphin Fortunat Dimbisoa Premier ministre\/<\/p>\n\n\n\n<p><strong>Le pr\u00e9sident malgache Andry Rajoelina a nomm\u00e9 lundi le g\u00e9n\u00e9ral Zafisambo Ruphin Fortunat Dimbisoa au poste de Premier ministre, deux semaines apr\u00e8s avoir dissous l\u2019ensemble de son gouvernement dans un contexte de violentes manifestations qui ont fait au moins 22 morts depuis le 25 septembre.<\/strong><\/p>\n\n\n\n<p>Le g\u00e9n\u00e9ral Zafisambo Ruphin Fortunat Dimbisoa a \u00e9t\u00e9 officiellement nomm\u00e9 Premier ministre de Madagascar \u00e0 compter du lundi 6 octobre 2025, succ\u00e9dant \u00e0 Christian Ntsay qui occupait ce poste depuis 2018.<\/p>\n\n\n\n<p>Cette nomination intervient apr\u00e8s la dissolution du gouvernement fin septembre par le pr\u00e9sident Andry Rajoelina, en r\u00e9ponse \u00e0 une vague de manifestations violentes qui ont secou\u00e9 le pays depuis le 25 septembre. Les ministres sortants assuraient jusqu\u2019\u00e0 pr\u00e9sent la gestion des affaires courantes.<\/p>\n\n\n\n<p>Dans sa d\u00e9claration, le chef de l\u2019\u00c9tat a exprim\u00e9 ses attentes envers le nouveau Premier ministre. \u00ab<em>&nbsp;Avec un c\u0153ur plein d\u2019espoir, je souhaite le meilleur au nouveau Premier ministre, afin qu\u2019il soit libre et accomplisse ses devoirs sacr\u00e9s que les Malgaches attendent de lui<\/em>&nbsp;\u00bb, a d\u00e9clar\u00e9 le pr\u00e9sident Rajoelina.<\/p>\n\n\n\n<p>Le pr\u00e9sident a affirm\u00e9 sa confiance dans la capacit\u00e9 du g\u00e9n\u00e9ral Zafisambo Ruphin \u00e0&nbsp;<em>\u00ab restaurer et am\u00e9liorer le fonctionnement de notre gouvernement et apporter de l\u2019innovation<\/em>&nbsp;\u00bb. Il a \u00e9galement averti qu\u2019il sera \u00ab<em>&nbsp;strict<\/em>&nbsp;\u00bb et ne tol\u00e9rera \u00ab&nbsp;<em>pas ceux qui entravent le d\u00e9veloppement du pays<\/em>&nbsp;\u00bb.<\/p>\n\n\n\n<p>Le chef de l\u2019\u00c9tat malgache a donn\u00e9 sa directive \u00ab&nbsp;<em>pour un nettoyage de notre administration gouvernementale et la corruption qui ravage notre pays<\/em>&nbsp;\u00bb, soulignant son attente de \u00ab&nbsp;<em>r\u00e9sultats imm\u00e9diats et tangibles dans la vie des gens<\/em>&nbsp;\u00bb.<\/p>\n\n\n\n<p><strong>Crise politique et sociale<\/strong><\/p>\n\n\n\n<p>La capitale Antananarivo, ainsi que d\u2019autres villes dont Antsirab\u00e9 et Toamasina, ont \u00e9t\u00e9 le th\u00e9\u00e2tre de manifestations d\u00e9clench\u00e9es par des coupures r\u00e9currentes d\u2019eau et d\u2019\u00e9lectricit\u00e9. Le Haut-Commissariat des Nations Unies aux droits de l\u2019homme a recens\u00e9 au moins 22 morts et plus de 100 bless\u00e9s depuis le d\u00e9but des manifestations, un bilan non reconnu pour le moment par le gouvernement.<\/p>\n\n\n\n<p>Selon l\u2019ONU, certaines victimes ont \u00e9t\u00e9 atteintes par des tirs des forces de s\u00e9curit\u00e9, tandis que d\u2019autres ont succomb\u00e9 lors de pillages et de violences en marge des rassemblements. D\u2019importants d\u00e9g\u00e2ts mat\u00e9riels ont \u00e9galement \u00e9t\u00e9 enregistr\u00e9s, poussant les autorit\u00e9s \u00e0 imposer un couvre-feu nocturne.<\/p>\n\n\n\n<p>Volker T\u00fcrk, Haut-Commissaire aux droits de l\u2019homme, a condamn\u00e9 une \u00ab&nbsp;<em>r\u00e9ponse violente et non n\u00e9cessaire&nbsp;<\/em>\u00bb des forces de s\u00e9curit\u00e9.<\/p>\n\n\n\n<p>Des manifestations, largement diffus\u00e9es sur les r\u00e9seaux sociaux et incarn\u00e9es par le mouvement \u00ab&nbsp;<em>Leo D\u00e9lestage \u00bb<\/em>, traduisent l\u2019exasp\u00e9ration d\u2019une jeunesse mobilis\u00e9e face aux p\u00e9nuries \u00e9nerg\u00e9tiques et hydriques qui perturbent gravement le quotidien des Malgaches.<\/p>\n\n\n\n<p><strong>R\u00e9actions r\u00e9gionales et internationales<\/strong><\/p>\n\n\n\n<p>La Communaut\u00e9 de d\u00e9veloppement de l\u2019Afrique australe (SADC) a exprim\u00e9 sa \u00ab&nbsp;<em>profonde pr\u00e9occupation<\/em>&nbsp;\u00bb et r\u00e9affirm\u00e9 son soutien au gouvernement et au peuple malgache pour \u00ab<em>&nbsp;restaurer la paix et la stabilit\u00e9<\/em>&nbsp;\u00bb tout en prot\u00e9geant \u00ab<em>&nbsp;la s\u00e9curit\u00e9, la dignit\u00e9 et le bien-\u00eatre de tous les citoyens<\/em>&nbsp;\u00bb.<\/p>\n\n\n\n<p>Le pr\u00e9sident de la Commission de l\u2019Union africaine (UA), Mahmoud Ali Youssouf, a appel\u00e9 \u00ab<em>&nbsp;\u00e0 la retenue et au dialogue<\/em>&nbsp;\u00bb et r\u00e9it\u00e9r\u00e9 l\u2019engagement de l\u2019UA \u00e0 collaborer avec Madagascar et la SADC pour apaiser les tensions et identifier des solutions durables.<\/p>\n\n\n\n<p>En d\u00e9pit de la dissolution du gouvernement et de la nomination d\u2019un nouveau Premier ministre, la situation demeure tendue dans la capitale et dans plusieurs autres villes. Cette crise met en lumi\u00e8re les d\u00e9fis structurels de Madagascar, l\u2019un des pays les plus pauvres au monde, qui fait face \u00e0 une crise \u00e9nerg\u00e9tique et hydrique chronique aggrav\u00e9e par des d\u00e9faillances dans la gouvernance.<\/p>\n\n\n\n<p>\u00ab&nbsp;<em>Madagascar est un pays que nous avons tous. Pr\u00e9cieux pour moi, pr\u00e9cieux pour toi. Notre objectif commun est de d\u00e9velopper notre \u00eele bien-aim\u00e9e<\/em>&nbsp;\u00bb, a conclu le pr\u00e9sident Rajoelina.<\/p>\n\n\n\n<p><strong>AC\/Sf\/APA<\/strong><\/p>\n\n\n\n<p><a href=\"https:\/\/fr.apanews.net\/tag\/madagascar\/\">Madagascar<\/a><a href=\"https:\/\/fr.apanews.net\/tag\/nomination\/\">Nominati<\/a><\/p>\n","protected":false},"excerpt":{"rendered":"<p>APA-Antananarivo (Madagascar A Madagascar, le pr\u00e9sident nomme le g\u00e9n\u00e9ral Zafisambo Ruphin Fortunat Dimbisoa Premier ministre\/ Le pr\u00e9sident malgache Andry Rajoelina a nomm\u00e9 lundi le g\u00e9n\u00e9ral Zafisambo Ruphin Fortunat Dimbisoa au poste de Premier ministre, deux semaines apr\u00e8s avoir dissous l\u2019ensemble de son gouvernement dans un contexte de violentes manifestations qui ont fait au moins 22 [&hellip;]<\/p>\n","protected":false},"author":2,"featured_media":62951,"comment_status":"open","ping_status":"open","sticky":false,"template":"","format":"standard","meta":{"footnotes":""},"categories":[1447],"tags":[],"class_list":["post-62950","post","type-post","status-publish","format-standard","has-post-thumbnail","hentry","category-afrique"],"_links":{"self":[{"href":"https:\/\/lestracesdelinfo.com\/index.php\/wp-json\/wp\/v2\/posts\/62950","targetHints":{"allow":["GET"]}}],"collection":[{"href":"https:\/\/lestracesdelinfo.com\/index.php\/wp-json\/wp\/v2\/posts"}],"about":[{"href":"https:\/\/lestracesdelinfo.com\/index.php\/wp-json\/wp\/v2\/types\/post"}],"author":[{"embeddable":true,"href":"https:\/\/lestracesdelinfo.com\/index.php\/wp-json\/wp\/v2\/users\/2"}],"replies":[{"embeddable":true,"href":"https:\/\/lestracesdelinfo.com\/index.php\/wp-json\/wp\/v2\/comments?post=62950"}],"version-history":[{"count":1,"href":"https:\/\/lestracesdelinfo.com\/index.php\/wp-json\/wp\/v2\/posts\/62950\/revisions"}],"predecessor-version":[{"id":62952,"href":"https:\/\/lestracesdelinfo.com\/index.php\/wp-json\/wp\/v2\/posts\/62950\/revisions\/62952"}],"wp:featuredmedia":[{"embeddable":true,"href":"https:\/\/lestracesdelinfo.com\/index.php\/wp-json\/wp\/v2\/media\/62951"}],"wp:attachment":[{"href":"https:\/\/lestracesdelinfo.com\/index.php\/wp-json\/wp\/v2\/media?parent=62950"}],"wp:term":[{"taxonomy":"category","embeddable":true,"href":"https:\/\/lestracesdelinfo.com\/index.php\/wp-json\/wp\/v2\/categories?post=62950"},{"taxonomy":"post_tag","embeddable":true,"href":"https:\/\/lestracesdelinfo.com\/index.php\/wp-json\/wp\/v2\/tags?post=62950"}],"curies":[{"name":"wp","href":"https:\/\/api.w.org\/{rel}","templated":true}]}}