{"id":63258,"date":"2025-11-05T07:13:01","date_gmt":"2025-11-05T07:13:01","guid":{"rendered":"https:\/\/lestracesdelinfo.com\/?p=63258"},"modified":"2025-11-05T07:15:22","modified_gmt":"2025-11-05T07:15:22","slug":"macron-felicite-alassane-ouattara-pour-sa-reelection","status":"publish","type":"post","link":"https:\/\/lestracesdelinfo.com\/index.php\/2025\/11\/05\/macron-felicite-alassane-ouattara-pour-sa-reelection\/","title":{"rendered":"Macron f\u00e9licite Alassane Ouattara pour sa r\u00e9\u00e9lection"},"content":{"rendered":"\n<p><img loading=\"lazy\" decoding=\"async\" width=\"32\" height=\"32\" srcset=\"https:\/\/fr.apanews.net\/wp-content\/uploads\/sites\/2\/2023\/09\/APA-Ico-48x48.png 48w, https:\/\/fr.apanews.net\/wp-content\/uploads\/sites\/2\/2023\/09\/APA-Ico-300x300.png 300w, https:\/\/fr.apanews.net\/wp-content\/uploads\/sites\/2\/2023\/09\/APA-Ico-150x150.png 150w, https:\/\/fr.apanews.net\/wp-content\/uploads\/sites\/2\/2023\/09\/APA-Ico-70x70.png 70w, https:\/\/fr.apanews.net\/wp-content\/uploads\/sites\/2\/2023\/09\/APA-Ico-450x450.png 450w, https:\/\/fr.apanews.net\/wp-content\/uploads\/sites\/2\/2023\/09\/APA-Ico-24x24.png 24w, https:\/\/fr.apanews.net\/wp-content\/uploads\/sites\/2\/2023\/09\/APA-Ico-96x96.png 96w, https:\/\/fr.apanews.net\/wp-content\/uploads\/sites\/2\/2023\/09\/APA-Ico.png 512w\" src=\"https:\/\/fr.apanews.net\/wp-content\/uploads\/sites\/2\/2023\/09\/APA-Ico-48x48.png\" alt=\"APA-Abidjan (C\u00f4te d 'ivoire)\"><a>APA-Abidjan (C\u00f4te d &lsquo;ivoire)<\/a><\/p>\n\n\n\n<figure class=\"wp-block-image\"><img decoding=\"async\" src=\"https:\/\/fr.apanews.net\/wp-content\/uploads\/sites\/2\/2025\/10\/facebook_1761161775769_7386847880755424685-1024x617.jpg\" alt=\"\" title=\"Macron f\u00e9licite Alassane Ouattara pour sa r\u00e9\u00e9lection\"\/><\/figure>\n\n\n\n<p><strong>Alassane Ouattara en campagne \u00e9lectorale pour la pr\u00e9sidentielle<\/strong><\/p>\n\n\n\n<p><a href=\"https:\/\/www.facebook.com\/sharer.php?u=https%3A%2F%2Ffr.apanews.net%2Fdiplomacy%2Fmacron-felicite-alassane-ouattara-pour-sa-reelection%2F\" target=\"_blank\" rel=\"noreferrer noopener\"><\/a><a href=\"https:\/\/twitter.com\/intent\/tweet?url=https%3A%2F%2Ffr.apanews.net%2Fdiplomacy%2Fmacron-felicite-alassane-ouattara-pour-sa-reelection%2F&amp;text=Macron%20f%C3%A9licite%20Alassane%20Ouattara%20pour%20sa%20r%C3%A9%C3%A9lection\" target=\"_blank\" rel=\"noreferrer noopener\"><\/a><a href=\"https:\/\/wa.me\/?text=Macron%20f%C3%A9licite%20Alassane%20Ouattara%20pour%20sa%20r%C3%A9%C3%A9lection%20https%3A%2F%2Ffr.apanews.net%2Fdiplomacy%2Fmacron-felicite-alassane-ouattara-pour-sa-reelection%2F\" target=\"_blank\" rel=\"noreferrer noopener\"><\/a><a href=\"mailto:?subject=Macron%20f%C3%A9licite%20Alassane%20Ouattara%20pour%20sa%20r%C3%A9%C3%A9lection&amp;body=https%3A%2F%2Ffr.apanews.net%2Fdiplomacy%2Fmacron-felicite-alassane-ouattara-pour-sa-reelection%2F\" target=\"_blank\" rel=\"noreferrer noopener\"><\/a><a href=\"https:\/\/www.linkedin.com\/shareArticle?mini=true&amp;url=https%3A%2F%2Ffr.apanews.net%2Fdiplomacy%2Fmacron-felicite-alassane-ouattara-pour-sa-reelection%2F\" target=\"_blank\" rel=\"noreferrer noopener\"><\/a><a href=\"https:\/\/t.me\/share\/url?url=https%3A%2F%2Ffr.apanews.net%2Fdiplomacy%2Fmacron-felicite-alassane-ouattara-pour-sa-reelection%2F&amp;title=Macron%20f%C3%A9licite%20Alassane%20Ouattara%20pour%20sa%20r%C3%A9%C3%A9lection\" target=\"_blank\" rel=\"noreferrer noopener\"><\/a><strong>Le pr\u00e9sident fran\u00e7ais, Emmanuel Macron, a appel\u00e9 ce mardi 4 novembre 2025 \u00ab\u00a0<em>le pr\u00e9sident Alassane Ouattara pour le f\u00e9liciter pour sa r\u00e9\u00e9lection \u00e0 la suite de la proclamation des r\u00e9sultats<\/em>\u00a0\u00bb d\u00e9finitifs de l\u2019\u00e9lection pr\u00e9sidentielle du 25 octobre 2025, par le Conseil constitutionnel, a rapport\u00e9 l\u2019\u00c9lys\u00e9e.<\/strong><\/p>\n\n\n\n<p>Emmanuel Macron a dit \u00ab&nbsp;<em>vouloir poursuivre \u00e0 ses c\u00f4t\u00e9s l\u2019approfondissement et le renouvellement du partenariat d\u00e9j\u00e0 tr\u00e8s dense entre les deux pays, ainsi que le dialogue sur les enjeux internationaux<\/em>&nbsp;\u00bb, a indiqu\u00e9 la pr\u00e9sidence fran\u00e7aise.<\/p>\n\n\n\n<p>Le Conseil constitutionnel ivoirien a proclam\u00e9, ce mardi 4 novembre 2025, Alassane Ouattara r\u00e9\u00e9lu au premier tour de l\u2019\u00e9lection pr\u00e9sidentielle du 25 octobre 2025, avec 89,77% des suffrages exprim\u00e9s, confirmant les r\u00e9sultats provisoires de la Commission \u00e9lectorale ind\u00e9pendante (CEI).<\/p>\n\n\n\n<p>\u00ab&nbsp;<em>Le scrutin du 25 octobre 2025 est r\u00e9gulier et M. Alassane Ouattara est proclam\u00e9 \u00e9lu au premier tour pr\u00e9sident de la R\u00e9publique de C\u00f4te d\u2019Ivoire<\/em>&nbsp;\u00bb, a d\u00e9clar\u00e9 la pr\u00e9sidente du Conseil constitutionnel ivoirien, Chantal Nanaba Camara.<\/p>\n\n\n\n<p>Elle a soulign\u00e9 que l\u2019institution \u00ab n\u2019a enregistr\u00e9 aucune r\u00e9clamation \u00bb et \u00ab l\u2019examen des proc\u00e8s-verbaux ne r\u00e9v\u00e8le aucune irr\u00e9gularit\u00e9 de nature \u00e0 entacher la sinc\u00e9rit\u00e9 du scrutin ou \u00e0 affecter le r\u00e9sultat \u00bb du scrutin pr\u00e9sidentiel du 25 octobre 2025.<\/p>\n\n\n\n<p>Le Conseil constitutionnel a approuv\u00e9 les r\u00e9sultats provisoires de la CEI, donnant \u00e0 Alassane Ouattara 3 759 030 voix, soit 89,77% des suffrages exprim\u00e9s, devant M. Jean-Louis Billon qui a obtenu 129.493 voix, soit 3,09% des voix.<\/p>\n\n\n\n<p>L\u2019ex-Premi\u00e8re dame, Simone Ehivet, a obtenu 101.238 voix, soit 2,42% des suffrages exprim\u00e9s, tandis que Ahoua Don Mello a \u00e9t\u00e9 cr\u00e9dit\u00e9 de 82.508 voix soit 1,97% des suffrages exprim\u00e9s, et Henriette Lagou 48.261 voix, soit 1,15% des voix.<\/p>\n\n\n\n<p>Sur 8 568 456 inscrits sur le listing \u00e9lectoral, 4 292 474 \u00e9lecteurs ont vot\u00e9, ce qui correspond \u00e0 un taux de participation 50,10%, a confirm\u00e9 le Conseil constitutionnel. Par ailleurs, 105.156 bulletins nuls ont \u00e9t\u00e9 enregistr\u00e9s et 66 588 bulletins blancs sur 4 187 318 suffrages exprim\u00e9s.<\/p>\n\n\n\n<p>\u00c9lu en 2010, puis en 2015 et en 2020, Alassane Ouattara est r\u00e9\u00e9lu pour un autre quinquennat. L\u2019opposition qui d\u00e9nonce une \u00ab&nbsp;<em>exclusion&nbsp;<\/em>\u00bb de ses leaders de ces joutes \u00e9lectorales, notamment Laurent Gbagbo et Tidjane Thiam, juge cette candidature \u00ab&nbsp;anticonstitutionnelle.&nbsp;\u00bb<\/p>\n\n\n\n<p><strong>AP\/APA<\/strong><\/p>\n","protected":false},"excerpt":{"rendered":"<p>APA-Abidjan (C\u00f4te d &lsquo;ivoire) Alassane Ouattara en campagne \u00e9lectorale pour la pr\u00e9sidentielle Le pr\u00e9sident fran\u00e7ais, Emmanuel Macron, a appel\u00e9 ce mardi 4 novembre 2025 \u00ab\u00a0le pr\u00e9sident Alassane Ouattara pour le f\u00e9liciter pour sa r\u00e9\u00e9lection \u00e0 la suite de la proclamation des r\u00e9sultats\u00a0\u00bb d\u00e9finitifs de l\u2019\u00e9lection pr\u00e9sidentielle du 25 octobre 2025, par le Conseil constitutionnel, a [&hellip;]<\/p>\n","protected":false},"author":2,"featured_media":63260,"comment_status":"open","ping_status":"open","sticky":false,"template":"","format":"standard","meta":{"footnotes":""},"categories":[1447],"tags":[],"class_list":["post-63258","post","type-post","status-publish","format-standard","has-post-thumbnail","hentry","category-afrique"],"_links":{"self":[{"href":"https:\/\/lestracesdelinfo.com\/index.php\/wp-json\/wp\/v2\/posts\/63258","targetHints":{"allow":["GET"]}}],"collection":[{"href":"https:\/\/lestracesdelinfo.com\/index.php\/wp-json\/wp\/v2\/posts"}],"about":[{"href":"https:\/\/lestracesdelinfo.com\/index.php\/wp-json\/wp\/v2\/types\/post"}],"author":[{"embeddable":true,"href":"https:\/\/lestracesdelinfo.com\/index.php\/wp-json\/wp\/v2\/users\/2"}],"replies":[{"embeddable":true,"href":"https:\/\/lestracesdelinfo.com\/index.php\/wp-json\/wp\/v2\/comments?post=63258"}],"version-history":[{"count":3,"href":"https:\/\/lestracesdelinfo.com\/index.php\/wp-json\/wp\/v2\/posts\/63258\/revisions"}],"predecessor-version":[{"id":63264,"href":"https:\/\/lestracesdelinfo.com\/index.php\/wp-json\/wp\/v2\/posts\/63258\/revisions\/63264"}],"wp:featuredmedia":[{"embeddable":true,"href":"https:\/\/lestracesdelinfo.com\/index.php\/wp-json\/wp\/v2\/media\/63260"}],"wp:attachment":[{"href":"https:\/\/lestracesdelinfo.com\/index.php\/wp-json\/wp\/v2\/media?parent=63258"}],"wp:term":[{"taxonomy":"category","embeddable":true,"href":"https:\/\/lestracesdelinfo.com\/index.php\/wp-json\/wp\/v2\/categories?post=63258"},{"taxonomy":"post_tag","embeddable":true,"href":"https:\/\/lestracesdelinfo.com\/index.php\/wp-json\/wp\/v2\/tags?post=63258"}],"curies":[{"name":"wp","href":"https:\/\/api.w.org\/{rel}","templated":true}]}}