{"id":63267,"date":"2025-11-05T13:54:27","date_gmt":"2025-11-05T13:54:27","guid":{"rendered":"https:\/\/lestracesdelinfo.com\/?p=63267"},"modified":"2025-11-05T13:54:57","modified_gmt":"2025-11-05T13:54:57","slug":"guinee-equatoriale-la-bad-accorde-58-millions-deuros-pour-la-promotion-de-lemploi-des-jeunes","status":"publish","type":"post","link":"https:\/\/lestracesdelinfo.com\/index.php\/2025\/11\/05\/guinee-equatoriale-la-bad-accorde-58-millions-deuros-pour-la-promotion-de-lemploi-des-jeunes\/","title":{"rendered":"Guin\u00e9e Equatoriale : La BAD accorde 58 millions d\u2019euros pour la promotion de l\u2019emploi des jeunes"},"content":{"rendered":"\n<p><a href=\"https:\/\/sahel-intelligence.com\/author\/samuel\">Samuel Benshimon<\/a>                          Sahel-intelligence .com<\/p>\n\n\n\n<figure class=\"wp-block-image\"><img decoding=\"async\" src=\"https:\/\/sahel-intelligence.com\/wp-content\/uploads\/2025\/11\/ImageNedwsGet-752x440.jpg\" alt=\"\"\/><\/figure>\n\n\n\n<p>Le Groupe de la Banque Africaine de D\u00e9veloppement (BAD) et la Guin\u00e9e Equatoriale ont sign\u00e9 r\u00e9cemment un accord de financement de 58,61 millions d\u2019euros en vue de la promotion de l\u2019inclusion et de l\u2019emploi des jeunes dans ce pays d\u2019Afrique centrale.<\/p>\n\n\n\n<p>Ce financement est destin\u00e9 \u00e0 la mise en \u0153uvre de la premi\u00e8re phase du Projet de Renforcement du Capital Humain en appui \u00e0 l\u2019inclusion \u00e9conomique et sociale qui ambitionne d\u2019am\u00e9liorer la qualit\u00e9 de l\u2019offre de formation afin d\u2019accroitre l\u2019acc\u00e8s \u00e0 l\u2019emploi des jeunes \u00e9quato-guin\u00e9ens pour une croissance port\u00e9e par le secteur priv\u00e9, explique la BAD.<\/p>\n\n\n\n<p>Paraph\u00e9 respectivement par L\u00e9andre Bassol\u00e9, directeur g\u00e9n\u00e9ral de la BAD pour l\u2019Afrique Centrale et P\u00e9dro Abeso Obiang Eyang, vice- ministre des Finances et du Budget et gouverneur suppl\u00e9ant de la Banque Equato-Guin\u00e9enne, cet accord marque le retour des investissements de la BAD dans les secteurs du d\u00e9veloppement humain en Guin\u00e9e Equatoriale, depuis dix ans, pr\u00e9cise la m\u00eame source.<\/p>\n\n\n\n<p>La premi\u00e8re phase du projet pr\u00e9voit notamment, la formation de pr\u00e8s de 2.000 jeunes, dont 45% de jeunes femmes, la cr\u00e9ation de 4.500 emplois, la mise en place de 500 entreprises dirig\u00e9es par des jeunes et des femmes, outre la construction de deux instituts polytechniques conform\u00e9ment aux standards internationaux de durabilit\u00e9 climatique.&nbsp;<\/p>\n\n\n\n<p>D\u2019un co\u00fbt global de 73,27 millions d\u2019euros, le projet sera \u00e9galement financ\u00e9 par une contrepartie du gouvernement \u00e9quato-guin\u00e9en de 14,65 millions d\u2019euros, pr\u00e9cise la BAD<\/p>\n","protected":false},"excerpt":{"rendered":"<p>Samuel Benshimon Sahel-intelligence .com Le Groupe de la Banque Africaine de D\u00e9veloppement (BAD) et la Guin\u00e9e Equatoriale ont sign\u00e9 r\u00e9cemment un accord de financement de 58,61 millions d\u2019euros en vue de la promotion de l\u2019inclusion et de l\u2019emploi des jeunes dans ce pays d\u2019Afrique centrale. Ce financement est destin\u00e9 \u00e0 la mise en \u0153uvre de [&hellip;]<\/p>\n","protected":false},"author":2,"featured_media":63268,"comment_status":"open","ping_status":"open","sticky":false,"template":"","format":"standard","meta":{"footnotes":""},"categories":[1447],"tags":[],"class_list":["post-63267","post","type-post","status-publish","format-standard","has-post-thumbnail","hentry","category-afrique"],"_links":{"self":[{"href":"https:\/\/lestracesdelinfo.com\/index.php\/wp-json\/wp\/v2\/posts\/63267","targetHints":{"allow":["GET"]}}],"collection":[{"href":"https:\/\/lestracesdelinfo.com\/index.php\/wp-json\/wp\/v2\/posts"}],"about":[{"href":"https:\/\/lestracesdelinfo.com\/index.php\/wp-json\/wp\/v2\/types\/post"}],"author":[{"embeddable":true,"href":"https:\/\/lestracesdelinfo.com\/index.php\/wp-json\/wp\/v2\/users\/2"}],"replies":[{"embeddable":true,"href":"https:\/\/lestracesdelinfo.com\/index.php\/wp-json\/wp\/v2\/comments?post=63267"}],"version-history":[{"count":1,"href":"https:\/\/lestracesdelinfo.com\/index.php\/wp-json\/wp\/v2\/posts\/63267\/revisions"}],"predecessor-version":[{"id":63269,"href":"https:\/\/lestracesdelinfo.com\/index.php\/wp-json\/wp\/v2\/posts\/63267\/revisions\/63269"}],"wp:featuredmedia":[{"embeddable":true,"href":"https:\/\/lestracesdelinfo.com\/index.php\/wp-json\/wp\/v2\/media\/63268"}],"wp:attachment":[{"href":"https:\/\/lestracesdelinfo.com\/index.php\/wp-json\/wp\/v2\/media?parent=63267"}],"wp:term":[{"taxonomy":"category","embeddable":true,"href":"https:\/\/lestracesdelinfo.com\/index.php\/wp-json\/wp\/v2\/categories?post=63267"},{"taxonomy":"post_tag","embeddable":true,"href":"https:\/\/lestracesdelinfo.com\/index.php\/wp-json\/wp\/v2\/tags?post=63267"}],"curies":[{"name":"wp","href":"https:\/\/api.w.org\/{rel}","templated":true}]}}