{"id":63276,"date":"2025-11-06T00:29:23","date_gmt":"2025-11-06T00:29:23","guid":{"rendered":"https:\/\/lestracesdelinfo.com\/?p=63276"},"modified":"2025-11-06T00:29:27","modified_gmt":"2025-11-06T00:29:27","slug":"senegal-mali-renforcement-de-la-cooperation-militaireapa-dakar-senegalapa-dakar-senegal05-novembre-2025","status":"publish","type":"post","link":"https:\/\/lestracesdelinfo.com\/index.php\/2025\/11\/06\/senegal-mali-renforcement-de-la-cooperation-militaireapa-dakar-senegalapa-dakar-senegal05-novembre-2025\/","title":{"rendered":"S\u00e9n\u00e9gal\/Mali : renforcement de la coop\u00e9ration militaireAPA-Dakar (S\u00e9n\u00e9gal)APA-Dakar (S\u00e9n\u00e9gal)05 novembre 2025 |"},"content":{"rendered":"\n<figure class=\"wp-block-image size-full\"><img loading=\"lazy\" decoding=\"async\" width=\"1024\" height=\"587\" src=\"https:\/\/lestracesdelinfo.com\/wp-content\/uploads\/2025\/11\/FB_IMG_1762342024514-1024x587-1.jpg\" alt=\"\" class=\"wp-image-63277\" srcset=\"https:\/\/lestracesdelinfo.com\/wp-content\/uploads\/2025\/11\/FB_IMG_1762342024514-1024x587-1.jpg 1024w, https:\/\/lestracesdelinfo.com\/wp-content\/uploads\/2025\/11\/FB_IMG_1762342024514-1024x587-1-300x172.jpg 300w, https:\/\/lestracesdelinfo.com\/wp-content\/uploads\/2025\/11\/FB_IMG_1762342024514-1024x587-1-768x440.jpg 768w\" sizes=\"auto, (max-width: 1024px) 100vw, 1024px\" \/><\/figure>\n\n\n\n<p><br>Face \u00e0 la d\u00e9gradation de la situation s\u00e9curitaire au Mali et \u00e0 la proximit\u00e9 grandissante de la menace jihadiste aux fronti\u00e8res s\u00e9n\u00e9galaises, Dakar et Bamako r\u00e9affirment leur volont\u00e9 de consolider leurs liens militaires.<\/p>\n\n\n\n<p>Le ministre s\u00e9n\u00e9galais des Forces arm\u00e9es, le g\u00e9n\u00e9ral Birame Diop, a re\u00e7u ce mercredi, \u00e0 Dakar, une d\u00e9l\u00e9gation de l\u2019arm\u00e9e malienne conduite par le colonel-major Oumarou Ma\u00efga, conseiller technique pour la Coop\u00e9ration au minist\u00e8re de la D\u00e9fense et des Anciens combattants du Mali, a appris APA de sources officielles.<\/p>\n\n\n\n<p>Les \u00e9changes ont port\u00e9 sur le renforcement de la coop\u00e9ration militaire entre le S\u00e9n\u00e9gal et le Mali, deux pays unis par une longue tradition de collaboration dans les domaines de la d\u00e9fense et de la s\u00e9curit\u00e9.<\/p>\n\n\n\n<p>Cette visite intervient dans un contexte s\u00e9curitaire difficile pour le Mali, confront\u00e9 depuis plusieurs jours \u00e0 une tension sur le carburant provoqu\u00e9e par les embargos d\u00e9cr\u00e9t\u00e9s par le groupe jihadiste JNIM et \u00e0 des attaques r\u00e9p\u00e9t\u00e9es contre les convois d\u2019approvisionnement men\u00e9es par la m\u00eame organisation.<\/p>\n\n\n\n<p>Elle s\u2019inscrit dans la continuit\u00e9 de la coop\u00e9ration bilat\u00e9rale soutenue entre les deux pays, renforc\u00e9e depuis le d\u00e9but de l\u2019ann\u00e9e 2025 par diverses initiatives conjointes dans les domaines s\u00e9curitaire, \u00e9conomique et diplomatique. En f\u00e9vrier dernier, le lancement des patrouilles conjointes dans la r\u00e9gion frontali\u00e8re de Diboli, pr\u00e8s de Kayes, avait illustr\u00e9 la volont\u00e9 commune de faire face \u00e0 la menace du JNIM et de renforcer la s\u00e9curit\u00e9 transfrontali\u00e8re.<\/p>\n\n\n\n<p>Le S\u00e9n\u00e9gal voit d\u2019ailleurs la menace jihadiste se rapprocher de son territoire apr\u00e8s une premi\u00e8re attaque, d\u00e9but juillet, du JNIM \u00e0 Diboli, au Mali, \u00e0 moins de deux kilom\u00e8tres de la fronti\u00e8re s\u00e9n\u00e9galaise. Cette situation renforce la n\u00e9cessit\u00e9 d\u2019une coordination accrue entre les forces de d\u00e9fense des deux pays.<\/p>\n\n\n\n<p>Cette dynamique s\u2019ajoute aux visites officielles de haut niveau ayant marqu\u00e9 les relations entre Dakar et Bamako, notamment la visite du pr\u00e9sident Bassirou Diomaye Faye au Mali en mai 2024, suivie de celle du Premier ministre Ousmane Sonko en ao\u00fbt, puis de l\u2019envoy\u00e9 sp\u00e9cial Abdoulaye Bathily en octobre 2024.<\/p>\n\n\n\n<p>Malgr\u00e9 les turbulences r\u00e9gionales et le retrait du Mali de la C\u00e9d\u00e9ao en janvier 2025, les deux pays continuent de privil\u00e9gier une coop\u00e9ration pragmatique et solidaire, ax\u00e9e sur la stabilit\u00e9 r\u00e9gionale et la lutte contre le terrorisme dans l\u2019espace sah\u00e9lo-saharien.<\/p>\n\n\n\n<p>Le Mali est le premier client africain du S\u00e9n\u00e9gal en 2024, absorbant \u00e0 lui seul plus de la moiti\u00e9 des exportations s\u00e9n\u00e9galaises vers l\u2019Afrique, selon la Note d\u2019analyse du commerce ext\u00e9rieur \u2013 \u00c9dition 2024.<\/p>\n\n\n\n<p>Les ventes du S\u00e9n\u00e9gal vers le Mali se sont \u00e9tablies \u00e0 802,8 milliards FCFA en 2024, en hausse de 8,6 % par rapport \u00e0 2023 (739 milliards). Cette performance place le Mali largement en t\u00eate des clients africains du S\u00e9n\u00e9gal et illustre la profondeur des liens \u00e9conomiques entre les deux pays.<\/p>\n\n\n\n<p>Le Mali a ainsi capt\u00e9 plus de 55 % des exportations s\u00e9n\u00e9galaises vers le continent et repr\u00e9sente \u00e0 lui seul environ 21 % de l\u2019ensemble des exportations totales du S\u00e9n\u00e9gal. Parmi les principaux produits achemin\u00e9s vers le Mali figurent les produits p\u00e9troliers finis, les pr\u00e9parations pour soupes, potages et bouillons, le ciment hydraulique, les conserves de poisson et des biens manufactur\u00e9s. Le Mali reste notamment le premier d\u00e9bouch\u00e9 pour le ciment s\u00e9n\u00e9galais, absorbant pr\u00e8s de 80 % des exportations de ce produit dans la r\u00e9gion.<\/p>\n\n\n\n<p>AC\/Sf\/APA<\/p>\n","protected":false},"excerpt":{"rendered":"<p>Face \u00e0 la d\u00e9gradation de la situation s\u00e9curitaire au Mali et \u00e0 la proximit\u00e9 grandissante de la menace jihadiste aux fronti\u00e8res s\u00e9n\u00e9galaises, Dakar et Bamako r\u00e9affirment leur volont\u00e9 de consolider leurs liens militaires. Le ministre s\u00e9n\u00e9galais des Forces arm\u00e9es, le g\u00e9n\u00e9ral Birame Diop, a re\u00e7u ce mercredi, \u00e0 Dakar, une d\u00e9l\u00e9gation de l\u2019arm\u00e9e malienne conduite [&hellip;]<\/p>\n","protected":false},"author":2,"featured_media":63277,"comment_status":"open","ping_status":"open","sticky":false,"template":"","format":"standard","meta":{"footnotes":""},"categories":[1447],"tags":[],"class_list":["post-63276","post","type-post","status-publish","format-standard","has-post-thumbnail","hentry","category-afrique"],"_links":{"self":[{"href":"https:\/\/lestracesdelinfo.com\/index.php\/wp-json\/wp\/v2\/posts\/63276","targetHints":{"allow":["GET"]}}],"collection":[{"href":"https:\/\/lestracesdelinfo.com\/index.php\/wp-json\/wp\/v2\/posts"}],"about":[{"href":"https:\/\/lestracesdelinfo.com\/index.php\/wp-json\/wp\/v2\/types\/post"}],"author":[{"embeddable":true,"href":"https:\/\/lestracesdelinfo.com\/index.php\/wp-json\/wp\/v2\/users\/2"}],"replies":[{"embeddable":true,"href":"https:\/\/lestracesdelinfo.com\/index.php\/wp-json\/wp\/v2\/comments?post=63276"}],"version-history":[{"count":1,"href":"https:\/\/lestracesdelinfo.com\/index.php\/wp-json\/wp\/v2\/posts\/63276\/revisions"}],"predecessor-version":[{"id":63278,"href":"https:\/\/lestracesdelinfo.com\/index.php\/wp-json\/wp\/v2\/posts\/63276\/revisions\/63278"}],"wp:featuredmedia":[{"embeddable":true,"href":"https:\/\/lestracesdelinfo.com\/index.php\/wp-json\/wp\/v2\/media\/63277"}],"wp:attachment":[{"href":"https:\/\/lestracesdelinfo.com\/index.php\/wp-json\/wp\/v2\/media?parent=63276"}],"wp:term":[{"taxonomy":"category","embeddable":true,"href":"https:\/\/lestracesdelinfo.com\/index.php\/wp-json\/wp\/v2\/categories?post=63276"},{"taxonomy":"post_tag","embeddable":true,"href":"https:\/\/lestracesdelinfo.com\/index.php\/wp-json\/wp\/v2\/tags?post=63276"}],"curies":[{"name":"wp","href":"https:\/\/api.w.org\/{rel}","templated":true}]}}