{"id":63288,"date":"2025-11-07T08:46:05","date_gmt":"2025-11-07T08:46:05","guid":{"rendered":"https:\/\/lestracesdelinfo.com\/?p=63288"},"modified":"2025-11-07T08:46:09","modified_gmt":"2025-11-07T08:46:09","slug":"lallemagne-accorde-49-millions-deuros-a-la-cedeao","status":"publish","type":"post","link":"https:\/\/lestracesdelinfo.com\/index.php\/2025\/11\/07\/lallemagne-accorde-49-millions-deuros-a-la-cedeao\/","title":{"rendered":"L\u2019Allemagne accorde 49 millions d\u2019euros \u00e0 la C\u00e9d\u00e9ao"},"content":{"rendered":"\n<p><img loading=\"lazy\" decoding=\"async\" width=\"32\" height=\"32\" srcset=\"https:\/\/fr.apanews.net\/wp-content\/uploads\/sites\/2\/2023\/09\/APA-Ico-48x48.png 48w, https:\/\/fr.apanews.net\/wp-content\/uploads\/sites\/2\/2023\/09\/APA-Ico-300x300.png 300w, https:\/\/fr.apanews.net\/wp-content\/uploads\/sites\/2\/2023\/09\/APA-Ico-150x150.png 150w, https:\/\/fr.apanews.net\/wp-content\/uploads\/sites\/2\/2023\/09\/APA-Ico-70x70.png 70w, https:\/\/fr.apanews.net\/wp-content\/uploads\/sites\/2\/2023\/09\/APA-Ico-450x450.png 450w, https:\/\/fr.apanews.net\/wp-content\/uploads\/sites\/2\/2023\/09\/APA-Ico-24x24.png 24w, https:\/\/fr.apanews.net\/wp-content\/uploads\/sites\/2\/2023\/09\/APA-Ico-96x96.png 96w, https:\/\/fr.apanews.net\/wp-content\/uploads\/sites\/2\/2023\/09\/APA-Ico.png 512w\" src=\"https:\/\/fr.apanews.net\/wp-content\/uploads\/sites\/2\/2023\/09\/APA-Ico-48x48.png\" alt=\"APA-Abuja (Nig\u00e9ria)\"><a>APA-Abuja (Nig\u00e9ria)<\/a><\/p>\n\n\n\n<figure class=\"wp-block-image\"><img decoding=\"async\" src=\"https:\/\/fr.apanews.net\/wp-content\/uploads\/sites\/2\/2025\/11\/FB_IMG_1762425826277-1024x671.jpg\" alt=\"\" title=\"L\u2019Allemagne accorde 49 millions d\u2019euros \u00e0 la C\u00e9d\u00e9ao\"\/><\/figure>\n\n\n\n<p><a href=\"https:\/\/www.facebook.com\/sharer.php?u=https%3A%2F%2Ffr.apanews.net%2Fdiplomacy%2Flallemagne-accorde-49-millions-deuros-a-la-cedeao%2F\" target=\"_blank\" rel=\"noreferrer noopener\"><\/a><a href=\"https:\/\/twitter.com\/intent\/tweet?url=https%3A%2F%2Ffr.apanews.net%2Fdiplomacy%2Flallemagne-accorde-49-millions-deuros-a-la-cedeao%2F&amp;text=L%E2%80%99Allemagne%20accorde%2049%20millions%20d%E2%80%99euros%20%C3%A0%20la%20C%C3%A9d%C3%A9ao\" target=\"_blank\" rel=\"noreferrer noopener\"><\/a><a href=\"https:\/\/wa.me\/?text=L%E2%80%99Allemagne%20accorde%2049%20millions%20d%E2%80%99euros%20%C3%A0%20la%20C%C3%A9d%C3%A9ao%20https%3A%2F%2Ffr.apanews.net%2Fdiplomacy%2Flallemagne-accorde-49-millions-deuros-a-la-cedeao%2F\" target=\"_blank\" rel=\"noreferrer noopener\"><\/a><a href=\"mailto:?subject=L%E2%80%99Allemagne%20accorde%2049%20millions%20d%E2%80%99euros%20%C3%A0%20la%20C%C3%A9d%C3%A9ao&amp;body=https%3A%2F%2Ffr.apanews.net%2Fdiplomacy%2Flallemagne-accorde-49-millions-deuros-a-la-cedeao%2F\" target=\"_blank\" rel=\"noreferrer noopener\"><\/a><a href=\"https:\/\/www.linkedin.com\/shareArticle?mini=true&amp;url=https%3A%2F%2Ffr.apanews.net%2Fdiplomacy%2Flallemagne-accorde-49-millions-deuros-a-la-cedeao%2F\" target=\"_blank\" rel=\"noreferrer noopener\"><\/a><a href=\"https:\/\/t.me\/share\/url?url=https%3A%2F%2Ffr.apanews.net%2Fdiplomacy%2Flallemagne-accorde-49-millions-deuros-a-la-cedeao%2F&amp;title=L%E2%80%99Allemagne%20accorde%2049%20millions%20d%E2%80%99euros%20%C3%A0%20la%20C%C3%A9d%C3%A9ao\" target=\"_blank\" rel=\"noreferrer noopener\"><\/a><\/p>\n\n\n\n<p><strong>L\u2019Allemagne renforce son partenariat strat\u00e9gique avec la C\u00e9d\u00e9ao \u00e0 travers une nouvelle enveloppe financi\u00e8re (\u20ac49 millions) destin\u00e9e \u00e0 consolider la paix, la s\u00e9curit\u00e9 et le d\u00e9veloppement socio-\u00e9conomique en Afrique de l\u2019Ouest.<\/strong><\/p>\n\n\n\n<p>L\u2019Allemagne a annonc\u00e9 une contribution de 49 millions d\u2019euros en appui \u00e0 la Communaut\u00e9 \u00e9conomique des \u00c9tats de l\u2019Afrique de l\u2019Ouest (C\u00e9d\u00e9ao) pour soutenir la paix, la s\u00e9curit\u00e9, la sant\u00e9 et le d\u00e9veloppement \u00e9conomique dans la r\u00e9gion.<\/p>\n\n\n\n<p>Cet engagement financier est le fruit d\u2019une n\u00e9gociation bilat\u00e9rale sur la coop\u00e9ration au d\u00e9veloppement tenue les 4 et 5 novembre 2025 au si\u00e8ge de la Commission de la C\u00e9d\u00e9ao, \u00e0 Abuja, au Nig\u00e9ria, rapporte l\u2019Organisation communautaire jeudi.<\/p>\n\n\n\n<p>Selon un communiqu\u00e9 conjoint parvenu \u00e0 APA, les deux parties ont r\u00e9affirm\u00e9 leur partenariat de longue date et exprim\u00e9 leur volont\u00e9 d\u2019approfondir leur collaboration dans les domaines de la bonne gouvernance, de la s\u00e9curit\u00e9 r\u00e9gionale et du d\u00e9veloppement durable.<\/p>\n\n\n\n<p>Le financement allemand, \u00e9quivalant \u00e0 82 milliards de nairas, sera destin\u00e9 \u00e0 appuyer divers programmes r\u00e9gionaux visant \u00e0 consolider la paix, stimuler la croissance \u00e9conomique et renforcer les syst\u00e8mes de sant\u00e9 au sein des \u00c9tats membres de la C\u00e9d\u00e9ao.<\/p>\n\n\n\n<p><strong>AC\/Sf\/APA<\/strong><\/p>\n","protected":false},"excerpt":{"rendered":"<p>APA-Abuja (Nig\u00e9ria) L\u2019Allemagne renforce son partenariat strat\u00e9gique avec la C\u00e9d\u00e9ao \u00e0 travers une nouvelle enveloppe financi\u00e8re (\u20ac49 millions) destin\u00e9e \u00e0 consolider la paix, la s\u00e9curit\u00e9 et le d\u00e9veloppement socio-\u00e9conomique en Afrique de l\u2019Ouest. L\u2019Allemagne a annonc\u00e9 une contribution de 49 millions d\u2019euros en appui \u00e0 la Communaut\u00e9 \u00e9conomique des \u00c9tats de l\u2019Afrique de l\u2019Ouest (C\u00e9d\u00e9ao) [&hellip;]<\/p>\n","protected":false},"author":2,"featured_media":63289,"comment_status":"open","ping_status":"open","sticky":false,"template":"","format":"standard","meta":{"footnotes":""},"categories":[1447],"tags":[],"class_list":["post-63288","post","type-post","status-publish","format-standard","has-post-thumbnail","hentry","category-afrique"],"_links":{"self":[{"href":"https:\/\/lestracesdelinfo.com\/index.php\/wp-json\/wp\/v2\/posts\/63288","targetHints":{"allow":["GET"]}}],"collection":[{"href":"https:\/\/lestracesdelinfo.com\/index.php\/wp-json\/wp\/v2\/posts"}],"about":[{"href":"https:\/\/lestracesdelinfo.com\/index.php\/wp-json\/wp\/v2\/types\/post"}],"author":[{"embeddable":true,"href":"https:\/\/lestracesdelinfo.com\/index.php\/wp-json\/wp\/v2\/users\/2"}],"replies":[{"embeddable":true,"href":"https:\/\/lestracesdelinfo.com\/index.php\/wp-json\/wp\/v2\/comments?post=63288"}],"version-history":[{"count":1,"href":"https:\/\/lestracesdelinfo.com\/index.php\/wp-json\/wp\/v2\/posts\/63288\/revisions"}],"predecessor-version":[{"id":63290,"href":"https:\/\/lestracesdelinfo.com\/index.php\/wp-json\/wp\/v2\/posts\/63288\/revisions\/63290"}],"wp:featuredmedia":[{"embeddable":true,"href":"https:\/\/lestracesdelinfo.com\/index.php\/wp-json\/wp\/v2\/media\/63289"}],"wp:attachment":[{"href":"https:\/\/lestracesdelinfo.com\/index.php\/wp-json\/wp\/v2\/media?parent=63288"}],"wp:term":[{"taxonomy":"category","embeddable":true,"href":"https:\/\/lestracesdelinfo.com\/index.php\/wp-json\/wp\/v2\/categories?post=63288"},{"taxonomy":"post_tag","embeddable":true,"href":"https:\/\/lestracesdelinfo.com\/index.php\/wp-json\/wp\/v2\/tags?post=63288"}],"curies":[{"name":"wp","href":"https:\/\/api.w.org\/{rel}","templated":true}]}}