{"id":63291,"date":"2025-11-07T08:59:05","date_gmt":"2025-11-07T08:59:05","guid":{"rendered":"https:\/\/lestracesdelinfo.com\/?p=63291"},"modified":"2025-11-07T08:59:08","modified_gmt":"2025-11-07T08:59:08","slug":"detention-de-farba-ngom-et-autres-antoine-fait-la-vey","status":"publish","type":"post","link":"https:\/\/lestracesdelinfo.com\/index.php\/2025\/11\/07\/detention-de-farba-ngom-et-autres-antoine-fait-la-vey\/","title":{"rendered":"D\u00e9tention de Farba Ngom et autres : ANTOINE FAIT LA VEY"},"content":{"rendered":"\n<p><a href=\"https:\/\/lequotidien.sn\/author\/aicha\/\">Lequotidien<\/a>\u00a0<\/p>\n\n\n\n<figure class=\"wp-block-image\"><img decoding=\"async\" src=\"https:\/\/lequotidien.sn\/wp-content\/uploads\/2025\/11\/FARBA-NGOM.jpg\" alt=\"\"\/><\/figure>\n\n\n\n<p><strong>Pour documenter la situation individuelle des d\u00e9tenus Farba Ngom et Moustapha Diop, le cabinet Vey &amp; associ\u00e9s a mandat\u00e9 Pr Mads Andenas, sp\u00e9cialiste international des droits humains et de la d\u00e9tention arbitraire, pour conduire une mission ind\u00e9pendante \u00e0 Dakar, les 5 et 6 novembre 2025.&nbsp;<\/strong><strong>Par Justin GOMIS \u2013<\/strong><\/p>\n\n\n\n<p>&nbsp;Les avocats de Moustapha Diop, Farba Ngom et Cie ouvrent un autre front judiciaire pour sauver leurs clients. Me Antoine Vey, avocat au Barreau de Paris, ses confr\u00e8res du collectif d\u2019avocats Takku du Barreau de Dakar ont tenu hier une conf\u00e9rence la presse pour se pencher sur le dossier de membres de l\u2019ancien r\u00e9gime sous le coup de plusieurs mandats de d\u00e9p\u00f4t. Mais, l\u2019expert international r\u00e9put\u00e9, Pr Mads Andenas, ancien membre du Groupe de travail sur la d\u00e9tention arbitraire des Nations unies entre 2009 et 2015, constitue la botte secr\u00e8te des d\u00e9tenus dits politiques. \u00abNous avons souhait\u00e9, apr\u00e8s une premi\u00e8re visite et une premi\u00e8re conf\u00e9rence que nous avions tenues au S\u00e9n\u00e9gal il y a quelques mois, montrer \u00e0 l\u2019opinion internationale une expertise ind\u00e9pendante sur la situation des personnes mises en cause au S\u00e9n\u00e9gal, et notamment celle de deux personnes actuellement d\u00e9tenues : Farba Ngom, que nous avons rencontr\u00e9 il y a quelques minutes en prison, et Moustapha Diop, que nous rencontrerons demain\u00bb, annonce Me Antoine Vey, flanqu\u00e9 du Pr Andenas et de Me Antoine Mbengue, repr\u00e9sentant le pool d\u2019avocats s\u00e9n\u00e9galais.<\/p>\n\n\n\n<p>Dans leurs discours, ils ont regrett\u00e9 que les demandes de mise en libert\u00e9 provisoire de Farba Ngom et Moustapha Diop aient \u00e9t\u00e9 syst\u00e9matiquement rejet\u00e9es par les diff\u00e9rentes juridictions. Le cabinet Vey rappelle avoir adress\u00e9, le 9 octobre 2025, deux courriers \u00e0 la Justice s\u00e9n\u00e9galaise, demandant la lib\u00e9ration imm\u00e9diate de Farba Ngom et de Moustapha Diop, tout en d\u00e9non\u00e7ant \u00abune proc\u00e9dure d\u00e9pourvue de fondement juridique et contraire aux engagements internationaux du S\u00e9n\u00e9gal\u00bb. \u00abNous avons une personne que nous avons vue en d\u00e9tention qui a fait l\u2019objet d\u2019expertises m\u00e9dicales coll\u00e9giales ordonn\u00e9es par les juges, et ces expertises coll\u00e9giales ont toutes conclu \u00e0 l\u2019incompatibilit\u00e9 de son \u00e9tat de sant\u00e9 avec une mesure de d\u00e9tention. Farba Ngom a \u00e9t\u00e9 transf\u00e9r\u00e9 d\u2019une prison vers un autre centre de d\u00e9tention que nous avons visit\u00e9 et dans lequel nous avons pu constater, d\u2019ores et d\u00e9j\u00e0 (et \u00e7a appara\u00eetra, j\u2019imagine, dans le rapport du professeur Andenas), qu\u2019il ne b\u00e9n\u00e9ficie absolument pas des soins m\u00e9dicaux dont il aurait besoin\u00bb, poursuit l\u2019avocat. Le Pr Andenas pr\u00e9vient&nbsp;: \u00abMon r\u00f4le n\u2019est pas d\u2019accuser le S\u00e9n\u00e9gal, mais de constater les choses de mani\u00e8re objective, afin d\u2019en dresser une expertise ind\u00e9pendante.\u00bb Il va faire une expertise s\u00e9quenc\u00e9e dont la premi\u00e8re porte sur les indices manifestes de judiciarisation de la vie politique, voire d\u2019instrumentalisation de l\u2019appareil judiciaire \u00e0 des fins politiques. Il \u00e9voque les cas des arrestations d\u2019anciennes personnalit\u00e9s du pouvoir d\u00e9chu, la judiciarisation des journalistes, des leaders d\u2019opinion, influenceurs et des manifestants. Evaluant le contexte plus large des atteintes aux libert\u00e9s publiques au S\u00e9n\u00e9gal, \u00ables conclusions de cette mission feront l\u2019objet d\u2019un rapport d\u2019\u00e9valuation ind\u00e9pendant, qui sera transmis aux instances internationales comp\u00e9tentes\u00bb, selon le communiqu\u00e9.<br><strong>justin@lequotidien.sn<\/strong><\/p>\n","protected":false},"excerpt":{"rendered":"<p>Lequotidien\u00a0 Pour documenter la situation individuelle des d\u00e9tenus Farba Ngom et Moustapha Diop, le cabinet Vey &amp; associ\u00e9s a mandat\u00e9 Pr Mads Andenas, sp\u00e9cialiste international des droits humains et de la d\u00e9tention arbitraire, pour conduire une mission ind\u00e9pendante \u00e0 Dakar, les 5 et 6 novembre 2025.&nbsp;Par Justin GOMIS \u2013 &nbsp;Les avocats de Moustapha Diop, Farba [&hellip;]<\/p>\n","protected":false},"author":2,"featured_media":63292,"comment_status":"open","ping_status":"open","sticky":false,"template":"","format":"standard","meta":{"footnotes":""},"categories":[1447],"tags":[],"class_list":["post-63291","post","type-post","status-publish","format-standard","has-post-thumbnail","hentry","category-afrique"],"_links":{"self":[{"href":"https:\/\/lestracesdelinfo.com\/index.php\/wp-json\/wp\/v2\/posts\/63291","targetHints":{"allow":["GET"]}}],"collection":[{"href":"https:\/\/lestracesdelinfo.com\/index.php\/wp-json\/wp\/v2\/posts"}],"about":[{"href":"https:\/\/lestracesdelinfo.com\/index.php\/wp-json\/wp\/v2\/types\/post"}],"author":[{"embeddable":true,"href":"https:\/\/lestracesdelinfo.com\/index.php\/wp-json\/wp\/v2\/users\/2"}],"replies":[{"embeddable":true,"href":"https:\/\/lestracesdelinfo.com\/index.php\/wp-json\/wp\/v2\/comments?post=63291"}],"version-history":[{"count":1,"href":"https:\/\/lestracesdelinfo.com\/index.php\/wp-json\/wp\/v2\/posts\/63291\/revisions"}],"predecessor-version":[{"id":63293,"href":"https:\/\/lestracesdelinfo.com\/index.php\/wp-json\/wp\/v2\/posts\/63291\/revisions\/63293"}],"wp:featuredmedia":[{"embeddable":true,"href":"https:\/\/lestracesdelinfo.com\/index.php\/wp-json\/wp\/v2\/media\/63292"}],"wp:attachment":[{"href":"https:\/\/lestracesdelinfo.com\/index.php\/wp-json\/wp\/v2\/media?parent=63291"}],"wp:term":[{"taxonomy":"category","embeddable":true,"href":"https:\/\/lestracesdelinfo.com\/index.php\/wp-json\/wp\/v2\/categories?post=63291"},{"taxonomy":"post_tag","embeddable":true,"href":"https:\/\/lestracesdelinfo.com\/index.php\/wp-json\/wp\/v2\/tags?post=63291"}],"curies":[{"name":"wp","href":"https:\/\/api.w.org\/{rel}","templated":true}]}}