{"id":63314,"date":"2025-11-10T07:07:21","date_gmt":"2025-11-10T07:07:21","guid":{"rendered":"https:\/\/lestracesdelinfo.com\/?p=63314"},"modified":"2025-11-10T07:07:51","modified_gmt":"2025-11-10T07:07:51","slug":"dakar-mobilisation-du-pastef-affrontements-a-sacre-coeur","status":"publish","type":"post","link":"https:\/\/lestracesdelinfo.com\/index.php\/2025\/11\/10\/dakar-mobilisation-du-pastef-affrontements-a-sacre-coeur\/","title":{"rendered":"Dakar : mobilisation du Pastef, affrontements \u00e0 Sacr\u00e9-C\u0153ur"},"content":{"rendered":"\n<p><img loading=\"lazy\" decoding=\"async\" width=\"32\" height=\"32\" srcset=\"https:\/\/fr.apanews.net\/wp-content\/uploads\/sites\/2\/2023\/09\/APA-Ico-48x48.png 48w, https:\/\/fr.apanews.net\/wp-content\/uploads\/sites\/2\/2023\/09\/APA-Ico-300x300.png 300w, https:\/\/fr.apanews.net\/wp-content\/uploads\/sites\/2\/2023\/09\/APA-Ico-150x150.png 150w, https:\/\/fr.apanews.net\/wp-content\/uploads\/sites\/2\/2023\/09\/APA-Ico-70x70.png 70w, https:\/\/fr.apanews.net\/wp-content\/uploads\/sites\/2\/2023\/09\/APA-Ico-450x450.png 450w, https:\/\/fr.apanews.net\/wp-content\/uploads\/sites\/2\/2023\/09\/APA-Ico-24x24.png 24w, https:\/\/fr.apanews.net\/wp-content\/uploads\/sites\/2\/2023\/09\/APA-Ico-96x96.png 96w, https:\/\/fr.apanews.net\/wp-content\/uploads\/sites\/2\/2023\/09\/APA-Ico.png 512w\" src=\"https:\/\/fr.apanews.net\/wp-content\/uploads\/sites\/2\/2023\/09\/APA-Ico-48x48.png\" alt=\"APA-Dakar (S\u00e9n\u00e9gal)\"><a>APA-Dakar (S\u00e9n\u00e9gal)<\/a><\/p>\n\n\n\n<figure class=\"wp-block-image\"><img decoding=\"async\" src=\"https:\/\/fr.apanews.net\/wp-content\/uploads\/sites\/2\/2025\/11\/Screenshot_20251109-100514-1024x443.jpg\" alt=\"\" title=\"Dakar : mobilisation du Pastef, affrontements \u00e0 Sacr\u00e9-C\u0153ur\"\/><\/figure>\n\n\n\n<p><a href=\"https:\/\/www.facebook.com\/sharer.php?u=https%3A%2F%2Ffr.apanews.net%2Fnews%2Fdakar-mobilisation-du-pastef-affrontements-a-sacre-coeur%2F\" target=\"_blank\" rel=\"noreferrer noopener\"><\/a><a href=\"https:\/\/twitter.com\/intent\/tweet?url=https%3A%2F%2Ffr.apanews.net%2Fnews%2Fdakar-mobilisation-du-pastef-affrontements-a-sacre-coeur%2F&amp;text=Dakar%20%3A%20mobilisation%20du%20Pastef%2C%20affrontements%20%C3%A0%20Sacr%C3%A9-C%C5%93ur\" target=\"_blank\" rel=\"noreferrer noopener\"><\/a><a href=\"https:\/\/wa.me\/?text=Dakar%20%3A%20mobilisation%20du%20Pastef%2C%20affrontements%20%C3%A0%20Sacr%C3%A9-C%C5%93ur%20https%3A%2F%2Ffr.apanews.net%2Fnews%2Fdakar-mobilisation-du-pastef-affrontements-a-sacre-coeur%2F\" target=\"_blank\" rel=\"noreferrer noopener\"><\/a><a href=\"mailto:?subject=Dakar%20%3A%20mobilisation%20du%20Pastef%2C%20affrontements%20%C3%A0%20Sacr%C3%A9-C%C5%93ur&amp;body=https%3A%2F%2Ffr.apanews.net%2Fnews%2Fdakar-mobilisation-du-pastef-affrontements-a-sacre-coeur%2F\" target=\"_blank\" rel=\"noreferrer noopener\"><\/a><a href=\"https:\/\/www.linkedin.com\/shareArticle?mini=true&amp;url=https%3A%2F%2Ffr.apanews.net%2Fnews%2Fdakar-mobilisation-du-pastef-affrontements-a-sacre-coeur%2F\" target=\"_blank\" rel=\"noreferrer noopener\"><\/a><a href=\"https:\/\/t.me\/share\/url?url=https%3A%2F%2Ffr.apanews.net%2Fnews%2Fdakar-mobilisation-du-pastef-affrontements-a-sacre-coeur%2F&amp;title=Dakar%20%3A%20mobilisation%20du%20Pastef%2C%20affrontements%20%C3%A0%20Sacr%C3%A9-C%C5%93ur\" target=\"_blank\" rel=\"noreferrer noopener\"><\/a><\/p>\n\n\n\n<p><strong>La capitale s\u00e9n\u00e9galaise a connu samedi deux manifestations aux issues contrast\u00e9es : un grand meeting du parti au pouvoir et la dispersion par la police d\u2019un rassemblement de l\u2019opposition interdit par les autorit\u00e9s.<\/strong><\/p>\n\n\n\n<p>Des dizaines de milliers de partisans du Premier ministre et leader du Pastef, Ousmane Sonko, ont particip\u00e9 samedi au \u00ab&nbsp;<em>Tera Meeting<\/em>&nbsp;\u00bb, un grand rassemblement qui s\u2019est tenu \u00e0 Dakar, dans un contexte politique marqu\u00e9 par des tensions avec l\u2019opposition.<\/p>\n\n\n\n<p>Devant ses partisans, M. Sonko a pr\u00e9sent\u00e9 les orientations de son gouvernement, ax\u00e9es sur l\u2019\u00e9conomie, la justice et la gouvernance. Il a d\u00e9clar\u00e9 vouloir \u00ab&nbsp;<em>b\u00e2tir une \u00e9conomie comp\u00e9titive<\/em>&nbsp;\u00bb reposant sur des \u00ab&nbsp;<em>ressources humaines qualifi\u00e9es<\/em>&nbsp;\u00bb, tout en critiquant l\u2019ancien r\u00e9gime qu\u2019il accuse d\u2019avoir laiss\u00e9 \u00ab&nbsp;<em>une dette colossale<\/em>&nbsp;\u00bb et des \u00ab&nbsp;<em>dettes cach\u00e9es<\/em>&nbsp;\u00bb, qualifiant ces derni\u00e8res de \u00ab&nbsp;<em>haute trahison<\/em>&nbsp;\u00bb.<\/p>\n\n\n\n<p>\u00ab&nbsp;<em>Toute personne qui nie l\u2019existence de cette dette cach\u00e9e doit \u00eatre traduite devant la justice<\/em>&nbsp;\u00bb, a affirm\u00e9 le leader politique, ajoutant que \u00ab&nbsp;<em>ceux qui ont vol\u00e9 ou caus\u00e9 la mort de S\u00e9n\u00e9galais devront r\u00e9pondre de leurs actes<\/em>&nbsp;\u00bb. Il a \u00e9galement d\u00e9clar\u00e9 que \u00ab&nbsp;<em>la justice n\u2019appartient pas aux magistrats mais au peuple s\u00e9n\u00e9galais<\/em>&nbsp;\u00bb.<\/p>\n\n\n\n<p>M. Sonko a annonc\u00e9 un plan de mobilisation de 10 000 milliards de francs CFA sur trois ans, financ\u00e9 par de nouvelles taxes sur l\u2019alcool, le tabac et d\u2019autres produits.<\/p>\n\n\n\n<p>Le pr\u00e9sident du Pastef a r\u00e9affirm\u00e9 sa politique de tol\u00e9rance z\u00e9ro contre la corruption, avertissant que \u00ab&nbsp;<em>tout membre du parti convaincu de d\u00e9tournement ira en prison<\/em>&nbsp;\u00bb. Il a d\u00e9nonc\u00e9 \u00ab&nbsp;<em>le pouvoir de l\u2019argent sale \u00bb<\/em>&nbsp;et \u00ab&nbsp;<em>un syst\u00e8me encore pr\u00e9sent dans la justice et l\u2019administration<\/em>&nbsp;\u00bb.<\/p>\n\n\n\n<p>Concernant sa relation avec le pr\u00e9sident Bassirou Diomaye Faye, il a assur\u00e9 qu\u2019il n\u2019existait \u00ab&nbsp;<em>aucune tension<\/em>&nbsp;\u00bb entre eux.<\/p>\n\n\n\n<p>Parall\u00e8lement au rassemblement du Pastef, des tensions sont survenues \u00e0 Sacr\u00e9-C\u0153ur, o\u00f9 le collectif d\u2019opposition \u00ab<em>&nbsp;\u00d1axtu National<\/em>&nbsp;\u00bb a tent\u00e9 de manifester malgr\u00e9 l\u2019interdiction pr\u00e9fectorale. La situation a d\u00e9g\u00e9n\u00e9r\u00e9 en affrontements entre manifestants et forces de l\u2019ordre.<\/p>\n\n\n\n<p>Selon des t\u00e9moins, un important dispositif de s\u00e9curit\u00e9 avait \u00e9t\u00e9 d\u00e9ploy\u00e9 sur la VDN et aux alentours. Les forces de d\u00e9fense et de s\u00e9curit\u00e9 ont fait usage de grenades lacrymog\u00e8nes pour disperser les manifestants. Des sc\u00e8nes de panique ont \u00e9t\u00e9 observ\u00e9es, affectant \u00e9galement des journalistes pr\u00e9sents. Deux reporters ont \u00e9t\u00e9 incommod\u00e9s par les gaz avant d\u2019\u00eatre secourus par leurs confr\u00e8res, rapporte le site d\u2019informations Dakaractu.<\/p>\n\n\n\n<p>Des images des incidents ont circul\u00e9 sur les r\u00e9seaux sociaux. Plusieurs interpellations ont \u00e9t\u00e9 signal\u00e9es, dont celle de Talla Sylla et de membres du collectif \u00ab<em>&nbsp;\u00d1axtu National<\/em>&nbsp;\u00bb.<\/p>\n\n\n\n<p><strong>AC\/Sf\/APA<\/strong><\/p>\n","protected":false},"excerpt":{"rendered":"<p>APA-Dakar (S\u00e9n\u00e9gal) La capitale s\u00e9n\u00e9galaise a connu samedi deux manifestations aux issues contrast\u00e9es : un grand meeting du parti au pouvoir et la dispersion par la police d\u2019un rassemblement de l\u2019opposition interdit par les autorit\u00e9s. Des dizaines de milliers de partisans du Premier ministre et leader du Pastef, Ousmane Sonko, ont particip\u00e9 samedi au \u00ab&nbsp;Tera [&hellip;]<\/p>\n","protected":false},"author":2,"featured_media":63315,"comment_status":"open","ping_status":"open","sticky":false,"template":"","format":"standard","meta":{"footnotes":""},"categories":[1447],"tags":[],"class_list":["post-63314","post","type-post","status-publish","format-standard","has-post-thumbnail","hentry","category-afrique"],"_links":{"self":[{"href":"https:\/\/lestracesdelinfo.com\/index.php\/wp-json\/wp\/v2\/posts\/63314","targetHints":{"allow":["GET"]}}],"collection":[{"href":"https:\/\/lestracesdelinfo.com\/index.php\/wp-json\/wp\/v2\/posts"}],"about":[{"href":"https:\/\/lestracesdelinfo.com\/index.php\/wp-json\/wp\/v2\/types\/post"}],"author":[{"embeddable":true,"href":"https:\/\/lestracesdelinfo.com\/index.php\/wp-json\/wp\/v2\/users\/2"}],"replies":[{"embeddable":true,"href":"https:\/\/lestracesdelinfo.com\/index.php\/wp-json\/wp\/v2\/comments?post=63314"}],"version-history":[{"count":1,"href":"https:\/\/lestracesdelinfo.com\/index.php\/wp-json\/wp\/v2\/posts\/63314\/revisions"}],"predecessor-version":[{"id":63316,"href":"https:\/\/lestracesdelinfo.com\/index.php\/wp-json\/wp\/v2\/posts\/63314\/revisions\/63316"}],"wp:featuredmedia":[{"embeddable":true,"href":"https:\/\/lestracesdelinfo.com\/index.php\/wp-json\/wp\/v2\/media\/63315"}],"wp:attachment":[{"href":"https:\/\/lestracesdelinfo.com\/index.php\/wp-json\/wp\/v2\/media?parent=63314"}],"wp:term":[{"taxonomy":"category","embeddable":true,"href":"https:\/\/lestracesdelinfo.com\/index.php\/wp-json\/wp\/v2\/categories?post=63314"},{"taxonomy":"post_tag","embeddable":true,"href":"https:\/\/lestracesdelinfo.com\/index.php\/wp-json\/wp\/v2\/tags?post=63314"}],"curies":[{"name":"wp","href":"https:\/\/api.w.org\/{rel}","templated":true}]}}