{"id":63363,"date":"2025-11-17T07:17:47","date_gmt":"2025-11-17T07:17:47","guid":{"rendered":"https:\/\/lestracesdelinfo.com\/?p=63363"},"modified":"2025-11-17T07:18:22","modified_gmt":"2025-11-17T07:18:22","slug":"les-incendies-de-feux-de-brousse-au-brakna-maitrises-apres-3-jours-defforts","status":"publish","type":"post","link":"https:\/\/lestracesdelinfo.com\/index.php\/2025\/11\/17\/les-incendies-de-feux-de-brousse-au-brakna-maitrises-apres-3-jours-defforts\/","title":{"rendered":"Les incendies de feux de brousse au Brakna maitris\u00e9s apr\u00e8s 3 jours d\u2019efforts"},"content":{"rendered":"\n<figure class=\"wp-block-image size-full\"><img loading=\"lazy\" decoding=\"async\" width=\"600\" height=\"400\" src=\"https:\/\/lestracesdelinfo.com\/wp-content\/uploads\/2025\/11\/image-6.png\" alt=\"\" class=\"wp-image-63364\" srcset=\"https:\/\/lestracesdelinfo.com\/wp-content\/uploads\/2025\/11\/image-6.png 600w, https:\/\/lestracesdelinfo.com\/wp-content\/uploads\/2025\/11\/image-6-300x200.png 300w\" sizes=\"auto, (max-width: 600px) 100vw, 600px\" \/><\/figure>\n\n\n\n<p><strong>SAHARA M\u00c9DIAS &#8211;<\/strong> Les autorit\u00e9s locales de la wilaya de l<strong>\u2019Assaba o<\/strong>nt circonscrit dimanche les incendies de for\u00eat qui se sont d\u00e9clar\u00e9s pendant trois jours dans les environs d<strong>u village de T\u2019Beybil dans la commune de Blajmil, apr\u00e8s que des unit\u00e9s de la garde, de la gendarmerie, de la police et de la protection c<\/strong>ivile se soient jointes aux habitants pour lutter contre les flammes.<br><br>Le wali de l\u2019Assaba, Ahmedou Adahi Khte\u00efra, a d\u00e9clar\u00e9 que les \u00e9quipes d\u2019intervention avaient r\u00e9ussi \u00e0 arr\u00eater la propagation des incendies et \u00e0 prot\u00e9ger les p\u00e2turages proches du village, malgr\u00e9 les d\u00e9g\u00e2ts caus\u00e9s \u00e0 de vastes zones de v\u00e9g\u00e9tation dans la r\u00e9gion.<br><br>Le wali a appel\u00e9 les habitants \u00e0 \u00e9viter de provoquer des incendies et \u00e0 les signaler rapidement, les mettant en garde contre les sanctions pr\u00e9vues par la loi en cas d\u2019incendie volontaire.<br><br>Il a ajout\u00e9 que les autorit\u00e9s interviendraient plus rapidement \u00e0 l\u2019avenir malgr\u00e9 l\u2019absence actuelle de voies de communication, soulignant que l\u2019ouverture des routes apr\u00e8s la saison des pluies contribuerait \u00e0 r\u00e9duire les risques d\u2019incendie dans les p\u00e2turages et \u00e0 acc\u00e9l\u00e9rer les interventions.<br><br>Selon le gouvernement, les incendies d\u00e9truisent chaque ann\u00e9e plus de 200 000 hectares de p\u00e2turages, ce qui \u00e9quivaut \u00e0 une perte \u00e9conomique de 5 milliards MRU, sans compter les pertes humaines potentielles.<\/p>\n","protected":false},"excerpt":{"rendered":"<p>SAHARA M\u00c9DIAS &#8211; Les autorit\u00e9s locales de la wilaya de l\u2019Assaba ont circonscrit dimanche les incendies de for\u00eat qui se sont d\u00e9clar\u00e9s pendant trois jours dans les environs du village de T\u2019Beybil dans la commune de Blajmil, apr\u00e8s que des unit\u00e9s de la garde, de la gendarmerie, de la police et de la protection civile [&hellip;]<\/p>\n","protected":false},"author":2,"featured_media":63364,"comment_status":"open","ping_status":"open","sticky":false,"template":"","format":"standard","meta":{"footnotes":""},"categories":[1449],"tags":[],"class_list":["post-63363","post","type-post","status-publish","format-standard","has-post-thumbnail","hentry","category-national"],"_links":{"self":[{"href":"https:\/\/lestracesdelinfo.com\/index.php\/wp-json\/wp\/v2\/posts\/63363","targetHints":{"allow":["GET"]}}],"collection":[{"href":"https:\/\/lestracesdelinfo.com\/index.php\/wp-json\/wp\/v2\/posts"}],"about":[{"href":"https:\/\/lestracesdelinfo.com\/index.php\/wp-json\/wp\/v2\/types\/post"}],"author":[{"embeddable":true,"href":"https:\/\/lestracesdelinfo.com\/index.php\/wp-json\/wp\/v2\/users\/2"}],"replies":[{"embeddable":true,"href":"https:\/\/lestracesdelinfo.com\/index.php\/wp-json\/wp\/v2\/comments?post=63363"}],"version-history":[{"count":1,"href":"https:\/\/lestracesdelinfo.com\/index.php\/wp-json\/wp\/v2\/posts\/63363\/revisions"}],"predecessor-version":[{"id":63365,"href":"https:\/\/lestracesdelinfo.com\/index.php\/wp-json\/wp\/v2\/posts\/63363\/revisions\/63365"}],"wp:featuredmedia":[{"embeddable":true,"href":"https:\/\/lestracesdelinfo.com\/index.php\/wp-json\/wp\/v2\/media\/63364"}],"wp:attachment":[{"href":"https:\/\/lestracesdelinfo.com\/index.php\/wp-json\/wp\/v2\/media?parent=63363"}],"wp:term":[{"taxonomy":"category","embeddable":true,"href":"https:\/\/lestracesdelinfo.com\/index.php\/wp-json\/wp\/v2\/categories?post=63363"},{"taxonomy":"post_tag","embeddable":true,"href":"https:\/\/lestracesdelinfo.com\/index.php\/wp-json\/wp\/v2\/tags?post=63363"}],"curies":[{"name":"wp","href":"https:\/\/api.w.org\/{rel}","templated":true}]}}