{"id":63366,"date":"2025-11-17T07:20:47","date_gmt":"2025-11-17T07:20:47","guid":{"rendered":"https:\/\/lestracesdelinfo.com\/?p=63366"},"modified":"2025-11-17T07:21:18","modified_gmt":"2025-11-17T07:21:18","slug":"senegal-maroc-cooperation-diplomatique-et-commerciale-renforcee","status":"publish","type":"post","link":"https:\/\/lestracesdelinfo.com\/index.php\/2025\/11\/17\/senegal-maroc-cooperation-diplomatique-et-commerciale-renforcee\/","title":{"rendered":"S\u00e9n\u00e9gal\u2013Maroc: Coop\u00e9ration diplomatique et commerciale renforc\u00e9e"},"content":{"rendered":"\n<p><img loading=\"lazy\" decoding=\"async\" width=\"32\" height=\"32\" srcset=\"https:\/\/fr.apanews.net\/wp-content\/uploads\/sites\/2\/2023\/09\/APA-Ico-48x48.png 48w, https:\/\/fr.apanews.net\/wp-content\/uploads\/sites\/2\/2023\/09\/APA-Ico-300x300.png 300w, https:\/\/fr.apanews.net\/wp-content\/uploads\/sites\/2\/2023\/09\/APA-Ico-150x150.png 150w, https:\/\/fr.apanews.net\/wp-content\/uploads\/sites\/2\/2023\/09\/APA-Ico-70x70.png 70w, https:\/\/fr.apanews.net\/wp-content\/uploads\/sites\/2\/2023\/09\/APA-Ico-450x450.png 450w, https:\/\/fr.apanews.net\/wp-content\/uploads\/sites\/2\/2023\/09\/APA-Ico-24x24.png 24w, https:\/\/fr.apanews.net\/wp-content\/uploads\/sites\/2\/2023\/09\/APA-Ico-96x96.png 96w, https:\/\/fr.apanews.net\/wp-content\/uploads\/sites\/2\/2023\/09\/APA-Ico.png 512w\" src=\"https:\/\/fr.apanews.net\/wp-content\/uploads\/sites\/2\/2023\/09\/APA-Ico-48x48.png\" alt=\"APA-Dakar (S\u00e9n\u00e9gal)\"><a>APA-Dakar (S\u00e9n\u00e9gal)<\/a><\/p>\n\n\n\n<figure class=\"wp-block-image\"><img decoding=\"async\" src=\"https:\/\/fr.apanews.net\/wp-content\/uploads\/sites\/2\/2025\/11\/FB_IMG_1763294497189-1024x768.jpg\" alt=\"\" title=\"S\u00e9n\u00e9gal\u2013Maroc: Coop\u00e9ration diplomatique et commerciale renforc\u00e9e\"\/><\/figure>\n\n\n\n<p>Partager<\/p>\n\n\n\n<p><a href=\"https:\/\/www.facebook.com\/sharer.php?u=https%3A%2F%2Ffr.apanews.net%2Fdiplomacy%2Fsenegal-maroc-cooperation-diplomatique-et-commerciale-renforcee%2F\" target=\"_blank\" rel=\"noreferrer noopener\"><\/a><a href=\"https:\/\/twitter.com\/intent\/tweet?url=https%3A%2F%2Ffr.apanews.net%2Fdiplomacy%2Fsenegal-maroc-cooperation-diplomatique-et-commerciale-renforcee%2F&amp;text=S%C3%A9n%C3%A9gal%E2%80%93Maroc%3A%20Coop%C3%A9ration%20diplomatique%20et%20commerciale%20renforc%C3%A9e\" target=\"_blank\" rel=\"noreferrer noopener\"><\/a><a href=\"https:\/\/wa.me\/?text=S%C3%A9n%C3%A9gal%E2%80%93Maroc%3A%20Coop%C3%A9ration%20diplomatique%20et%20commerciale%20renforc%C3%A9e%20https%3A%2F%2Ffr.apanews.net%2Fdiplomacy%2Fsenegal-maroc-cooperation-diplomatique-et-commerciale-renforcee%2F\" target=\"_blank\" rel=\"noreferrer noopener\"><\/a><a href=\"mailto:?subject=S%C3%A9n%C3%A9gal%E2%80%93Maroc%3A%20Coop%C3%A9ration%20diplomatique%20et%20commerciale%20renforc%C3%A9e&amp;body=https%3A%2F%2Ffr.apanews.net%2Fdiplomacy%2Fsenegal-maroc-cooperation-diplomatique-et-commerciale-renforcee%2F\" target=\"_blank\" rel=\"noreferrer noopener\"><\/a><a href=\"https:\/\/www.linkedin.com\/shareArticle?mini=true&amp;url=https%3A%2F%2Ffr.apanews.net%2Fdiplomacy%2Fsenegal-maroc-cooperation-diplomatique-et-commerciale-renforcee%2F\" target=\"_blank\" rel=\"noreferrer noopener\"><\/a><a href=\"https:\/\/t.me\/share\/url?url=https%3A%2F%2Ffr.apanews.net%2Fdiplomacy%2Fsenegal-maroc-cooperation-diplomatique-et-commerciale-renforcee%2F&amp;title=S%C3%A9n%C3%A9gal%E2%80%93Maroc%3A%20Coop%C3%A9ration%20diplomatique%20et%20commerciale%20renforc%C3%A9e\" target=\"_blank\" rel=\"noreferrer noopener\"><\/a><\/p>\n\n\n\n<p><strong>Le partenariat entre le S\u00e9n\u00e9gal et le Maroc se renforce sur le plan tant diplomatique que commercial. Les \u00e9changes r\u00e9cents montrent la volont\u00e9 des deux pays de suivre les d\u00e9cisions de leur coop\u00e9ration bilat\u00e9rale et confirment le r\u00f4le du Maroc comme principal fournisseur africain du S\u00e9n\u00e9gal.<\/strong><\/p>\n\n\n\n<p>Le ministre de l\u2019Int\u00e9gration africaine, des Affaires \u00e9trang\u00e8res et des S\u00e9n\u00e9galais de l\u2019ext\u00e9rieur, Cheikh Niang, a re\u00e7u jeudi l\u2019ambassadeur du Royaume du Maroc au S\u00e9n\u00e9gal, Hassan Naciri.<\/p>\n\n\n\n<p>La rencontre fait suite \u00e0 la visite officielle du ministre au Maroc les 10 et 11 novembre 2025 et s\u2019inscrit dans le suivi des d\u00e9cisions prises lors de cette visite, ainsi que dans les pr\u00e9paratifs de la prochaine Commission mixte de coop\u00e9ration s\u00e9n\u00e9galo-marocaine, qui sera co-pr\u00e9sid\u00e9e par le Chef du Gouvernement marocain et le Premier ministre s\u00e9n\u00e9galais.<\/p>\n\n\n\n<p>Sur le plan \u00e9conomique, le Maroc maintient sa position de premier fournisseur africain du S\u00e9n\u00e9gal, avec des exportations vers Dakar de 11,27 milliards de FCFA (19,97 millions de dollars) en septembre 2025, selon l\u2019Agence nationale de la statistique et de la d\u00e9mographie (ANSD). Malgr\u00e9 un l\u00e9ger recul de 4,3% par rapport au mois pr\u00e9c\u00e9dent, le royaume devance largement ses concurrents africains, dont l\u2019\u00c9gypte (7,8 milliards FCFA \/ 13,8 millions de dollars) et l\u2019Afrique du Sud (10,5 milliards FCFA \/ 18,6 millions de dollars).<\/p>\n\n\n\n<p>Sur les neuf premiers mois de 2025, les importations s\u00e9n\u00e9galaises en provenance du Maroc totalisent 109,5 milliards de FCFA (194 millions de dollars), enregistrant une stabilit\u00e9 (+0,33%) malgr\u00e9 les fluctuations du commerce international. Les produits marocains couvrent plusieurs secteurs strat\u00e9giques : engrais phosphat\u00e9s, mat\u00e9riaux de construction, produits agroalimentaires et biens de consommation.<\/p>\n\n\n\n<p>Les exportations s\u00e9n\u00e9galaises vers le Maroc restent limit\u00e9es \u00e0 2,28 milliards de FCFA (4,04 millions de dollars) en septembre 2025, entra\u00eenant un d\u00e9ficit commercial de 8,99 milliards FCFA (15,93 millions de dollars) sur le mois et 85,98 milliards FCFA (152 millions de dollars) sur les neuf premiers mois. Malgr\u00e9 cette asym\u00e9trie, le Maroc demeure un partenaire commercial incontournable pour le S\u00e9n\u00e9gal sur le continent africain.<\/p>\n\n\n\n<p><strong>AC\/Sf\/APA<\/strong><\/p>\n","protected":false},"excerpt":{"rendered":"<p>APA-Dakar (S\u00e9n\u00e9gal) Partager Le partenariat entre le S\u00e9n\u00e9gal et le Maroc se renforce sur le plan tant diplomatique que commercial. Les \u00e9changes r\u00e9cents montrent la volont\u00e9 des deux pays de suivre les d\u00e9cisions de leur coop\u00e9ration bilat\u00e9rale et confirment le r\u00f4le du Maroc comme principal fournisseur africain du S\u00e9n\u00e9gal. Le ministre de l\u2019Int\u00e9gration africaine, des [&hellip;]<\/p>\n","protected":false},"author":2,"featured_media":63367,"comment_status":"open","ping_status":"open","sticky":false,"template":"","format":"standard","meta":{"footnotes":""},"categories":[1447],"tags":[],"class_list":["post-63366","post","type-post","status-publish","format-standard","has-post-thumbnail","hentry","category-afrique"],"_links":{"self":[{"href":"https:\/\/lestracesdelinfo.com\/index.php\/wp-json\/wp\/v2\/posts\/63366","targetHints":{"allow":["GET"]}}],"collection":[{"href":"https:\/\/lestracesdelinfo.com\/index.php\/wp-json\/wp\/v2\/posts"}],"about":[{"href":"https:\/\/lestracesdelinfo.com\/index.php\/wp-json\/wp\/v2\/types\/post"}],"author":[{"embeddable":true,"href":"https:\/\/lestracesdelinfo.com\/index.php\/wp-json\/wp\/v2\/users\/2"}],"replies":[{"embeddable":true,"href":"https:\/\/lestracesdelinfo.com\/index.php\/wp-json\/wp\/v2\/comments?post=63366"}],"version-history":[{"count":1,"href":"https:\/\/lestracesdelinfo.com\/index.php\/wp-json\/wp\/v2\/posts\/63366\/revisions"}],"predecessor-version":[{"id":63368,"href":"https:\/\/lestracesdelinfo.com\/index.php\/wp-json\/wp\/v2\/posts\/63366\/revisions\/63368"}],"wp:featuredmedia":[{"embeddable":true,"href":"https:\/\/lestracesdelinfo.com\/index.php\/wp-json\/wp\/v2\/media\/63367"}],"wp:attachment":[{"href":"https:\/\/lestracesdelinfo.com\/index.php\/wp-json\/wp\/v2\/media?parent=63366"}],"wp:term":[{"taxonomy":"category","embeddable":true,"href":"https:\/\/lestracesdelinfo.com\/index.php\/wp-json\/wp\/v2\/categories?post=63366"},{"taxonomy":"post_tag","embeddable":true,"href":"https:\/\/lestracesdelinfo.com\/index.php\/wp-json\/wp\/v2\/tags?post=63366"}],"curies":[{"name":"wp","href":"https:\/\/api.w.org\/{rel}","templated":true}]}}