{"id":63369,"date":"2025-11-17T07:23:11","date_gmt":"2025-11-17T07:23:11","guid":{"rendered":"https:\/\/lestracesdelinfo.com\/?p=63369"},"modified":"2025-11-17T07:23:12","modified_gmt":"2025-11-17T07:23:12","slug":"le-ministre-de-la-culture-preside-louverture-de-la-huitieme-edition-du-festival-dardin","status":"publish","type":"post","link":"https:\/\/lestracesdelinfo.com\/index.php\/2025\/11\/17\/le-ministre-de-la-culture-preside-louverture-de-la-huitieme-edition-du-festival-dardin\/","title":{"rendered":"\u00a0Le ministre de la Culture pr\u00e9side l\u2019ouverture de la huiti\u00e8me \u00e9dition du Festival d\u2019Ardin"},"content":{"rendered":"\n<p><img loading=\"lazy\" decoding=\"async\" src=\"https:\/\/cridem.org\/media\/photos\/photo\/festival_ardin_16_11_2025_001_750x430.jpg\" alt=\"Le ministre de la Culture pr\u00e9side l\u2019ouverture de la huiti\u00e8me \u00e9dition du Festival d\u2019Ardin\" width=\"300\" height=\"200\"><\/p>\n\n\n\n<p>AMI &#8211; Le ministre de la Culture, des Arts, de la Communication et des Relations avec le Parlement, porte-parole du gouvernement, M. El Housseine Ould Meddou, a pr\u00e9sid\u00e9, samedi soir \u00e0 Nouakchott, l\u2019ouverture de la huiti\u00e8me \u00e9dition du Festival d\u2019Ardin, organis\u00e9 cette ann\u00e9e sous le th\u00e8me \u00ab\u00a0pr\u00e9server le patrimoine musical, c\u2019est pr\u00e9server l\u2019identit\u00e9\u00a0\u00bb.<br><br>Le programme du festival, de trois jours, comprend des performances musicales \u00e0 l\u2019ardin, ainsi qu\u2019une pi\u00e8ce th\u00e9\u00e2trale et des danses folkloriques qui incarnent la richesse et la diversit\u00e9 de la musique mauritanienne.<br><br>M. le ministre et la d\u00e9l\u00e9gation qui l\u2019accompagne ont visit\u00e9 les pavillons de l\u2019exposition organis\u00e9e en marge du festival, qui comprend un mus\u00e9e pr\u00e9sentant divers instruments de musique locaux.<br><br>Dans son discours d\u2019ouverture, le ministre a soulign\u00e9 que \u00ab\u00a0la vision de Son Excellence le Pr\u00e9sident de la R\u00e9publique, Monsieur Mohamed Ould Cheikh El Ghazouani, pour la culture, en g\u00e9n\u00e9ral, et pour l\u2019art, en particulier, est une vision claire et bien \u00e9tablie, ayant b\u00e9n\u00e9fici\u00e9 de l\u2019attention m\u00e9rit\u00e9e pour son r\u00f4le dans la formation de la conscience et le renforcement de la coh\u00e9sion sociale\u00a0\u00bb.<br><br>Il a indiqu\u00e9 que \u00ab\u00a0la cr\u00e9ation d\u2019un institut des arts repr\u00e9sente une \u00e9tape d\u00e9cisive dont les artistes et les universitaires ont longtemps r\u00eav\u00e9, pour \u00eatre un espace de formation et d\u2019accueil des talents, et pour lancer une nouvelle g\u00e9n\u00e9ration qui re\u00e7oit la connaissance autant que l\u2019inspiration, en plus de la cr\u00e9ation du Prix des Beaux-Arts de Son Excellence le Pr\u00e9sident de la R\u00e9publique\u00a0\u00bb.<br><br>Ould Meddou a ajout\u00e9 que \u2018\u2019le d\u00e9partement a cr\u00e9\u00e9 une direction centrale pour les arts, en plus d\u2019\u00a0\u00bbune d\u00e9cision prise pour la cr\u00e9ation du Conseil sup\u00e9rieur des professionnels de l\u2019art\u00a0\u00bb, soulignant \u00ab\u00a0le lancement de la carte d\u2019artiste professionnel, qui s\u2019inscrit dans le cadre de mesures institutionnelles visant \u00e0 \u00e9tablir de v\u00e9ritables fondations pour une pratique artistique de haut niveau, loin des manifestations de banalisation dont ont souffert l\u2019art et les artistes\u00a0\u00bb.<br><br>Il a, en outre, soulign\u00e9 que \u00ab\u00a0les r\u00e9centes \u00e9lections des artistes musiciens ont prouv\u00e9 leur capacit\u00e9 de s\u2019organiser avec conscience et responsabilit\u00e9, pr\u00e9sentant un mod\u00e8le pionnier de consensus professionnel\u00a0\u00bb.<br><br>De son c\u00f4t\u00e9, la pr\u00e9sidente du Festival d\u2019Ardin, Mme A\u00efcha mint Chighali, a exprim\u00e9 ses remerciements au minist\u00e8re de la Culture pour le g\u00e9n\u00e9reux parrainage qu\u2019il accorde au festival, demandant l\u2019int\u00e9gration de l\u2019enseignement des instruments de musique dans les programmes de l\u2019enseignement fondamental.<br><\/p>\n","protected":false},"excerpt":{"rendered":"<p>AMI &#8211; Le ministre de la Culture, des Arts, de la Communication et des Relations avec le Parlement, porte-parole du gouvernement, M. El Housseine Ould Meddou, a pr\u00e9sid\u00e9, samedi soir \u00e0 Nouakchott, l\u2019ouverture de la huiti\u00e8me \u00e9dition du Festival d\u2019Ardin, organis\u00e9 cette ann\u00e9e sous le th\u00e8me \u00ab\u00a0pr\u00e9server le patrimoine musical, c\u2019est pr\u00e9server l\u2019identit\u00e9\u00a0\u00bb. Le programme [&hellip;]<\/p>\n","protected":false},"author":2,"featured_media":63370,"comment_status":"open","ping_status":"open","sticky":false,"template":"","format":"standard","meta":{"footnotes":""},"categories":[1449],"tags":[],"class_list":["post-63369","post","type-post","status-publish","format-standard","has-post-thumbnail","hentry","category-national"],"_links":{"self":[{"href":"https:\/\/lestracesdelinfo.com\/index.php\/wp-json\/wp\/v2\/posts\/63369","targetHints":{"allow":["GET"]}}],"collection":[{"href":"https:\/\/lestracesdelinfo.com\/index.php\/wp-json\/wp\/v2\/posts"}],"about":[{"href":"https:\/\/lestracesdelinfo.com\/index.php\/wp-json\/wp\/v2\/types\/post"}],"author":[{"embeddable":true,"href":"https:\/\/lestracesdelinfo.com\/index.php\/wp-json\/wp\/v2\/users\/2"}],"replies":[{"embeddable":true,"href":"https:\/\/lestracesdelinfo.com\/index.php\/wp-json\/wp\/v2\/comments?post=63369"}],"version-history":[{"count":1,"href":"https:\/\/lestracesdelinfo.com\/index.php\/wp-json\/wp\/v2\/posts\/63369\/revisions"}],"predecessor-version":[{"id":63371,"href":"https:\/\/lestracesdelinfo.com\/index.php\/wp-json\/wp\/v2\/posts\/63369\/revisions\/63371"}],"wp:featuredmedia":[{"embeddable":true,"href":"https:\/\/lestracesdelinfo.com\/index.php\/wp-json\/wp\/v2\/media\/63370"}],"wp:attachment":[{"href":"https:\/\/lestracesdelinfo.com\/index.php\/wp-json\/wp\/v2\/media?parent=63369"}],"wp:term":[{"taxonomy":"category","embeddable":true,"href":"https:\/\/lestracesdelinfo.com\/index.php\/wp-json\/wp\/v2\/categories?post=63369"},{"taxonomy":"post_tag","embeddable":true,"href":"https:\/\/lestracesdelinfo.com\/index.php\/wp-json\/wp\/v2\/tags?post=63369"}],"curies":[{"name":"wp","href":"https:\/\/api.w.org\/{rel}","templated":true}]}}