{"id":63372,"date":"2025-11-17T18:03:33","date_gmt":"2025-11-17T18:03:33","guid":{"rendered":"https:\/\/lestracesdelinfo.com\/?p=63372"},"modified":"2025-11-17T18:03:35","modified_gmt":"2025-11-17T18:03:35","slug":"vote-attendu-du-conseil-de-securite-de-lonu-pour-autoriser-une-force-internationale-a-gaza","status":"publish","type":"post","link":"https:\/\/lestracesdelinfo.com\/index.php\/2025\/11\/17\/vote-attendu-du-conseil-de-securite-de-lonu-pour-autoriser-une-force-internationale-a-gaza\/","title":{"rendered":"Vote attendu du Conseil de s\u00e9curit\u00e9 de l\u2019ONU pour autoriser une force internationale \u00e0 Gaza"},"content":{"rendered":"\n<p><img loading=\"lazy\" decoding=\"async\" width=\"0\" height=\"0\" src=\"https:\/\/static-oaos.rtbf.be\/icons\/outline\/share.svg\" alt=\"\">Source :\u00a0<strong><a href=\"https:\/\/www.rtbf.be\/article\/vote-attendu-du-conseil-de-securite-de-l-onu-pour-autoriser-une-force-internationale-a-gaza-11632738\" target=\"_blank\" rel=\"noreferrer noopener\">RTBF &#8211; Belgique<\/a><\/strong><\/p>\n\n\n\n<figure class=\"wp-block-image size-full\"><img loading=\"lazy\" decoding=\"async\" width=\"963\" height=\"632\" src=\"https:\/\/lestracesdelinfo.com\/wp-content\/uploads\/2025\/11\/Conseil_de_securite_de_lONU_force_RTBF.png\" alt=\"\" class=\"wp-image-63373\" srcset=\"https:\/\/lestracesdelinfo.com\/wp-content\/uploads\/2025\/11\/Conseil_de_securite_de_lONU_force_RTBF.png 963w, https:\/\/lestracesdelinfo.com\/wp-content\/uploads\/2025\/11\/Conseil_de_securite_de_lONU_force_RTBF-300x197.png 300w, https:\/\/lestracesdelinfo.com\/wp-content\/uploads\/2025\/11\/Conseil_de_securite_de_lONU_force_RTBF-768x504.png 768w\" sizes=\"auto, (max-width: 963px) 100vw, 963px\" \/><\/figure>\n\n\n\n<p>Le Conseil de s\u00e9curit\u00e9 de l\u2019ONU doit se prononcer lundi sur le soutien au plan de paix de Donald Trump \u00e0 Gaza, en particulier le d\u00e9ploiement d\u2019une force internationale, sous la pression des Etats-Unis qui mettent en garde contre le risque d\u2019une reprise de la guerre.<\/p>\n\n\n\n<p><\/p>\n\n\n\n<figure class=\"wp-block-image\"><img decoding=\"async\" src=\"https:\/\/static-content.rtbf.be\/article\/image\/180x100\/d\/1\/0\/e54c21990e8cd5d85bc0e1ea226fbe63.jpg?webp=1\" alt=\"Le secr\u00e9taire d\u2019Etat am\u00e9ricain Marco Rubio (assis \u00e0 la table, 3e \u00e0 d) s\u2019exprime lors d\u2019une r\u00e9union minist\u00e9rielle du Conseil de s\u00e9curit\u00e9 des Nations unies sur l\u2019Ukraine au si\u00e8ge de l\u2019ONU, \u00e0 New York, le 23\u00a0septembre 2025\"\/><\/figure>\n\n\n\n<p>\u00a9 AFP&nbsp;\/ Le secr\u00e9taire d\u2019Etat am\u00e9ricain Marco Rubio (assis \u00e0 la table, 3e \u00e0 d) s\u2019exprime lors d\u2019une r\u00e9union minist\u00e9rielle du Conseil de s\u00e9curit\u00e9 des Nations unies sur l\u2019Ukraine au si\u00e8ge de l\u2019ONU, \u00e0 New York, le 23&nbsp;septembre 2025<\/p>\n\n\n\n<p><a href=\"https:\/\/www.rtbf.be\/article\/accord-de-cessez-le-feu-a-pour-gaza-trump-affirme-qu-une-force-internationale-sera-deployee-tres-bientot-a-gaza-11628422\" target=\"_blank\" rel=\"noreferrer noopener\">Le projet de r\u00e9solution am\u00e9ricaine, plusieurs fois modifi\u00e9 lors de n\u00e9gociations sensibles, \u00ab\u00a0<em>endosse<\/em>\u00a0\u00bb le plan de Donald Trump ayant permis la mise en place, le 10&nbsp;octobre, d\u2019un cessez-le-feu fragile entre Isra\u00ebl et le Hamas dans le territoire palestinien ravag\u00e9 par deux ann\u00e9es de guerre provoqu\u00e9e par l\u2019attaque sanglante du mouvement islamiste palestinien du 7&nbsp;octobre 2023.<\/a><\/p>\n\n\n\n<p>Le texte, vu par l\u2019AFP, \u00ab\u00a0<em>autorise<\/em>\u00a0\u00bb la mise en place d\u2019une<a href=\"https:\/\/www.rtbf.be\/article\/qr-pourquoi-n-y-a-t-il-aucune-intervention-des-casques-bleus-dans-la-bande-de-gaza-alors-qu-on-parle-de-risque-de-genocide-11571260\" target=\"_blank\" rel=\"noreferrer noopener\">&nbsp;\u00ab\u00a0<em>force de stabilisation internationale<\/em>\u00ab\u00a0<\/a>&nbsp;(ISF) charg\u00e9e notamment de l\u2019appui \u00e0 la s\u00e9curisation des fronti\u00e8res en coop\u00e9ration avec Isra\u00ebl et l\u2019Egypte, de la d\u00e9militarisation de Gaza, du d\u00e9sarmement \u00ab\u00a0<em>des groupes arm\u00e9s non \u00e9tatiques<\/em>\u00ab\u00a0, de la protection des civils, et de la formation d\u2019une police palestinienne. La composition de cette force n\u2019est pas \u00e9voqu\u00e9e.<\/p>\n\n\n\n<p>Il donne \u00e9galement mandat jusqu\u2019au 31&nbsp;d\u00e9cembre 2027 \u00e0 un \u00ab\u00a0<em>Comit\u00e9 de la paix<\/em>\u00ab\u00a0, organe de \u00ab\u00a0<em>gouvernance de transition<\/em>\u00a0\u00bb \u00e0 Gaza jusqu\u2019\u00e0 la r\u00e9forme de l\u2019Autorit\u00e9 palestinienne. Selon le plan en 20 points annex\u00e9 \u00e0 la r\u00e9solution, ce comit\u00e9 doit \u00eatre pr\u00e9sid\u00e9 par Donald Trump.<\/p>\n\n\n\n<p><a href=\"https:\/\/www.rtbf.be\/article\/guerre-israel-gaza-la-paix-et-maintenant-la-suite-du-plan-trump-sous-d-epais-nuages-de-questions-11615936\" target=\"_blank\" rel=\"noreferrer noopener\">Contrairement aux premi\u00e8res versions du texte<\/a>, le projet qui doit \u00eatre soumis au vote lundi \u00e0 22 heures GMT&nbsp;\u00e9voque l\u2019\u00e9ventualit\u00e9 d\u2019un Etat palestinien.<\/p>\n\n\n\n<p>Apr\u00e8s la r\u00e9forme de l\u2019Autorit\u00e9 palestinienne et l\u2019avanc\u00e9e de la reconstruction de Gaza, \u00ab\u00a0<em>les conditions pourraient finalement \u00eatre en place pour un chemin cr\u00e9dible vers une autod\u00e9termination palestinienne et un statut d\u2019Etat<\/em>\u00ab\u00a0, dit ainsi le texte.<\/p>\n\n\n\n<p>Un avenir clairement rejet\u00e9 par Isra\u00ebl. \u00ab\u00a0<em>Notre opposition \u00e0 un Etat palestinien sur quelque territoire que ce soit n\u2019a pas chang\u00e9<\/em>\u00ab\u00a0, a insist\u00e9 dimanche le Premier ministre Benjamin Netanyahu.<\/p>\n","protected":false},"excerpt":{"rendered":"<p>Source :\u00a0RTBF &#8211; Belgique Le Conseil de s\u00e9curit\u00e9 de l\u2019ONU doit se prononcer lundi sur le soutien au plan de paix de Donald Trump \u00e0 Gaza, en particulier le d\u00e9ploiement d\u2019une force internationale, sous la pression des Etats-Unis qui mettent en garde contre le risque d\u2019une reprise de la guerre. \u00a9 AFP&nbsp;\/ Le secr\u00e9taire d\u2019Etat [&hellip;]<\/p>\n","protected":false},"author":2,"featured_media":63373,"comment_status":"open","ping_status":"open","sticky":false,"template":"","format":"standard","meta":{"footnotes":""},"categories":[1304],"tags":[],"class_list":["post-63372","post","type-post","status-publish","format-standard","has-post-thumbnail","hentry","category-linternational"],"_links":{"self":[{"href":"https:\/\/lestracesdelinfo.com\/index.php\/wp-json\/wp\/v2\/posts\/63372","targetHints":{"allow":["GET"]}}],"collection":[{"href":"https:\/\/lestracesdelinfo.com\/index.php\/wp-json\/wp\/v2\/posts"}],"about":[{"href":"https:\/\/lestracesdelinfo.com\/index.php\/wp-json\/wp\/v2\/types\/post"}],"author":[{"embeddable":true,"href":"https:\/\/lestracesdelinfo.com\/index.php\/wp-json\/wp\/v2\/users\/2"}],"replies":[{"embeddable":true,"href":"https:\/\/lestracesdelinfo.com\/index.php\/wp-json\/wp\/v2\/comments?post=63372"}],"version-history":[{"count":1,"href":"https:\/\/lestracesdelinfo.com\/index.php\/wp-json\/wp\/v2\/posts\/63372\/revisions"}],"predecessor-version":[{"id":63374,"href":"https:\/\/lestracesdelinfo.com\/index.php\/wp-json\/wp\/v2\/posts\/63372\/revisions\/63374"}],"wp:featuredmedia":[{"embeddable":true,"href":"https:\/\/lestracesdelinfo.com\/index.php\/wp-json\/wp\/v2\/media\/63373"}],"wp:attachment":[{"href":"https:\/\/lestracesdelinfo.com\/index.php\/wp-json\/wp\/v2\/media?parent=63372"}],"wp:term":[{"taxonomy":"category","embeddable":true,"href":"https:\/\/lestracesdelinfo.com\/index.php\/wp-json\/wp\/v2\/categories?post=63372"},{"taxonomy":"post_tag","embeddable":true,"href":"https:\/\/lestracesdelinfo.com\/index.php\/wp-json\/wp\/v2\/tags?post=63372"}],"curies":[{"name":"wp","href":"https:\/\/api.w.org\/{rel}","templated":true}]}}