{"id":63383,"date":"2025-11-18T07:14:23","date_gmt":"2025-11-18T07:14:23","guid":{"rendered":"https:\/\/lestracesdelinfo.com\/?p=63383"},"modified":"2025-11-18T07:14:54","modified_gmt":"2025-11-18T07:14:54","slug":"guinee-doumbouya-inaugure-lechangeur-de-bambeto","status":"publish","type":"post","link":"https:\/\/lestracesdelinfo.com\/index.php\/2025\/11\/18\/guinee-doumbouya-inaugure-lechangeur-de-bambeto\/","title":{"rendered":"Guin\u00e9e : Doumbouya inaugure l\u2019\u00e9changeur de Bamb\u00e9to"},"content":{"rendered":"\n<p><img loading=\"lazy\" decoding=\"async\" width=\"32\" height=\"32\" srcset=\"https:\/\/fr.apanews.net\/wp-content\/uploads\/sites\/2\/2023\/09\/APA-Ico-48x48.png 48w, https:\/\/fr.apanews.net\/wp-content\/uploads\/sites\/2\/2023\/09\/APA-Ico-300x300.png 300w, https:\/\/fr.apanews.net\/wp-content\/uploads\/sites\/2\/2023\/09\/APA-Ico-150x150.png 150w, https:\/\/fr.apanews.net\/wp-content\/uploads\/sites\/2\/2023\/09\/APA-Ico-70x70.png 70w, https:\/\/fr.apanews.net\/wp-content\/uploads\/sites\/2\/2023\/09\/APA-Ico-450x450.png 450w, https:\/\/fr.apanews.net\/wp-content\/uploads\/sites\/2\/2023\/09\/APA-Ico-24x24.png 24w, https:\/\/fr.apanews.net\/wp-content\/uploads\/sites\/2\/2023\/09\/APA-Ico-96x96.png 96w, https:\/\/fr.apanews.net\/wp-content\/uploads\/sites\/2\/2023\/09\/APA-Ico.png 512w\" src=\"https:\/\/fr.apanews.net\/wp-content\/uploads\/sites\/2\/2023\/09\/APA-Ico-48x48.png\" alt=\"APA- Conakry (Guin\u00e9e)\"><a>APA- Conakry (Guin\u00e9e)<\/a><\/p>\n\n\n\n<figure class=\"wp-block-image\"><img decoding=\"async\" src=\"https:\/\/fr.apanews.net\/wp-content\/uploads\/sites\/2\/2025\/11\/582335795_1274692814692966_7330673729376652905_n-1024x683.jpg\" alt=\"\" title=\"Guin\u00e9e : Doumbouya inaugure l\u2019\u00e9changeur de Bamb\u00e9to\"\/><\/figure>\n\n\n\n<p>Partager<\/p>\n\n\n\n<p><a href=\"https:\/\/www.facebook.com\/sharer.php?u=https%3A%2F%2Ffr.apanews.net%2Fnews%2Fguinee-doumbouya-inaugure-lechangeur-de-bambeto%2F\" target=\"_blank\" rel=\"noreferrer noopener\"><\/a><a href=\"https:\/\/twitter.com\/intent\/tweet?url=https%3A%2F%2Ffr.apanews.net%2Fnews%2Fguinee-doumbouya-inaugure-lechangeur-de-bambeto%2F&amp;text=Guin%C3%A9e%20%3A%20Doumbouya%20inaugure%20l%E2%80%99%C3%A9changeur%20de%20Bamb%C3%A9to\" target=\"_blank\" rel=\"noreferrer noopener\"><\/a><a href=\"https:\/\/wa.me\/?text=Guin%C3%A9e%20%3A%20Doumbouya%20inaugure%20l%E2%80%99%C3%A9changeur%20de%20Bamb%C3%A9to%20https%3A%2F%2Ffr.apanews.net%2Fnews%2Fguinee-doumbouya-inaugure-lechangeur-de-bambeto%2F\" target=\"_blank\" rel=\"noreferrer noopener\"><\/a><a href=\"mailto:?subject=Guin%C3%A9e%20%3A%20Doumbouya%20inaugure%20l%E2%80%99%C3%A9changeur%20de%20Bamb%C3%A9to&amp;body=https%3A%2F%2Ffr.apanews.net%2Fnews%2Fguinee-doumbouya-inaugure-lechangeur-de-bambeto%2F\" target=\"_blank\" rel=\"noreferrer noopener\"><\/a><a href=\"https:\/\/www.linkedin.com\/shareArticle?mini=true&amp;url=https%3A%2F%2Ffr.apanews.net%2Fnews%2Fguinee-doumbouya-inaugure-lechangeur-de-bambeto%2F\" target=\"_blank\" rel=\"noreferrer noopener\"><\/a><a href=\"https:\/\/t.me\/share\/url?url=https%3A%2F%2Ffr.apanews.net%2Fnews%2Fguinee-doumbouya-inaugure-lechangeur-de-bambeto%2F&amp;title=Guin%C3%A9e%20%3A%20Doumbouya%20inaugure%20l%E2%80%99%C3%A9changeur%20de%20Bamb%C3%A9to\" target=\"_blank\" rel=\"noreferrer noopener\"><\/a><\/p>\n\n\n\n<p><strong>Le Pr\u00e9sident de la R\u00e9publique guin\u00e9enne, Mamadi Doumbouya, a proc\u00e9d\u00e9 samedi \u00e0 Conakry \u00e0 l\u2019inauguration de l\u2019\u00e9changeur de Bamb\u00e9to, un ouvrage strat\u00e9gique du programme Simandou 2040 destin\u00e9 \u00e0 moderniser les infrastructures et \u00e0 am\u00e9liorer la mobilit\u00e9 dans la capitale, a constat\u00e9 APA.<\/strong><\/p>\n\n\n\n<p>La c\u00e9r\u00e9monie d\u2019inauguration de l\u2019\u00e9changeur de Bamb\u00e9to par le Chef de l\u2019Etat guin\u00e9en, marqu\u00e9e par une forte mobilisation populaire, s\u2019est tenue en pr\u00e9sence du ministre secr\u00e9taire g\u00e9n\u00e9ral de la Pr\u00e9sidence, le g\u00e9n\u00e9ral Amara Camara, du directeur de cabinet de la Pr\u00e9sidence, Djiba Diakit\u00e9, du pr\u00e9sident du CNT, du Premier ministre, des membres du gouvernement ainsi que du repr\u00e9sentant du Fonds kowe\u00eftien, principal bailleur du projet.<\/p>\n\n\n\n<p>Selon le conseiller du Chef de l\u2019\u00c9tat charg\u00e9 des infrastructures, Yaya Sow, l\u2019\u00e9changeur constitue l\u2019une des r\u00e9alisations majeures du pilier 3 du programme Simandou 2040, consacr\u00e9 aux infrastructures, au transport et aux technologies. La pose de la premi\u00e8re pierre, effectu\u00e9e le 13 avril 2022 par le Pr\u00e9sident Doumbouya, quelques mois apr\u00e8s son coup d\u2019Etat contre Alpha Cond\u00e9, avait annonc\u00e9 une modernisation profonde du r\u00e9seau routier de Conakry.<\/p>\n\n\n\n<p>L\u2019ouvrage qui comprend un \u00e9changeur \u00e0 trois niveaux, un pont de 2\u00d72 voies, un tunnel de 2\u00d71 voies, un giratoire interm\u00e9diaire et la reconstruction de cinq kilom\u00e8tres de la Transversale T2, vise \u00e0 fluidifier un axe longtemps marqu\u00e9 par la congestion et les difficult\u00e9s de circulation. Le projet, financ\u00e9 \u00e0 hauteur de 339,6 milliards de francs guin\u00e9ens par le Fonds kowe\u00eftien pour le d\u00e9veloppement, a \u00e9t\u00e9 r\u00e9alis\u00e9 par l\u2019entreprise Sinohydro sous la supervision du minist\u00e8re des Infrastructures.<\/p>\n\n\n\n<p>Au-del\u00e0 de l\u2019aspect technique, le Chef de l\u2019\u00c9tat a soulign\u00e9 la port\u00e9e symbolique du site, rendant hommage aux victimes tomb\u00e9es sur ce tron\u00e7on et annon\u00e7ant que l\u2019infrastructure conserverait le nom \u00ab&nbsp;<em>\u00c9changeur de Bamb\u00e9to \u00bb<\/em>. Un geste, selon la Pr\u00e9sidence, destin\u00e9 \u00e0 saluer la r\u00e9silience des habitants et \u00e0 renforcer l\u2019unit\u00e9 nationale.<\/p>\n\n\n\n<p>Le repr\u00e9sentant du Fonds kowe\u00eftien a r\u00e9affirm\u00e9, pour sa part, la volont\u00e9 de son institution de poursuivre sa coop\u00e9ration avec la Guin\u00e9e dans le cadre de projets structurants.<\/p>\n\n\n\n<p>La mise en service officielle de l\u2019\u00e9changeur marque une \u00e9tape importante dans la reconfiguration urbaine de Conakry. Le quartier de Koloma, longtemps p\u00e9nalis\u00e9 par un trafic dense, devient l\u2019une des nouvelles vitrines de la capitale gr\u00e2ce \u00e0 cet ouvrage conforme aux standards internationaux.<\/p>\n\n\n\n<p>Avec cet \u00e9changeur, le gouvernement entend am\u00e9liorer durablement la mobilit\u00e9, soutenir l\u2019activit\u00e9 \u00e9conomique et accompagner les transformations pr\u00e9vues dans le cadre du programme Simandou 2040.<\/p>\n\n\n\n<p><strong>RNK\/ac\/Sf\/APA<\/strong><\/p>\n","protected":false},"excerpt":{"rendered":"<p>APA- Conakry (Guin\u00e9e) Partager Le Pr\u00e9sident de la R\u00e9publique guin\u00e9enne, Mamadi Doumbouya, a proc\u00e9d\u00e9 samedi \u00e0 Conakry \u00e0 l\u2019inauguration de l\u2019\u00e9changeur de Bamb\u00e9to, un ouvrage strat\u00e9gique du programme Simandou 2040 destin\u00e9 \u00e0 moderniser les infrastructures et \u00e0 am\u00e9liorer la mobilit\u00e9 dans la capitale, a constat\u00e9 APA. La c\u00e9r\u00e9monie d\u2019inauguration de l\u2019\u00e9changeur de Bamb\u00e9to par le [&hellip;]<\/p>\n","protected":false},"author":2,"featured_media":63384,"comment_status":"open","ping_status":"open","sticky":false,"template":"","format":"standard","meta":{"footnotes":""},"categories":[1447],"tags":[],"class_list":["post-63383","post","type-post","status-publish","format-standard","has-post-thumbnail","hentry","category-afrique"],"_links":{"self":[{"href":"https:\/\/lestracesdelinfo.com\/index.php\/wp-json\/wp\/v2\/posts\/63383","targetHints":{"allow":["GET"]}}],"collection":[{"href":"https:\/\/lestracesdelinfo.com\/index.php\/wp-json\/wp\/v2\/posts"}],"about":[{"href":"https:\/\/lestracesdelinfo.com\/index.php\/wp-json\/wp\/v2\/types\/post"}],"author":[{"embeddable":true,"href":"https:\/\/lestracesdelinfo.com\/index.php\/wp-json\/wp\/v2\/users\/2"}],"replies":[{"embeddable":true,"href":"https:\/\/lestracesdelinfo.com\/index.php\/wp-json\/wp\/v2\/comments?post=63383"}],"version-history":[{"count":1,"href":"https:\/\/lestracesdelinfo.com\/index.php\/wp-json\/wp\/v2\/posts\/63383\/revisions"}],"predecessor-version":[{"id":63385,"href":"https:\/\/lestracesdelinfo.com\/index.php\/wp-json\/wp\/v2\/posts\/63383\/revisions\/63385"}],"wp:featuredmedia":[{"embeddable":true,"href":"https:\/\/lestracesdelinfo.com\/index.php\/wp-json\/wp\/v2\/media\/63384"}],"wp:attachment":[{"href":"https:\/\/lestracesdelinfo.com\/index.php\/wp-json\/wp\/v2\/media?parent=63383"}],"wp:term":[{"taxonomy":"category","embeddable":true,"href":"https:\/\/lestracesdelinfo.com\/index.php\/wp-json\/wp\/v2\/categories?post=63383"},{"taxonomy":"post_tag","embeddable":true,"href":"https:\/\/lestracesdelinfo.com\/index.php\/wp-json\/wp\/v2\/tags?post=63383"}],"curies":[{"name":"wp","href":"https:\/\/api.w.org\/{rel}","templated":true}]}}