{"id":63389,"date":"2025-11-18T07:20:53","date_gmt":"2025-11-18T07:20:53","guid":{"rendered":"https:\/\/lestracesdelinfo.com\/?p=63389"},"modified":"2025-11-18T07:21:24","modified_gmt":"2025-11-18T07:21:24","slug":"la-commission-des-finances-de-lassemblee-nationale-examine-le-budget-du-ministere-de-lautonomisation-des-jeunes-de-lemploi-des-sports-et-du-service-civique","status":"publish","type":"post","link":"https:\/\/lestracesdelinfo.com\/index.php\/2025\/11\/18\/la-commission-des-finances-de-lassemblee-nationale-examine-le-budget-du-ministere-de-lautonomisation-des-jeunes-de-lemploi-des-sports-et-du-service-civique\/","title":{"rendered":"La commission des finances de l\u2019Assembl\u00e9e nationale examine le budget du minist\u00e8re de l\u2019Autonomisation des jeunes, de l\u2019emploi, des sports et du service civique"},"content":{"rendered":"\n<h2 class=\"wp-block-heading\">Nouakchott<\/h2>\n\n\n\n<p>AMI<\/p>\n\n\n\n<figure class=\"wp-block-image\"><a class=\"post-thumbnail open-lightbox\" href=\"https:\/\/ami.mr\/fr\/wp-content\/uploads\/2025\/11\/17-11-2025-s0021.jpg\"><img decoding=\"async\" src=\"https:\/\/ami.mr\/fr\/wp-content\/uploads\/2025\/11\/17-11-2025-s0021-750x430.jpg\" alt=\"\"\/><\/a><\/figure>\n\n\n\n<p>La commission des finances de l\u2019Assembl\u00e9e nationale a discut\u00e9, lors de sa r\u00e9union tenue, ce lundi soir, sous la pr\u00e9sidence du d\u00e9put\u00e9 Ali Mamoudou Kane, pr\u00e9sident de la commission, du budget du minist\u00e8re de l\u2019Autonomisation des jeunes, de l\u2019Emploi, des Sports et du service civique, dans le projet de loi de finances publiques de l\u2019\u00c9tat pour l\u2019ann\u00e9e 2026.<\/p>\n\n\n\n<p>La commission a \u00e9cout\u00e9 une pr\u00e9sentation faite par le ministre de l\u2019Autonomisation des jeunes, M. Mohamed Abdellahi Ould Louly, qui a abord\u00e9 les postes de ce budget et les domaines de sa d\u00e9pense.<\/p>\n\n\n\n<p>Le budget du minist\u00e8re dans le projet de loi susmentionn\u00e9 s\u2019\u00e9l\u00e8ve \u00e0 2.121.694.704 ouguiyas.<\/p>\n","protected":false},"excerpt":{"rendered":"<p>Nouakchott AMI La commission des finances de l\u2019Assembl\u00e9e nationale a discut\u00e9, lors de sa r\u00e9union tenue, ce lundi soir, sous la pr\u00e9sidence du d\u00e9put\u00e9 Ali Mamoudou Kane, pr\u00e9sident de la commission, du budget du minist\u00e8re de l\u2019Autonomisation des jeunes, de l\u2019Emploi, des Sports et du service civique, dans le projet de loi de finances publiques [&hellip;]<\/p>\n","protected":false},"author":2,"featured_media":63390,"comment_status":"open","ping_status":"open","sticky":false,"template":"","format":"standard","meta":{"footnotes":""},"categories":[1449],"tags":[],"class_list":["post-63389","post","type-post","status-publish","format-standard","has-post-thumbnail","hentry","category-national"],"_links":{"self":[{"href":"https:\/\/lestracesdelinfo.com\/index.php\/wp-json\/wp\/v2\/posts\/63389","targetHints":{"allow":["GET"]}}],"collection":[{"href":"https:\/\/lestracesdelinfo.com\/index.php\/wp-json\/wp\/v2\/posts"}],"about":[{"href":"https:\/\/lestracesdelinfo.com\/index.php\/wp-json\/wp\/v2\/types\/post"}],"author":[{"embeddable":true,"href":"https:\/\/lestracesdelinfo.com\/index.php\/wp-json\/wp\/v2\/users\/2"}],"replies":[{"embeddable":true,"href":"https:\/\/lestracesdelinfo.com\/index.php\/wp-json\/wp\/v2\/comments?post=63389"}],"version-history":[{"count":1,"href":"https:\/\/lestracesdelinfo.com\/index.php\/wp-json\/wp\/v2\/posts\/63389\/revisions"}],"predecessor-version":[{"id":63391,"href":"https:\/\/lestracesdelinfo.com\/index.php\/wp-json\/wp\/v2\/posts\/63389\/revisions\/63391"}],"wp:featuredmedia":[{"embeddable":true,"href":"https:\/\/lestracesdelinfo.com\/index.php\/wp-json\/wp\/v2\/media\/63390"}],"wp:attachment":[{"href":"https:\/\/lestracesdelinfo.com\/index.php\/wp-json\/wp\/v2\/media?parent=63389"}],"wp:term":[{"taxonomy":"category","embeddable":true,"href":"https:\/\/lestracesdelinfo.com\/index.php\/wp-json\/wp\/v2\/categories?post=63389"},{"taxonomy":"post_tag","embeddable":true,"href":"https:\/\/lestracesdelinfo.com\/index.php\/wp-json\/wp\/v2\/tags?post=63389"}],"curies":[{"name":"wp","href":"https:\/\/api.w.org\/{rel}","templated":true}]}}