{"id":63405,"date":"2025-11-19T07:23:49","date_gmt":"2025-11-19T07:23:49","guid":{"rendered":"https:\/\/lestracesdelinfo.com\/?p=63405"},"modified":"2025-11-19T07:26:12","modified_gmt":"2025-11-19T07:26:12","slug":"macron-entame-jeudi-une-tournee-en-afrique","status":"publish","type":"post","link":"https:\/\/lestracesdelinfo.com\/index.php\/2025\/11\/19\/macron-entame-jeudi-une-tournee-en-afrique\/","title":{"rendered":"Macron entame jeudi une tourn\u00e9e en Afrique"},"content":{"rendered":"\n<p><img loading=\"lazy\" decoding=\"async\" width=\"32\" height=\"32\" srcset=\"https:\/\/fr.apanews.net\/wp-content\/uploads\/sites\/2\/2023\/09\/APA-Ico-48x48.png 48w, https:\/\/fr.apanews.net\/wp-content\/uploads\/sites\/2\/2023\/09\/APA-Ico-300x300.png 300w, https:\/\/fr.apanews.net\/wp-content\/uploads\/sites\/2\/2023\/09\/APA-Ico-150x150.png 150w, https:\/\/fr.apanews.net\/wp-content\/uploads\/sites\/2\/2023\/09\/APA-Ico-70x70.png 70w, https:\/\/fr.apanews.net\/wp-content\/uploads\/sites\/2\/2023\/09\/APA-Ico-450x450.png 450w, https:\/\/fr.apanews.net\/wp-content\/uploads\/sites\/2\/2023\/09\/APA-Ico-24x24.png 24w, https:\/\/fr.apanews.net\/wp-content\/uploads\/sites\/2\/2023\/09\/APA-Ico-96x96.png 96w, https:\/\/fr.apanews.net\/wp-content\/uploads\/sites\/2\/2023\/09\/APA-Ico.png 512w\" src=\"https:\/\/fr.apanews.net\/wp-content\/uploads\/sites\/2\/2023\/09\/APA-Ico-48x48.png\" alt=\"APA-Paris (France)\"><a>APA-Paris (Fran<\/a>ce)<\/p>\n\n\n\n<figure class=\"wp-block-image size-full\"><img loading=\"lazy\" decoding=\"async\" width=\"474\" height=\"316\" src=\"https:\/\/lestracesdelinfo.com\/wp-content\/uploads\/2025\/11\/image-8.png\" alt=\"\" class=\"wp-image-63408\" srcset=\"https:\/\/lestracesdelinfo.com\/wp-content\/uploads\/2025\/11\/image-8.png 474w, https:\/\/lestracesdelinfo.com\/wp-content\/uploads\/2025\/11\/image-8-300x200.png 300w\" sizes=\"auto, (max-width: 474px) 100vw, 474px\" \/><\/figure>\n\n\n\n<p><a href=\"https:\/\/www.facebook.com\/sharer.php?u=https%3A%2F%2Ffr.apanews.net%2Fafrique-du-sud%2Fmacron-entame-jeudi-une-tournee-en-afrique%2F\" target=\"_blank\" rel=\"noreferrer noopener\"><\/a><a href=\"https:\/\/twitter.com\/intent\/tweet?url=https%3A%2F%2Ffr.apanews.net%2Fafrique-du-sud%2Fmacron-entame-jeudi-une-tournee-en-afrique%2F&amp;text=Macron%20entame%20jeudi%20une%20tourn%C3%A9e%20en%20Afrique\" target=\"_blank\" rel=\"noreferrer noopener\"><\/a><a href=\"https:\/\/wa.me\/?text=Macron%20entame%20jeudi%20une%20tourn%C3%A9e%20en%20Afrique%20https%3A%2F%2Ffr.apanews.net%2Fafrique-du-sud%2Fmacron-entame-jeudi-une-tournee-en-afrique%2F\" target=\"_blank\" rel=\"noreferrer noopener\"><\/a><a href=\"mailto:?subject=Macron%20entame%20jeudi%20une%20tourn%C3%A9e%20en%20Afrique&amp;body=https%3A%2F%2Ffr.apanews.net%2Fafrique-du-sud%2Fmacron-entame-jeudi-une-tournee-en-afrique%2F\" target=\"_blank\" rel=\"noreferrer noopener\"><\/a><a href=\"https:\/\/www.linkedin.com\/shareArticle?mini=true&amp;url=https%3A%2F%2Ffr.apanews.net%2Fafrique-du-sud%2Fmacron-entame-jeudi-une-tournee-en-afrique%2F\" target=\"_blank\" rel=\"noreferrer noopener\"><\/a><a href=\"https:\/\/t.me\/share\/url?url=https%3A%2F%2Ffr.apanews.net%2Fafrique-du-sud%2Fmacron-entame-jeudi-une-tournee-en-afrique%2F&amp;title=Macron%20entame%20jeudi%20une%20tourn%C3%A9e%20en%20Afrique\" target=\"_blank\" rel=\"noreferrer noopener\"><\/a><\/p>\n\n\n\n<p><strong>&nbsp;Le pr\u00e9sident fran\u00e7ais Emmanuel Macron entame jeudi \u00e0 l\u2019Ile Maurice une tourn\u00e9e africaine qui le conduira aussi en Afrique du Sud, au Gabon et en Angola, en vue d\u2019impulser \u00bb de nouvelles \u00ab dynamiques \u00bb avec le continent, a annonc\u00e9 l\u2019Elys\u00e9e.<\/strong><\/p>\n\n\n\n<p>A chaque \u00e9tape, Emmanuel Macron entend concr\u00e9tiser une relation renouvel\u00e9e avec l\u2019Afrique, \u00e0 rebours de l\u2019h\u00e9ritage de la France coloniale (la \u00ab&nbsp;Fran\u00e7afrique&nbsp;\u00bb), qu\u2019il avait esquiss\u00e9e lors de son discours de Ouagadougou en 2017.<\/p>\n\n\n\n<p>\u00ab&nbsp;<em>L\u2019objectif, comme dans chacun de ses d\u00e9placements, est d\u2019impulser des dynamiques et de valoriser le renouvellement de notre relation avec l\u2019Afrique<\/em>&nbsp;\u00bb, indique l\u2019\u00c9lys\u00e9e. A&nbsp;l\u2019Ile Maurice, o\u00f9 il devait d\u00e9j\u00e0 se rendre en avril avant de repousser sa visite en raison des obs\u00e8ques du pape Fran\u00e7ois, le chef de l\u2019Etat Fran\u00e7ais entend renforcer un partenariat d\u00e9j\u00e0 ancien mais un peu \u00ab&nbsp;<em>distendu<\/em>&nbsp;\u00bb ces derni\u00e8res ann\u00e9es.<\/p>\n\n\n\n<p>Il ambitionne de \u00ab&nbsp;<em>promouvoir, de fa\u00e7on tr\u00e8s ferme, le lien de voisinage<\/em>&nbsp;\u00bb avec les deux d\u00e9partements fran\u00e7ais de La R\u00e9union et Mayotte, en renfor\u00e7ant notamment la coop\u00e9ration s\u00e9curitaire au coeur de l\u2019oc\u00e9an Indien, souligne l\u2019Elys\u00e9e.<\/p>\n\n\n\n<p>Macron se rendra ensuite en Afrique du Sud pour une visite bilat\u00e9rale, marqu\u00e9e par une \u00e9tape au m\u00e9morial de la lutte contre l\u2019apartheid&nbsp;\u00e0 Pretoria, et le sommet du G20, samedi et dimanche, \u00e0 Johannesburg.<\/p>\n\n\n\n<p>Outre une rencontre avec le pr\u00e9sident Cyril Ramaphosa, il assistera aussi au lancement d\u2019un conseil d\u2019affaires franco-sud-africain sur le mod\u00e8le de celui qui existe d\u00e9j\u00e0 au Nigeria.<\/p>\n\n\n\n<p>Le pr\u00e9sident fran\u00e7ais effectuera ensuite une \u00e9tape importante au Gabon, tout juste sorti de 19 mois de transition politique apr\u00e8s le coup d\u2019Etat qui a conduit \u00e0 la destitution du pr\u00e9sident Ali Bongo en 2023.<\/p>\n\n\n\n<p>M. Macron va \u00ab&nbsp;<em>saluer le parach\u00e8vement de la transition<\/em>&nbsp;\u00bb et \u00ab&nbsp;<em>soutenir les (nouvelles) autorit\u00e9s<\/em>&nbsp;\u00bb au Gabon, rapporte l\u2019Elys\u00e9e.<\/p>\n\n\n\n<p>Il ach\u00e8vera sa tourn\u00e9e lundi en Angola, o\u00f9 se tiendra un sommet Union europ\u00e9enne\u2013Union africaine. Cette rencontre vise \u00e0 faire le point sur les progr\u00e8s de la strat\u00e9gie europ\u00e9enne \u201cGlobal Gateway\u201d, lanc\u00e9e en 2021 pour financer des infrastructures africaines \u00e0 hauteur de 150 milliards d\u2019euros.<\/p>\n\n\n\n<p><strong>AK\/ac\/APA<\/strong><\/p>\n","protected":false},"excerpt":{"rendered":"<p>APA-Paris (France) &nbsp;Le pr\u00e9sident fran\u00e7ais Emmanuel Macron entame jeudi \u00e0 l\u2019Ile Maurice une tourn\u00e9e africaine qui le conduira aussi en Afrique du Sud, au Gabon et en Angola, en vue d\u2019impulser \u00bb de nouvelles \u00ab dynamiques \u00bb avec le continent, a annonc\u00e9 l\u2019Elys\u00e9e. A chaque \u00e9tape, Emmanuel Macron entend concr\u00e9tiser une relation renouvel\u00e9e avec l\u2019Afrique, [&hellip;]<\/p>\n","protected":false},"author":2,"featured_media":63406,"comment_status":"open","ping_status":"open","sticky":false,"template":"","format":"standard","meta":{"footnotes":""},"categories":[1304],"tags":[],"class_list":["post-63405","post","type-post","status-publish","format-standard","has-post-thumbnail","hentry","category-linternational"],"_links":{"self":[{"href":"https:\/\/lestracesdelinfo.com\/index.php\/wp-json\/wp\/v2\/posts\/63405","targetHints":{"allow":["GET"]}}],"collection":[{"href":"https:\/\/lestracesdelinfo.com\/index.php\/wp-json\/wp\/v2\/posts"}],"about":[{"href":"https:\/\/lestracesdelinfo.com\/index.php\/wp-json\/wp\/v2\/types\/post"}],"author":[{"embeddable":true,"href":"https:\/\/lestracesdelinfo.com\/index.php\/wp-json\/wp\/v2\/users\/2"}],"replies":[{"embeddable":true,"href":"https:\/\/lestracesdelinfo.com\/index.php\/wp-json\/wp\/v2\/comments?post=63405"}],"version-history":[{"count":2,"href":"https:\/\/lestracesdelinfo.com\/index.php\/wp-json\/wp\/v2\/posts\/63405\/revisions"}],"predecessor-version":[{"id":63409,"href":"https:\/\/lestracesdelinfo.com\/index.php\/wp-json\/wp\/v2\/posts\/63405\/revisions\/63409"}],"wp:featuredmedia":[{"embeddable":true,"href":"https:\/\/lestracesdelinfo.com\/index.php\/wp-json\/wp\/v2\/media\/63406"}],"wp:attachment":[{"href":"https:\/\/lestracesdelinfo.com\/index.php\/wp-json\/wp\/v2\/media?parent=63405"}],"wp:term":[{"taxonomy":"category","embeddable":true,"href":"https:\/\/lestracesdelinfo.com\/index.php\/wp-json\/wp\/v2\/categories?post=63405"},{"taxonomy":"post_tag","embeddable":true,"href":"https:\/\/lestracesdelinfo.com\/index.php\/wp-json\/wp\/v2\/tags?post=63405"}],"curies":[{"name":"wp","href":"https:\/\/api.w.org\/{rel}","templated":true}]}}