{"id":63417,"date":"2025-11-20T07:22:14","date_gmt":"2025-11-20T07:22:14","guid":{"rendered":"https:\/\/lestracesdelinfo.com\/?p=63417"},"modified":"2025-11-20T07:22:45","modified_gmt":"2025-11-20T07:22:45","slug":"caf-awards-2025-le-marocain-achraf-hakimi-ballon-dor-africain","status":"publish","type":"post","link":"https:\/\/lestracesdelinfo.com\/index.php\/2025\/11\/20\/caf-awards-2025-le-marocain-achraf-hakimi-ballon-dor-africain\/","title":{"rendered":"CAF Awards 2025 : Le Marocain Achraf Hakimi, Ballon d\u2019Or africain"},"content":{"rendered":"\n<p><img loading=\"lazy\" decoding=\"async\" width=\"32\" height=\"32\" srcset=\"https:\/\/fr.apanews.net\/wp-content\/uploads\/sites\/2\/2023\/09\/APA-Ico-48x48.png 48w, https:\/\/fr.apanews.net\/wp-content\/uploads\/sites\/2\/2023\/09\/APA-Ico-300x300.png 300w, https:\/\/fr.apanews.net\/wp-content\/uploads\/sites\/2\/2023\/09\/APA-Ico-150x150.png 150w, https:\/\/fr.apanews.net\/wp-content\/uploads\/sites\/2\/2023\/09\/APA-Ico-70x70.png 70w, https:\/\/fr.apanews.net\/wp-content\/uploads\/sites\/2\/2023\/09\/APA-Ico-450x450.png 450w, https:\/\/fr.apanews.net\/wp-content\/uploads\/sites\/2\/2023\/09\/APA-Ico-24x24.png 24w, https:\/\/fr.apanews.net\/wp-content\/uploads\/sites\/2\/2023\/09\/APA-Ico-96x96.png 96w, https:\/\/fr.apanews.net\/wp-content\/uploads\/sites\/2\/2023\/09\/APA-Ico.png 512w\" src=\"https:\/\/fr.apanews.net\/wp-content\/uploads\/sites\/2\/2023\/09\/APA-Ico-48x48.png\" alt=\"APA-Rabat (Maroc)\"><a>APA-Rabat (Maroc)<\/a><\/p>\n\n\n\n<figure class=\"wp-block-image\"><img decoding=\"async\" src=\"https:\/\/fr.apanews.net\/wp-content\/uploads\/sites\/2\/2025\/11\/Screenshot_20251119-205346-1024x950.jpg\" alt=\"\" title=\"CAF Awards 2025 : Le Marocain Achraf Hakimi, Ballon d\u2019Or africain\"\/><\/figure>\n\n\n\n<p>Partager<\/p>\n\n\n\n<p><a href=\"https:\/\/www.facebook.com\/sharer.php?u=https%3A%2F%2Ffr.apanews.net%2Fnews%2Fcaf-awards-2025-le-marocain-achraf-hakimi-ballon-dor-africain%2F\" target=\"_blank\" rel=\"noreferrer noopener\"><\/a><a href=\"https:\/\/twitter.com\/intent\/tweet?url=https%3A%2F%2Ffr.apanews.net%2Fnews%2Fcaf-awards-2025-le-marocain-achraf-hakimi-ballon-dor-africain%2F&amp;text=CAF%20Awards%202025%20%3A%20Le%20Marocain%20Achraf%20Hakimi%2C%20Ballon%20d%27Or%20africain\" target=\"_blank\" rel=\"noreferrer noopener\"><\/a><a href=\"https:\/\/wa.me\/?text=CAF%20Awards%202025%20%3A%20Le%20Marocain%20Achraf%20Hakimi%2C%20Ballon%20d%27Or%20africain%20https%3A%2F%2Ffr.apanews.net%2Fnews%2Fcaf-awards-2025-le-marocain-achraf-hakimi-ballon-dor-africain%2F\" target=\"_blank\" rel=\"noreferrer noopener\"><\/a><a href=\"mailto:?subject=CAF%20Awards%202025%20%3A%20Le%20Marocain%20Achraf%20Hakimi%2C%20Ballon%20d%27Or%20africain&amp;body=https%3A%2F%2Ffr.apanews.net%2Fnews%2Fcaf-awards-2025-le-marocain-achraf-hakimi-ballon-dor-africain%2F\" target=\"_blank\" rel=\"noreferrer noopener\"><\/a><a href=\"https:\/\/www.linkedin.com\/shareArticle?mini=true&amp;url=https%3A%2F%2Ffr.apanews.net%2Fnews%2Fcaf-awards-2025-le-marocain-achraf-hakimi-ballon-dor-africain%2F\" target=\"_blank\" rel=\"noreferrer noopener\"><\/a><a href=\"https:\/\/t.me\/share\/url?url=https%3A%2F%2Ffr.apanews.net%2Fnews%2Fcaf-awards-2025-le-marocain-achraf-hakimi-ballon-dor-africain%2F&amp;title=CAF%20Awards%202025%20%3A%20Le%20Marocain%20Achraf%20Hakimi%2C%20Ballon%20d%27Or%20africain\" target=\"_blank\" rel=\"noreferrer noopener\"><\/a><\/p>\n\n\n\n<p><strong>Le footballeur international marocain Achraf Hakimi a remport\u00e9 le Ballon d\u2019Or africain 2025 lors de la c\u00e9r\u00e9monie&nbsp; des CAF Awards, tenue mercredi soir \u00e0 Rabat au Maroc.<\/strong><\/p>\n\n\n\n<p>Le prix du \u00ab Ballon d\u2019Or africain 2025 \u00bb &nbsp;a \u00e9t\u00e9 remis ce 19 novembre \u00e0 Achraf Hakimi par le pr\u00e9sident de la FIFA, Gianni Infantino pr\u00e9sent lors de la c\u00e9r\u00e9monie des CAF Awards.<\/p>\n\n\n\n<p>Hakimi a r\u00e9alis\u00e9 l\u2019une des meilleures saisons de l\u2019histoire pour un d\u00e9fenseur africain : Ligue des Champions, Ligue 1, Coupe de France, Troph\u00e9e des Champions.<\/p>\n\n\n\n<p>Hakimi a remport\u00e9 en 2025 la Ligue des Champions avec le Paris Saint-Germain, la Ligue 1, la Coupe de France, le Troph\u00e9e des Champions et la Super Coupe d\u2019Europe. Il a \u00e9t\u00e9 l\u2019un des artisans de la qualification remarquable des&nbsp;<em>Lions de l\u2019Atlas<\/em>&nbsp;\u00e0 la prochaine coupe du monde 2026. Il a termin\u00e9 l\u2019exercice avec 11 buts et 17 passes d\u00e9cisives en 55 matchs, des performances qui lui ont m\u00eame valu une place dans le top 10 du Ballon d\u2019Or mondial.<\/p>\n\n\n\n<p>Lors de ce Gala, la capitaine des&nbsp;<em>Lionnes de l\u2019Atlas<\/em>, Ghizlane Chebbak, a remport\u00e9 le titre de Meilleure joueuse africaine de l\u2019Ann\u00e9e. Le gardien de but de la s\u00e9lection marocaine et d\u2019Al Hilal d\u2019Arabie Saoudite, Yassine Bounou, a, pour sa part, \u00e9t\u00e9 \u00e9lu Meilleur gardien de but en Afrique au titre de l\u2019ann\u00e9e 2025.<\/p>\n\n\n\n<p>L\u2019attaquant marocain de Watford, Othmane Maamma, sacr\u00e9 meilleur joueur du Mondial U20 disput\u00e9 en octobre dernier au Chili et remport\u00e9 par les&nbsp;<em>Lionceaux de l\u2019Atlas<\/em>, a quant \u00e0 lui remport\u00e9 le prix du Meilleur jeune joueur de l\u2019ann\u00e9e.<\/p>\n\n\n\n<p>Dans la m\u00eame cat\u00e9gorie, la soci\u00e9taire du club marocain l\u2019AS FAR, Doha Madani, a remport\u00e9 le sacre de la Meilleure jeune joueuse de l\u2019ann\u00e9e.<\/p>\n\n\n\n<p>En ce qui concerne les s\u00e9lections, l\u2019\u00e9quipe marocaine des moins de 20 ans, vainqueur de la Coupe du monde Chili 2025, a \u00e9t\u00e9 d\u00e9sign\u00e9e S\u00e9lection masculine de l\u2019ann\u00e9e.<\/p>\n\n\n\n<p>Le titre de S\u00e9lection f\u00e9minine de l\u2019ann\u00e9e est revenu au Nig\u00e9ria apr\u00e8s avoir remport\u00e9 la derni\u00e8re Coupe d\u2019Afrique des nations.<\/p>\n\n\n\n<p>Au niveau des clubs, l\u2019\u00e9quipe \u00e9gyptienne de Pyramids FC, tenant du titre de la Ligue des Champions d\u2019Afrique, a \u00e9t\u00e9 d\u00e9sign\u00e9e Club de l\u2019ann\u00e9e.<\/p>\n\n\n\n<p>L\u2019international congolais Fiston Mayele, soci\u00e9taire du club Pyramids, a \u00e9t\u00e9 sacr\u00e9 Joueur interclub de l\u2019ann\u00e9e. Enfin, le Tanzanien Clement Mzize a remport\u00e9 le troph\u00e9e du But de l\u2019ann\u00e9e 2025.<\/p>\n\n\n\n<p>Hakimi avait d\u00e9j\u00e0 \u00e9t\u00e9 class\u00e9 sixi\u00e8me lors du dernier Ballon d\u2019Or, et succ\u00e8de \u00e0 Mustafa Hadji, dernier joueur marocain \u00e0 avoir remport\u00e9 la distinction en 1998.<\/p>\n\n\n\n<p><strong>AK\/ac\/Sf\/APA<\/strong><\/p>\n","protected":false},"excerpt":{"rendered":"<p>APA-Rabat (Maroc) Partager Le footballeur international marocain Achraf Hakimi a remport\u00e9 le Ballon d\u2019Or africain 2025 lors de la c\u00e9r\u00e9monie&nbsp; des CAF Awards, tenue mercredi soir \u00e0 Rabat au Maroc. Le prix du \u00ab Ballon d\u2019Or africain 2025 \u00bb &nbsp;a \u00e9t\u00e9 remis ce 19 novembre \u00e0 Achraf Hakimi par le pr\u00e9sident de la FIFA, Gianni [&hellip;]<\/p>\n","protected":false},"author":2,"featured_media":63418,"comment_status":"open","ping_status":"open","sticky":false,"template":"","format":"standard","meta":{"footnotes":""},"categories":[7],"tags":[],"class_list":["post-63417","post","type-post","status-publish","format-standard","has-post-thumbnail","hentry","category-sports"],"_links":{"self":[{"href":"https:\/\/lestracesdelinfo.com\/index.php\/wp-json\/wp\/v2\/posts\/63417","targetHints":{"allow":["GET"]}}],"collection":[{"href":"https:\/\/lestracesdelinfo.com\/index.php\/wp-json\/wp\/v2\/posts"}],"about":[{"href":"https:\/\/lestracesdelinfo.com\/index.php\/wp-json\/wp\/v2\/types\/post"}],"author":[{"embeddable":true,"href":"https:\/\/lestracesdelinfo.com\/index.php\/wp-json\/wp\/v2\/users\/2"}],"replies":[{"embeddable":true,"href":"https:\/\/lestracesdelinfo.com\/index.php\/wp-json\/wp\/v2\/comments?post=63417"}],"version-history":[{"count":1,"href":"https:\/\/lestracesdelinfo.com\/index.php\/wp-json\/wp\/v2\/posts\/63417\/revisions"}],"predecessor-version":[{"id":63419,"href":"https:\/\/lestracesdelinfo.com\/index.php\/wp-json\/wp\/v2\/posts\/63417\/revisions\/63419"}],"wp:featuredmedia":[{"embeddable":true,"href":"https:\/\/lestracesdelinfo.com\/index.php\/wp-json\/wp\/v2\/media\/63418"}],"wp:attachment":[{"href":"https:\/\/lestracesdelinfo.com\/index.php\/wp-json\/wp\/v2\/media?parent=63417"}],"wp:term":[{"taxonomy":"category","embeddable":true,"href":"https:\/\/lestracesdelinfo.com\/index.php\/wp-json\/wp\/v2\/categories?post=63417"},{"taxonomy":"post_tag","embeddable":true,"href":"https:\/\/lestracesdelinfo.com\/index.php\/wp-json\/wp\/v2\/tags?post=63417"}],"curies":[{"name":"wp","href":"https:\/\/api.w.org\/{rel}","templated":true}]}}