{"id":63426,"date":"2025-11-20T07:37:13","date_gmt":"2025-11-20T07:37:13","guid":{"rendered":"https:\/\/lestracesdelinfo.com\/?p=63426"},"modified":"2025-11-20T07:39:30","modified_gmt":"2025-11-20T07:39:30","slug":"communique-du-conseil-des-ministres-du-mercredi-19-novembre-2025","status":"publish","type":"post","link":"https:\/\/lestracesdelinfo.com\/index.php\/2025\/11\/20\/communique-du-conseil-des-ministres-du-mercredi-19-novembre-2025\/","title":{"rendered":"Communiqu\u00e9 du Conseil des Ministres du Mercredi 19 novembre 2025"},"content":{"rendered":"\n<p><img loading=\"lazy\" decoding=\"async\" src=\"https:\/\/cridem.org\/media\/photos\/photo\/\/ghazouani_conseil_des_ministres_26_06_2023_s004.jpg\" alt=\"Communiqu\u00e9 du Conseil des Ministres du Mercredi 19 novembre 2025\" width=\"300\" height=\"200\"><\/p>\n\n\n\n<p><strong>AMI<\/strong> &#8211; Le Conseil des Ministres s\u2019est r\u00e9uni le Mercredi 19 novembre 2025, sous la Pr\u00e9sidence de Son Excellence Monsieur<strong> Mohamed OULD CHEIKH EL-GHAZOUANI, Pr\u00e9sident de la R\u00e9publique.<br><\/strong><br>Le Conseil a examin\u00e9 et adopt\u00e9 les projets de d\u00e9crets suivants :<br><br>\u2010 Projet de d\u00e9cret portant cr\u00e9ation, organisation et fonctionnement du cadre de coordination, de planification et de suivi de la mise en \u0153uvre de la feuille de route pour la transformation des syst\u00e8mes alimentaires de la Mauritanie.<br><br>Notre pays s\u2019est dot\u00e9, en 2021, d\u2019une feuille de route pour la transformation durable de nos syst\u00e8mes alimentaires afin de garantir une alimentation de qualit\u00e9 pour tous les citoyens r\u00e9cemment actualis\u00e9e, cette feuille de route reste entrav\u00e9e par une multitude de contraintes.<br><br>Aussi, le pr\u00e9sent projet de d\u00e9cret intervient-t-il pour lever ces contraintes \u00e0 travers la mise en place d\u2019un Cadre de Concentration, de Coordination, de Planification et de Suivi qui devra servir de plateforme institutionnelle visant \u00e0 r\u00e9unir toutes les parties prenantes des syst\u00e8mes alimentaires du pays, \u00e0 savoir, garantir une alimentation saine et nutritive pour tous les citoyens.<br><br>A cet effet, le Cadre de Coordination, de Planification et de Suivi propos\u00e9 aura pour mission g\u00e9n\u00e9rale de coordonner de planifier et de suivre la mise en \u0153uvre des politiques et strat\u00e9gies du Gouvernement dans l\u2019objectif d\u2019assurer la s\u00e9curit\u00e9 et la souverainet\u00e9 alimentaire du pays.<br><br>\u2010 Projet de d\u00e9cret portant organisation et fonctionnement du Comit\u00e9 de s\u00e9lection des membres du conseil de l\u2019Autorit\u00e9 Nationale de Lutte contre la Corruption.<br><br>Ce projet de d\u00e9cret vise \u00e0 d\u00e9finir les r\u00e8gles d\u2019organisation et de fonctionnement du comit\u00e9 de s\u00e9lection ainsi que les proc\u00e9dures de nomination des membres du Conseil de de l\u2019Autorit\u00e9 nationale de Lutte contre la corruption, conform\u00e9ment aux dispositions de la loi n\u00b0 2025-023 du 25 juin 2025 qui contribuera \u00e0 renforcer la bonne gouvernance dans notre pays.<br><br>\u2010 Projet de d\u00e9cret portant organisation et fonctionnement de la Commission Ind\u00e9pendante des Etablissements et de Soci\u00e9t\u00e9s Publics.<br><br>Le pr\u00e9sent projet de d\u00e9cret a pour objet de fixer les r\u00e8gles r\u00e9gissant l\u2019organisation et le fonctionnement de cette Commission d\u00e9nomm\u00e9e la Commission Ind\u00e9pendante des \u00c9tablissements et Soci\u00e9t\u00e9s Publics .Il d\u00e9termine, en particulier la composition et les attributions de ses organes internes, ainsi que ses obligations en mati\u00e8re de transparence et de reddition de comptes, conform\u00e9ment aux dispositions de la loi n\u00b02025-002 du 16 janvier relative aux Etablissements et Soci\u00e9t\u00e9s Publics, contribuant ainsi \u00e0 une gestion efficace, rigoureuse et professionnelle des entit\u00e9s publiques concern\u00e9es.<br><br>\u2010 Projet de d\u00e9cret fixant les modalit\u00e9s d\u2019application de certaines dispositions de la loi n\u00b0 2024-030 du 8 juillet 2024 portant cr\u00e9ation de la Zone Franche de Nouadhibou.<br><br>Le projet de d\u00e9cret d\u00e9finit les modalit\u00e9s pratiques et proc\u00e9durales de mise en \u0153uvre de certaines dispositions de la loi n\u00b0 2024-030 du 8 juillet 2024 et en traduit les principaux \u00e9l\u00e9ments de mani\u00e8re concr\u00e8te et r\u00e9aliste. Il vise \u00e0 doter la zone franche de Nouadhibou d\u2019un cadre de mise en \u0153uvre clair, coh\u00e9rent, transparent et \u00e9quilibr\u00e9, conciliant les exigences de comp\u00e9titivit\u00e9 du syst\u00e8me et le respect des normes nationales et internationales.<br><br>\u2010 Projet de d\u00e9cret fixant les attributions, l\u2019organisation et le fonctionnement de l\u2019Autorit\u00e9 de la Zone Franche de Nouadhibou.<br><br>Le pr\u00e9sent projet de d\u00e9cret vient compl\u00e9ter le nouveau cadre juridique r\u00e9gissant la zone franche de Nouadhibou, cr\u00e9\u00e9e par la loi n\u00b0 2024-030 du 8 juillet 2024, renfor\u00e7ant ainsi sa position de moteur du d\u00e9veloppement \u00e9conomique et industriel en Mauritanie, de plateforme r\u00e9gionale pour le commerce et l\u2019investissement et \u00e9tablissant une gouvernance moderne et une gestion transparente et efficace, assurant ainsi la durabilit\u00e9 du d\u00e9veloppement et l\u2019;attractivit\u00e9 des investissements.<br><br>\u2010 Projet de d\u00e9cret portant d\u00e9limitation et d\u00e9claration d\u2019utilit\u00e9 publique de l\u2019emprise fonci\u00e8re des deux mares situ\u00e9es dans les Moughataas de Tevragh Zeina et de Riyad.<br><br>Le pr\u00e9sent projet de d\u00e9cret vise la d\u00e9limitation et la d\u00e9claration d\u2019utilit\u00e9 publique des emprises fonci\u00e8res de deux mares situ\u00e9es dans les Moughataas de Tevragh Zeina et de Riyad. Ces espaces naturels, qui accueilleront des am\u00e9nagements r\u00e9cr\u00e9atifs et paysagers, jouent un r\u00f4le important dans l\u2019am\u00e9lioration du cadre de vie urbain et la mise en valeur environnementale de la capitale. Les mares concern\u00e9es, d\u2019une superficie respective de 16 hectares pour celle de Tevragh Zeina et de 31 hectares pour celle de Riyad.<br><br>Par ailleurs, suite \u00e0 la visite de travail effectu\u00e9e par Son Excellence Monsieur le Pr\u00e9sident de la R\u00e9publique au Hodh Echargui dans ses huit (8) moughataas, du 06 au 14 novembre 2025, le Conseil des Ministres adresse ses remerciements et ses vives f\u00e9licitations aux populations de cette wilaya en g\u00e9n\u00e9ral et \u00e0 celles de chacune des moughataas pour la grande mobilisation et la chaleur de l\u2019accueil r\u00e9serv\u00e9 \u00e0 Son Excellence Monsieur le Pr\u00e9sident de la R\u00e9publique et \u00e0 la d\u00e9l\u00e9gation qui l\u2019a accompagn\u00e9.<br><br>Au cours de cette visite historique, Son Excellence Monsieur le Pr\u00e9sident de la R\u00e9publique, Mohamed Ould Cheikh El Ghazouani, a proc\u00e9d\u00e9 au lancement du \u00ab Programme Prioritaire pur l\u2019Acc\u00e9l\u00e9ration de l\u2019Acc\u00e8s aux services n\u00e9cessaires au D\u00e9veloppement Local \u00bb d\u2019un montant total de 270 milliards d\u2019anciennes ouguiyas, ex\u00e9cut\u00e9 sur une p\u00e9riode de 30 mois et qui vise l\u2019am\u00e9lioration de l\u2019acc\u00e8s aux services essentiels pour le d\u00e9veloppement des wilayas b\u00e9n\u00e9ficiaires de ce programme.<br><br>Le Conseil se f\u00e9licite des orientations donn\u00e9es par son SEM le Pr\u00e9sident de la R\u00e9publique \u00e0 chacune des \u00e9tapes du p\u00e9riple, qui portent des messages importants et abordent des sujets vari\u00e9s.<br><br>Abordant la question de la citoyennet\u00e9, SEM le Pr\u00e9sident de la R\u00e9publique a soulign\u00e9 la n\u00e9cessit\u00e9 de combattre les comportements et ph\u00e9nom\u00e8nes sociaux n\u00e9gatifs li\u00e9s aux structures ou croyances traditionnelles, tels que le tribalisme, le communautarisme et le r\u00e9gionalisme, etc., et a r\u00e9affirm\u00e9 que l\u2019\u00c9tat continuera de mener ce combat, malgr\u00e9 les efforts consid\u00e9rables \u00e0 d\u00e9ployer. Concernant la lutte contre la corruption et ce qu\u2019elle implique en termes de gestion rationnelle des ressources publiques et de la n\u00e9cessit\u00e9 d\u2019en faire b\u00e9n\u00e9ficier tous les citoyens, le Pr\u00e9sident de la R\u00e9publique s\u2019est engag\u00e9 \u00e0 poursuivre sans rel\u00e2che la guerre contre ce fl\u00e9au, quoi qu\u2019il en co\u00fbte.<br><br>Relativement au dialogue \u00e0 venir, SEM le Pr\u00e9sident de la R\u00e9publique a invit\u00e9 toutes les composantes du peuple mauritanien, y compris les dirigeants de partis, les leaders d\u2019opinion et la soci\u00e9t\u00e9 civile \u00e0 y participer activement ; \u00e0 aborder et discuter toutes les th\u00e9matiques essentielles avec l\u2019impartialit\u00e9 et l\u2019objectivit\u00e9 requises.<br><br>Concernant le r\u00f4le du soldat et de l\u2019enseignant, SEM le Pr\u00e9sident de la R\u00e9publique a salu\u00e9 leur r\u00f4le central dans la construction de l\u2019\u00c9tat, notamment le maintien de la s\u00e9curit\u00e9 et la r\u00e9ussite de l\u2019\u00e9cole r\u00e9publicaine.<br><br>De m\u00eame, le Pr\u00e9sident de la R\u00e9publique a recommand\u00e9, \u00e0 toutes les \u00e9tapes de la visite, aux responsables administratifs et aux citoyens de veiller \u00e0 l\u2019entretien des \u00e9quipements et des infrastructures publics dans la wilaya comme dans les autres wilayas du pays.<br><br>Enfin, SEM le Pr\u00e9sident de la R\u00e9publique a appel\u00e9 les citoyens mauritaniens \u00e0 compatir \u00e0 la situation difficile que traverse l\u2019\u00c9tat fr\u00e8re du Mali et \u00e0 venir en aide aux citoyens maliens pour tout ce dont ils ont besoin.<br><br>Le Ministre de la Justice, Ministre des Affaires Etrang\u00e8res, de la Coop\u00e9ration Africaine et des Mauritaniens de l\u2019Ext\u00e9rieur par int\u00e9rim, a pr\u00e9sent\u00e9 une communication relative \u00e0 la situation internationale.<br><br>Le Ministre de l\u2019Int\u00e9rieur, de la Promotion de la D\u00e9centralisation et du D\u00e9veloppement Local a pr\u00e9sent\u00e9 une communication relative \u00e0 la situation int\u00e9rieure.<br><br>Le Ministre de la Transformation Num\u00e9rique et de la Modernisation de l\u2019Administration a pr\u00e9sent\u00e9 une communication relative au bilan d\u2019une ann\u00e9e de fonctionnement de la Plateforme Electronique \u00ab Ain \u00bb. Depuis son lancement le 23 octobre 2024, la plateforme \u00e9lectronique \u00ab Ain \u00bb a largement atteint l\u2019objectif du gouvernement qui est de renforcer le contr\u00f4le citoyen sur l\u2019action gouvernementale et les services fournis par les diff\u00e9rents services publics.<br><br>L\u2019engagement remarquable des citoyens envers la plateforme, illustr\u00e9 par les 17.765 plaintes et signalements re\u00e7us de tout le pays, t\u00e9moigne de l\u2019efficacit\u00e9 et de la c\u00e9l\u00e9rit\u00e9 dans le traitement des requ\u00eates. Cette efficacit\u00e9, d\u00e9montr\u00e9e par le traitement de 97 % des 17.765 plaintes et signalements par la plateforme \u00ab Ain \u00bb, souligne l\u2019importance d\u2019un traitement efficace, comme l\u2019ont exprim\u00e9 les citoyens lors de sondages d\u2019opinion men\u00e9s dans le cadre de diverses campagnes de sensibilisation. Cela met \u00e9galement en \u00e9vidence la transparence avec laquelle leurs plaintes et signalements sont trait\u00e9s.<br><br>Toutefois, ces r\u00e9ponses r\u00e9v\u00e8lent \u00e9galement des probl\u00e8mes persistants dans plusieurs secteurs, qui n\u00e9cessitent des solutions concr\u00e8tes. Par cons\u00e9quent, la pr\u00e9sente communication propose une s\u00e9rie de mesures qui constitueront les fondements du d\u00e9veloppement futur de cette plateforme num\u00e9rique.<br><\/p>\n","protected":false},"excerpt":{"rendered":"<p>AMI &#8211; Le Conseil des Ministres s\u2019est r\u00e9uni le Mercredi 19 novembre 2025, sous la Pr\u00e9sidence de Son Excellence Monsieur Mohamed OULD CHEIKH EL-GHAZOUANI, Pr\u00e9sident de la R\u00e9publique.Le Conseil a examin\u00e9 et adopt\u00e9 les projets de d\u00e9crets suivants : \u2010 Projet de d\u00e9cret portant cr\u00e9ation, organisation et fonctionnement du cadre de coordination, de planification et [&hellip;]<\/p>\n","protected":false},"author":2,"featured_media":63427,"comment_status":"open","ping_status":"open","sticky":false,"template":"","format":"standard","meta":{"footnotes":""},"categories":[1449],"tags":[],"class_list":["post-63426","post","type-post","status-publish","format-standard","has-post-thumbnail","hentry","category-national"],"_links":{"self":[{"href":"https:\/\/lestracesdelinfo.com\/index.php\/wp-json\/wp\/v2\/posts\/63426","targetHints":{"allow":["GET"]}}],"collection":[{"href":"https:\/\/lestracesdelinfo.com\/index.php\/wp-json\/wp\/v2\/posts"}],"about":[{"href":"https:\/\/lestracesdelinfo.com\/index.php\/wp-json\/wp\/v2\/types\/post"}],"author":[{"embeddable":true,"href":"https:\/\/lestracesdelinfo.com\/index.php\/wp-json\/wp\/v2\/users\/2"}],"replies":[{"embeddable":true,"href":"https:\/\/lestracesdelinfo.com\/index.php\/wp-json\/wp\/v2\/comments?post=63426"}],"version-history":[{"count":1,"href":"https:\/\/lestracesdelinfo.com\/index.php\/wp-json\/wp\/v2\/posts\/63426\/revisions"}],"predecessor-version":[{"id":63428,"href":"https:\/\/lestracesdelinfo.com\/index.php\/wp-json\/wp\/v2\/posts\/63426\/revisions\/63428"}],"wp:featuredmedia":[{"embeddable":true,"href":"https:\/\/lestracesdelinfo.com\/index.php\/wp-json\/wp\/v2\/media\/63427"}],"wp:attachment":[{"href":"https:\/\/lestracesdelinfo.com\/index.php\/wp-json\/wp\/v2\/media?parent=63426"}],"wp:term":[{"taxonomy":"category","embeddable":true,"href":"https:\/\/lestracesdelinfo.com\/index.php\/wp-json\/wp\/v2\/categories?post=63426"},{"taxonomy":"post_tag","embeddable":true,"href":"https:\/\/lestracesdelinfo.com\/index.php\/wp-json\/wp\/v2\/tags?post=63426"}],"curies":[{"name":"wp","href":"https:\/\/api.w.org\/{rel}","templated":true}]}}