{"id":63442,"date":"2025-11-21T08:55:17","date_gmt":"2025-11-21T08:55:17","guid":{"rendered":"https:\/\/lestracesdelinfo.com\/?p=63442"},"modified":"2025-11-21T09:32:04","modified_gmt":"2025-11-21T09:32:04","slug":"maurice-emmanuel-macron-confirme-un-engagement-fort-dans-locean-indien","status":"publish","type":"post","link":"https:\/\/lestracesdelinfo.com\/index.php\/2025\/11\/21\/maurice-emmanuel-macron-confirme-un-engagement-fort-dans-locean-indien\/","title":{"rendered":"Maurice: Emmanuel Macron confirme \u00abun engagement fort dans l&rsquo;Oc\u00e9an indien\u00bb"},"content":{"rendered":"\n<p>RFI<\/p>\n\n\n\n<figure class=\"wp-block-image size-large\"><img loading=\"lazy\" decoding=\"async\" width=\"1024\" height=\"683\" src=\"https:\/\/lestracesdelinfo.com\/wp-content\/uploads\/2025\/11\/584748993_1254106366763367_1744084053478786205_n-1024x683.jpg\" alt=\"\" class=\"wp-image-63443\" srcset=\"https:\/\/lestracesdelinfo.com\/wp-content\/uploads\/2025\/11\/584748993_1254106366763367_1744084053478786205_n-1024x683.jpg 1024w, https:\/\/lestracesdelinfo.com\/wp-content\/uploads\/2025\/11\/584748993_1254106366763367_1744084053478786205_n-300x200.jpg 300w, https:\/\/lestracesdelinfo.com\/wp-content\/uploads\/2025\/11\/584748993_1254106366763367_1744084053478786205_n-768x512.jpg 768w, https:\/\/lestracesdelinfo.com\/wp-content\/uploads\/2025\/11\/584748993_1254106366763367_1744084053478786205_n.jpg 1080w\" sizes=\"auto, (max-width: 1024px) 100vw, 1024px\" \/><\/figure>\n\n\n\n<p>Premi\u00e8re journ\u00e9e de voyage <strong>officiel en Afrique pour le pr\u00e9sident fran\u00e7ais Emmanuel Macron<\/strong>, qui a atterri ce 20 novembre sur l&rsquo;\u00eele Maurice, un pays consid\u00e9r\u00e9 comme \u00ab\u00a0<em>un voisin strat\u00e9gique<\/em>\u00a0\u00bb de la France, de par sa proximit\u00e9 g\u00e9ographique avec l&rsquo;\u00eele de la R\u00e9union. <\/p>\n\n\n\n<p>Le pr\u00e9sident fran\u00e7ais et le Premier ministre mauricien ont fait une d\u00e9claration commune en fi<strong>n de journ\u00e9e \u00e0 Port-Louis.<\/strong><\/p>\n\n\n\n<p>Les deux hommes ont affich\u00e9 leur volont\u00e9 commune de raviver la relation entre la France et Maurice.<\/p>\n\n\n\n<p>Le diff\u00e9rend des deux pays concernant la&nbsp;<a href=\"https:\/\/www.rfi.fr\/fr\/afrique\/20250629-commission-mixte-franco-malgache-il-est-l%C3%A9gitime-que-les-%C3%AEles-%C3%A9parses-appartiennent-%C3%A0-madagascar\"><strong>souverain<\/strong><\/a><strong><a href=\"https:\/\/www.rfi.fr\/fr\/afrique\/20250629-commission-mixte-franco-malgache-il-est-l%C3%A9gitime-que-les-%C3%AEles-%C3%A9parses-appartiennent-%C3%A0-madagascar\">et\u00e9 de l&rsquo;\u00eele de Tromelin<\/a>, au sein des \u00eeles \u00e9parses, a \u00e9t\u00e9 \u00e9voqu\u00e9. La discussion a \u00e9t\u00e9 \u00ab&nbsp;<em>franche et ouverte<\/em>&nbsp;\u00bb &nbsp;selon le Premier ministre Navin Ramgoolam et Emmanuel Macron a estim\u00e9 que \u00ab&nbsp;<em>ce sujet ne doit pas diviser<\/em>&nbsp;\u00bb.&nbsp;<\/strong><\/p>\n\n\n\n<p>Enfin, les deux dirigeants ont \u00e9voqu\u00e9 la situation \u00e0 Madagascar. <\/p>\n\n\n\n<p>Pour la premi\u00e8re fois, Emmanuel Macron a affirm\u00e9 que \u00ab\u00a0<em>la France accompagnera (la transition malgache) avec une attitude d&rsquo;ouverture<\/em>\u00a0\u00bb et \u00ab\u00a0<em>de soutien en priorit\u00e9 aux Malgaches, s<\/em>&lsquo;agissant en particulier du d\u00e9veloppement \u00e9conomique, de la jeunesse, de la lutte contre la corruption et l&rsquo;enrichissement illicite\u00a0\u00bb.\u00a0<\/p>\n\n\n\n<blockquote class=\"wp-block-quote is-layout-flow wp-block-quote-is-layout-flow\">\n<p>Nous avons confirm\u00e9 nos convergences, notamment sur Madagascar, pays ami engag\u00e9 dans une transformation profonde. <\/p>\n\n\n\n<p>Nous avons pris acte de la volont\u00e9 des nouvelles autorit\u00e9s de r\u00e9pondre aux aspirations de la jeunesse.<\/p>\n\n\n\n<figure class=\"wp-block-image size-large\"><img loading=\"lazy\" decoding=\"async\" width=\"1024\" height=\"683\" src=\"https:\/\/lestracesdelinfo.com\/wp-content\/uploads\/2025\/11\/584922705_1254106433430027_5607889687902726182_n-1024x683.jpg\" alt=\"\" class=\"wp-image-63446\" srcset=\"https:\/\/lestracesdelinfo.com\/wp-content\/uploads\/2025\/11\/584922705_1254106433430027_5607889687902726182_n-1024x683.jpg 1024w, https:\/\/lestracesdelinfo.com\/wp-content\/uploads\/2025\/11\/584922705_1254106433430027_5607889687902726182_n-300x200.jpg 300w, https:\/\/lestracesdelinfo.com\/wp-content\/uploads\/2025\/11\/584922705_1254106433430027_5607889687902726182_n-768x512.jpg 768w, https:\/\/lestracesdelinfo.com\/wp-content\/uploads\/2025\/11\/584922705_1254106433430027_5607889687902726182_n.jpg 1080w\" sizes=\"auto, (max-width: 1024px) 100vw, 1024px\" \/><\/figure>\n<\/blockquote>\n\n\n\n<p>Tourn\u00e9e africaine d&rsquo;Emmanuel Macron : r\u00e9action sur MadagascarLiza Fabbian<\/p>\n\n\n\n<p>De son c\u00f4t\u00e9, le Premier ministre Ramgoolam a dit \u00ab&nbsp;<em>souscrire enti\u00e8rement aux efforts de la France et \u00e0 la d\u00e9marche de l&rsquo;Union europ\u00e9enne, de l&rsquo;Union africaine et de la Communaut\u00e9 de d\u00e9veloppement d&rsquo;Afrique australe (SADC) pour que la situation se stabilise le plus rapidement possible<\/em>&nbsp;\u00bb dans la Grande \u00eele.<\/p>\n\n\n\n<h2 class=\"wp-block-heading\">La visite \u00e0 Maurice se poursuit&nbsp;<\/h2>\n\n\n\n<p>Le programme de ce vendredi 21 novembre est particuli\u00e8rement charg\u00e9 entre deux pays.&nbsp;Les engagements d&rsquo;Emmanuel Macron se poursuivent d&rsquo;abord \u00e0 Maurice ce vendredi matin.&nbsp;Le chef de l&rsquo;\u00c9tat montera \u00e0 bord du navire fran\u00e7ais Champlain.<\/p>\n\n\n\n<p>Ce b\u00e2timent de la Marine fran\u00e7aise est engag\u00e9 dans des missions de surveillance maritimes conjointes avec les gardes-c\u00f4tes mauriciens et contribue \u00e0 la coop\u00e9ration r\u00e9gionale en mati\u00e8re de s\u00e9curit\u00e9 maritime.&nbsp;La lutte contre les trafics et la p\u00eache illicite fait partie des sujets abord\u00e9s lors de la rencontre entre Emmanuel Macron et le Premier ministre mauricien Navin Ramgoolam.<\/p>\n\n\n\n<figure class=\"wp-block-image size-large\"><img loading=\"lazy\" decoding=\"async\" width=\"1024\" height=\"683\" src=\"https:\/\/lestracesdelinfo.com\/wp-content\/uploads\/2025\/11\/586160413_1254106566763347_1598368441477733941_n-1024x683.jpg\" alt=\"\" class=\"wp-image-63448\" srcset=\"https:\/\/lestracesdelinfo.com\/wp-content\/uploads\/2025\/11\/586160413_1254106566763347_1598368441477733941_n-1024x683.jpg 1024w, https:\/\/lestracesdelinfo.com\/wp-content\/uploads\/2025\/11\/586160413_1254106566763347_1598368441477733941_n-300x200.jpg 300w, https:\/\/lestracesdelinfo.com\/wp-content\/uploads\/2025\/11\/586160413_1254106566763347_1598368441477733941_n-768x512.jpg 768w, https:\/\/lestracesdelinfo.com\/wp-content\/uploads\/2025\/11\/586160413_1254106566763347_1598368441477733941_n.jpg 1080w\" sizes=\"auto, (max-width: 1024px) 100vw, 1024px\" \/><\/figure>\n\n\n\n<p>En fin de matin\u00e9e ce vendredi, le pr\u00e9sident fran\u00e7ais inaugurera la nouvelle ambassade de France \u00e0 Maurice, avant de s&rsquo;envoler vers l&rsquo;<a href=\"https:\/\/www.rfi.fr\/fr\/tag\/afrique-du-sud\/\"><strong>Afrique du Sud<\/strong><\/a>&nbsp;pour une s\u00e9rie d&rsquo;engagements bilat\u00e9raux en amont du G20. Emmanuel Macron devrait s&rsquo;entretenir bri\u00e8vement avec le pr\u00e9sident sud-africain&nbsp;<a href=\"https:\/\/www.rfi.fr\/fr\/podcasts\/aujourd-hui-l-%C3%A9conomie\/20251120-avant-le-g20-un-vent-d-optimisme-souffle-sur-l-afrique-du-sud\"><strong>Cyril Ramaphosa<\/strong><\/a>, avant une s\u00e9quence de comm\u00e9moration, en l&rsquo;honneur des Fran\u00e7ais ayant combattu l&rsquo;apartheid&#8230;.&nbsp;<\/p>\n\n\n\n<p>Dans la soir\u00e9e, le chef de l&rsquo;\u00c9tat participera au lancement d&rsquo;un conseil d&rsquo;Affaires franco-sud-africain, pour faciliter et renforcer les partenariats \u00e9conomiques entre entreprises des deux pays sur le mod\u00e8le de ce qui existe d\u00e9j\u00e0 entre la France et le Nigeria.<\/p>\n\n\n\n<h2 class=\"wp-block-heading\">Derni\u00e8res \u00e9tapes<\/h2>\n\n\n\n<p>Puis, Emmanuel Macron prendra la direction du&nbsp;<strong><a href=\"https:\/\/www.rfi.fr\/fr\/tag\/gabon\/\">Gabon<\/a><\/strong>&nbsp;afin de \u00ab&nbsp;<em>confirmer et approfondir<\/em>&nbsp;<em>\u00bb&nbsp;<\/em>un partenariat qualifi\u00e9 d&rsquo;\u00ab&nbsp;<em>excellent, renouvel\u00e9 et tourn\u00e9 vers le futur<\/em>&nbsp;\u00bb par l&rsquo;\u00c9lys\u00e9e. Il s&rsquo;agira de la premi\u00e8re visite d&rsquo;\u00c9tat du pr\u00e9sident fran\u00e7ais \u00e0 Libreville depuis que&nbsp;<a href=\"https:\/\/www.rfi.fr\/fr\/tag\/brice-oligui-nguema\/\"><strong>Brice Oligui Nguema<\/strong><\/a>&nbsp;est arriv\u00e9e au pouvoir.<\/p>\n\n\n\n<p>Enfin, la tourn\u00e9e africaine du pr\u00e9sident s&rsquo;ach\u00e8vera en d\u00e9but de semaine prochaine \u00e0 Luanda, en&nbsp;<strong><a href=\"https:\/\/www.rfi.fr\/fr\/tag\/angola\/\">Angola<\/a><\/strong>, avec le sommet Union europ\u00e9enne-Union africaine. L&rsquo;objectif de la r\u00e9union sera notamment d&rsquo;\u00e9valuer les progr\u00e8s r\u00e9alis\u00e9s depuis le dernier sommet conjoint qui s&rsquo;\u00e9tait d\u00e9roul\u00e9 \u00e0 Bruxelles, en 2022, alors que la France occupait la pr\u00e9sidence tournante du Conseil de l&rsquo;Union europ\u00e9enne.<\/p>\n\n\n\n<p>RFI<\/p>\n","protected":false},"excerpt":{"rendered":"<p>RFI Premi\u00e8re journ\u00e9e de voyage officiel en Afrique pour le pr\u00e9sident fran\u00e7ais Emmanuel Macron, qui a atterri ce 20 novembre sur l&rsquo;\u00eele Maurice, un pays consid\u00e9r\u00e9 comme \u00ab\u00a0un voisin strat\u00e9gique\u00a0\u00bb de la France, de par sa proximit\u00e9 g\u00e9ographique avec l&rsquo;\u00eele de la R\u00e9union. Le pr\u00e9sident fran\u00e7ais et le Premier ministre mauricien ont fait une d\u00e9claration [&hellip;]<\/p>\n","protected":false},"author":2,"featured_media":63444,"comment_status":"open","ping_status":"open","sticky":false,"template":"","format":"standard","meta":{"footnotes":""},"categories":[1304],"tags":[],"class_list":["post-63442","post","type-post","status-publish","format-standard","has-post-thumbnail","hentry","category-linternational"],"_links":{"self":[{"href":"https:\/\/lestracesdelinfo.com\/index.php\/wp-json\/wp\/v2\/posts\/63442","targetHints":{"allow":["GET"]}}],"collection":[{"href":"https:\/\/lestracesdelinfo.com\/index.php\/wp-json\/wp\/v2\/posts"}],"about":[{"href":"https:\/\/lestracesdelinfo.com\/index.php\/wp-json\/wp\/v2\/types\/post"}],"author":[{"embeddable":true,"href":"https:\/\/lestracesdelinfo.com\/index.php\/wp-json\/wp\/v2\/users\/2"}],"replies":[{"embeddable":true,"href":"https:\/\/lestracesdelinfo.com\/index.php\/wp-json\/wp\/v2\/comments?post=63442"}],"version-history":[{"count":2,"href":"https:\/\/lestracesdelinfo.com\/index.php\/wp-json\/wp\/v2\/posts\/63442\/revisions"}],"predecessor-version":[{"id":63449,"href":"https:\/\/lestracesdelinfo.com\/index.php\/wp-json\/wp\/v2\/posts\/63442\/revisions\/63449"}],"wp:featuredmedia":[{"embeddable":true,"href":"https:\/\/lestracesdelinfo.com\/index.php\/wp-json\/wp\/v2\/media\/63444"}],"wp:attachment":[{"href":"https:\/\/lestracesdelinfo.com\/index.php\/wp-json\/wp\/v2\/media?parent=63442"}],"wp:term":[{"taxonomy":"category","embeddable":true,"href":"https:\/\/lestracesdelinfo.com\/index.php\/wp-json\/wp\/v2\/categories?post=63442"},{"taxonomy":"post_tag","embeddable":true,"href":"https:\/\/lestracesdelinfo.com\/index.php\/wp-json\/wp\/v2\/tags?post=63442"}],"curies":[{"name":"wp","href":"https:\/\/api.w.org\/{rel}","templated":true}]}}