{"id":63450,"date":"2025-11-21T09:33:47","date_gmt":"2025-11-21T09:33:47","guid":{"rendered":"https:\/\/lestracesdelinfo.com\/?p=63450"},"modified":"2025-11-21T09:36:24","modified_gmt":"2025-11-21T09:36:24","slug":"le-president-de-la-republique-tient-une-reunion-avec-les-walis","status":"publish","type":"post","link":"https:\/\/lestracesdelinfo.com\/index.php\/2025\/11\/21\/le-president-de-la-republique-tient-une-reunion-avec-les-walis\/","title":{"rendered":"Le Pr\u00e9sident de la R\u00e9publique tient une r\u00e9union avec les walis"},"content":{"rendered":"\n<p>AMI<\/p>\n\n\n\n<figure class=\"wp-block-image\"><a class=\"post-thumbnail open-lightbox\" href=\"https:\/\/ami.mr\/fr\/wp-content\/uploads\/2025\/11\/%D8%A7%D9%84%D9%88%D9%84%D8%A7%D8%AA.jpg\"><img decoding=\"async\" src=\"https:\/\/ami.mr\/fr\/wp-content\/uploads\/2025\/11\/%D8%A7%D9%84%D9%88%D9%84%D8%A7%D8%AA-750x430.jpg\" alt=\"\"\/><\/a><\/figure>\n\n\n\n<p>Son Excellence le Pr\u00e9sident de la R\u00e9publique, <strong>M. Mohamed Ould Cheikh El Ghazouani, <\/strong>a tenu, ce jeudi apr\u00e8s-midi, une longue r\u00e9union avec les walis des diff\u00e9rentes r\u00e9gions du pays. Cette r\u00e9union \u00e9tait consacr\u00e9e au suivi des d\u00e9cisions des r\u00e9unions pr\u00e9c\u00e9dentes, \u00e0 l\u2019\u00e9valuation de la performance de l\u2019administration r\u00e9gionale et locale, et \u00e0 la mesure de la qualit\u00e9 des services fournis aux citoyens. <\/p>\n\n\n\n<p>Elle a \u00e9galement permis de faire le point sur l\u2019avancement de la mise en \u0153uvre des politiques publiques au niveau local dans le cadre du programme pr\u00e9sidentiel \u201cMon ambition pour la patrie\u201d, en particulier le programme d\u2019urgence pour la g\u00e9n\u00e9ralisation de l\u2019acc\u00e8s aux services de base, lanc\u00e9 r\u00e9cemment par Son Excellence le Pr\u00e9sident de la R\u00e9publique depuis <strong>la wilaya du Hodh Chargui.<\/strong><\/p>\n\n\n\n<p>Au d\u00e9but de la r\u00e9union, Son Excellence le Pr\u00e9sident de la R\u00e9publique a rappel\u00e9 l\u2019importance des sujets abord\u00e9s lors des diff\u00e9rentes \u00e9tapes de sa r\u00e9cente visite dans <strong>la wilaya du Hodh Chargui<\/strong>, notant que m\u00eame si les discours portaient sur les affaires r\u00e9gionales et locales, ils \u00e9taient, dans de nombreuses de leurs dimensions, adress\u00e9s aux citoyens de toutes les wilayas du pays et aux responsables publics en tant que principaux concern\u00e9s par l\u2019instauration d\u2019un \u00c9tat de citoyennet\u00e9 et de droit.<\/p>\n\n\n\n<p>Il s\u2019agit en particulier de la citoyennet\u00e9, car il est imp\u00e9ratif, dans un \u00c9tat de droit, d\u2019accorder une priorit\u00e9 absolue \u00e0 l\u2019enracinement de l\u2019esprit de citoyennet\u00e9 et au renforcement de l\u2019appartenance \u00e0 la nation au d\u00e9triment des appartenances \u00e9troites et secondaires, qu\u2019elles soient tribales, r\u00e9gionales, stratifi\u00e9es ou cat\u00e9gorielles, ce qui exige de traiter les populations comme des citoyens \u00e9gaux en droits et en devoirs, et ce, ind\u00e9pendamment de toute autre consid\u00e9ration ou arri\u00e8re-plan.<\/p>\n\n\n\n<p><strong>Son Excellence le Pr\u00e9siden<\/strong>t a soulign\u00e9 la n\u00e9cessit\u00e9 pour les walis et les autres responsables de l\u2019administration r\u00e9gionale d\u2019assumer pleinement leurs responsabilit\u00e9s pour gagner de mani\u00e8re d\u00e9cisive la bataille de l\u2019instauration de la citoyennet\u00e9 et de s\u2019opposer fermement aux comportements contraires \u00e0 cette orientation, quelle qu\u2019en soit la source, et en particulier ce qui pourrait \u00e9maner des agents de l\u2019\u00c9tat. Il ne s\u2019agit naturellement pas de combattre les entit\u00e9s sociales traditionnelles, mais de s\u2019opposer \u00e0 leurs manifestations n\u00e9gatives, en particulier celles qui contredisent l\u2019appartenance \u00e0 la nation unie, ou qui d\u00e9fient l\u2019entit\u00e9 de l\u2019\u00c9tat, son autorit\u00e9 ou sa souverainet\u00e9, ou qui entravent les programmes de d\u00e9veloppement et de promotion de la soci\u00e9t\u00e9, y compris la tentative de monopoliser les terres agricoles, les points d\u2019eau ou les puits, ou qui emp\u00eachent l\u2019exploitation des ressources naturelles en g\u00e9n\u00e9ral.<\/p>\n\n\n\n<p>Les interventions de tous les walis ont \u00e9t\u00e9 \u00e9cout\u00e9es concernant la mise en \u0153uvre des directives issues de la derni\u00e8re r\u00e9union, notamment en ce qui concerne les sujets suivants : l\u2019\u00e9cole r\u00e9publicaine, la protection des p\u00e2turages, l\u2019immigration et la r\u00e9sidence des \u00e9trangers, et l\u2019agriculture (en particulier l\u2019utilisation optimale des \u00e9quipements mis \u00e0 la disposition des wilaya).<\/p>\n\n\n\n<p>Son Excellence le Pr\u00e9sident de la R\u00e9publique a appel\u00e9 les walis, en leur qualit\u00e9 de repr\u00e9sentants du Pr\u00e9sident et du Gouvernement, et en plus de leurs missions traditionnelles, \u00e0 contribuer \u00e0 la sensibilisation aux priorit\u00e9s, orientations, politiques et programmes de l\u2019\u00c9tat, car l\u2019administration est le m\u00e9canisme essentiel pour la mise en \u0153uvre des politiques publiques sur le terrain au service du citoyen et du d\u00e9veloppement, conform\u00e9ment \u00e0 l\u2019approche de d\u00e9veloppement participative actuellement adopt\u00e9e, qui exige d\u2019intensifier les efforts d\u00e9ploy\u00e9s dans le domaine de la communication directe avec les citoyens et des visites de terrain dans les diff\u00e9rentes circonscriptions administratives.<\/p>\n\n\n\n<p>Son Excellence a demand\u00e9 au Gouvernement de prendre les mesures n\u00e9cessaires pour traiter positivement les questions et les demandes urgentes soulev\u00e9es par les walis, en fonction du domaine de comp\u00e9tence de chaque d\u00e9partement minist\u00e9riel concern\u00e9, et d\u2019intensifier la coordination \u00e0 l\u2019avenir entre les autorit\u00e9s centrales et r\u00e9gionales.<\/p>\n\n\n\n<p>Cette r\u00e9union s\u2019inscrit dans le cadre du projet soci\u00e9tal que Son Excellence le Pr\u00e9sident de la R\u00e9publique s\u2019est engag\u00e9 \u00e0 mettre en place au service du peuple mauritanien et de l\u2019\u00c9tat mauritanien, \u00e0 travers l\u2019\u00e9dification d\u2019une administration publique efficace, professionnelle, cr\u00e9dible et d\u00e9vou\u00e9e au service de tous, contribuant \u00e0 renforcer la stabilit\u00e9, \u00e0 consolider la justice et \u00e0 acc\u00e9l\u00e9rer le rythme de mise en \u0153uvre des programmes gouvernementaux, afin qu\u2019elle soit capable de servir le citoyen et le d\u00e9veloppement avec toute la dignit\u00e9 requise.<\/p>\n","protected":false},"excerpt":{"rendered":"<p>AMI Son Excellence le Pr\u00e9sident de la R\u00e9publique, M. Mohamed Ould Cheikh El Ghazouani, a tenu, ce jeudi apr\u00e8s-midi, une longue r\u00e9union avec les walis des diff\u00e9rentes r\u00e9gions du pays. Cette r\u00e9union \u00e9tait consacr\u00e9e au suivi des d\u00e9cisions des r\u00e9unions pr\u00e9c\u00e9dentes, \u00e0 l\u2019\u00e9valuation de la performance de l\u2019administration r\u00e9gionale et locale, et \u00e0 la mesure [&hellip;]<\/p>\n","protected":false},"author":2,"featured_media":63451,"comment_status":"open","ping_status":"open","sticky":false,"template":"","format":"standard","meta":{"footnotes":""},"categories":[1449],"tags":[],"class_list":["post-63450","post","type-post","status-publish","format-standard","has-post-thumbnail","hentry","category-national"],"_links":{"self":[{"href":"https:\/\/lestracesdelinfo.com\/index.php\/wp-json\/wp\/v2\/posts\/63450","targetHints":{"allow":["GET"]}}],"collection":[{"href":"https:\/\/lestracesdelinfo.com\/index.php\/wp-json\/wp\/v2\/posts"}],"about":[{"href":"https:\/\/lestracesdelinfo.com\/index.php\/wp-json\/wp\/v2\/types\/post"}],"author":[{"embeddable":true,"href":"https:\/\/lestracesdelinfo.com\/index.php\/wp-json\/wp\/v2\/users\/2"}],"replies":[{"embeddable":true,"href":"https:\/\/lestracesdelinfo.com\/index.php\/wp-json\/wp\/v2\/comments?post=63450"}],"version-history":[{"count":2,"href":"https:\/\/lestracesdelinfo.com\/index.php\/wp-json\/wp\/v2\/posts\/63450\/revisions"}],"predecessor-version":[{"id":63454,"href":"https:\/\/lestracesdelinfo.com\/index.php\/wp-json\/wp\/v2\/posts\/63450\/revisions\/63454"}],"wp:featuredmedia":[{"embeddable":true,"href":"https:\/\/lestracesdelinfo.com\/index.php\/wp-json\/wp\/v2\/media\/63451"}],"wp:attachment":[{"href":"https:\/\/lestracesdelinfo.com\/index.php\/wp-json\/wp\/v2\/media?parent=63450"}],"wp:term":[{"taxonomy":"category","embeddable":true,"href":"https:\/\/lestracesdelinfo.com\/index.php\/wp-json\/wp\/v2\/categories?post=63450"},{"taxonomy":"post_tag","embeddable":true,"href":"https:\/\/lestracesdelinfo.com\/index.php\/wp-json\/wp\/v2\/tags?post=63450"}],"curies":[{"name":"wp","href":"https:\/\/api.w.org\/{rel}","templated":true}]}}