{"id":63467,"date":"2025-11-22T08:37:12","date_gmt":"2025-11-22T08:37:12","guid":{"rendered":"https:\/\/lestracesdelinfo.com\/?p=63467"},"modified":"2025-11-22T08:37:55","modified_gmt":"2025-11-22T08:37:55","slug":"cop30-le-maroc-appelle-a-un-acces-direct-et-massif-au-financement-climatique-pour-lafrique","status":"publish","type":"post","link":"https:\/\/lestracesdelinfo.com\/index.php\/2025\/11\/22\/cop30-le-maroc-appelle-a-un-acces-direct-et-massif-au-financement-climatique-pour-lafrique\/","title":{"rendered":"COP30 : le Maroc appelle \u00e0 un acc\u00e8s direct et massif au financement climatique pour l\u2019Afrique"},"content":{"rendered":"\n<p>    <a href=\"https:\/\/tchadinfos.com\"><strong>tchadinfos.com<\/strong><\/a>                                 Par\u00a0<a href=\"https:\/\/tchadinfos.com\/author\/aristide\/\">Aristide Nguemadji<\/a><\/p>\n\n\n\n<p><img decoding=\"async\" src=\"https:\/\/tchadinfos.com\/wp-content\/uploads\/2025\/11\/gettyimages-2244841015-612x612-1.jpg\" alt=\"COP30 : le Maroc appelle \u00e0 un acc\u00e8s direct et massif au financement climatique pour l\u2019Afrique\"><\/p>\n\n\n\n<p>General view of the Leaders&rsquo; Round Table to launch the Tropical Forest Forever Facility (TFFF) in the framework of the COP30 UN Climate Change Conference in Belem, Para State, Brazil, on November 6, 2025. (Photo by Pablo PORCIUNCULA \/ AFP) (Photo by PABLO PORCIUNCULA\/AFP via Getty Images)<\/p>\n\n\n\n<p><strong>En marge de la COP30 qui se tient actuellement \u00e0 Bel\u00e9m au Br\u00e9sil, le Maroc a plaid\u00e9 avec force, jeudi, pour que la d\u00e9cennie 2025-2035 devienne v\u00e9ritablement \u00ab la d\u00e9cennie de la mise en \u0153uvre \u00bb de l\u2019Objectif mondial d\u2019adaptation (GGA) adopt\u00e9 l\u2019an dernier \u00e0 Duba\u00ef.<\/strong><\/p>\n\n\n\n<p>\u00ab Sans financement ad\u00e9quat, les pays africains ne pourront ni op\u00e9rationnaliser le GGA ni utiliser la liste d\u2019indicateurs valid\u00e9e, ce qui creuserait encore le foss\u00e9 entre les engagements et le soutien r\u00e9el \u00e0 l\u2019adaptation \u00bb, a d\u00e9clar\u00e9 Bouzekri Razi, directeur du climat et de la diversit\u00e9 biologique au minist\u00e8re marocain de la Transition \u00e9nerg\u00e9tique et du D\u00e9veloppement durable, lors du Dialogue de haut niveau de Bakou sur l\u2019adaptation.<\/p>\n\n\n\n<p>Pour le Royaume, la cr\u00e9dibilit\u00e9 de tout le processus climatique repose d\u00e9sormais sur la capacit\u00e9 \u00e0 transformer les promesses en actions concr\u00e8tes sur le terrain.<\/p>\n\n\n\n<p>Razi a rappel\u00e9 que l\u2019Afrique ne re\u00e7oit actuellement que moins de 10 % des financements mondiaux d\u00e9di\u00e9s \u00e0 l\u2019adaptation, alors que le continent est parmi les plus vuln\u00e9rables aux impacts du changement climatique. Cette situation compromet gravement la possibilit\u00e9 d\u2019atteindre les cibles fix\u00e9es pour 2027 et 2030.<\/p>\n\n\n\n<p>Le Maroc exige donc un acc\u00e8s direct et simplifi\u00e9 aux fonds climatiques pour les institutions africaines, les agriculteurs et les coop\u00e9ratives, via des m\u00e9canismes \u00e9largis reposant principalement sur des dons et des pr\u00eats hautement concessionnels.<\/p>\n\n\n\n<p>\u00a0<a href=\"https:\/\/tchadinfos.com\/2025\/11\/15\/cop30-changement-climatique-les-emissions-mondiales-de-co2-atteindront-un-niveau-record-en-2025-selon-un-rapport\/\">COP30\/Changement climatique : les \u00e9missions mondiales de CO2 atteindront un niveau record en 2025 selon un rapport<\/a><\/p>\n\n\n\n<p>Le Royaume a pr\u00e9sent\u00e9 son propre parcours comme un mod\u00e8le possible : sa Contribution d\u00e9termin\u00e9e au niveau national (CDN) actualis\u00e9e est pleinement align\u00e9e sur le cadre des \u00c9mirats arabes unis pour la r\u00e9silience, avec des actions cibl\u00e9es sur l\u2019eau, la s\u00e9curit\u00e9 alimentaire, la sant\u00e9 et les moyens de subsistance.<\/p>\n\n\n\n<p>Rabat met \u00e9galement l\u2019accent sur la coop\u00e9ration Sud-Sud, dont l\u2019Initiative pour l\u2019adaptation de l\u2019agriculture africaine (AAA), lanc\u00e9e par le Roi Mohammed VI lors de la COP22 \u00e0 Marrakech en 2016, reste l\u2019exemple le plus embl\u00e9matique.<\/p>\n\n\n\n<p>\u00a0<a href=\"https:\/\/tchadinfos.com\/2025\/11\/15\/tchad-a-la-cop30-la-ministre-detat-plaide-pour-un-financement-climatique-oriente-vers-les-plus-vulnerables\/\">Tchad : \u00e0 la COP30, la Ministre d\u2019\u00c9tat en charge de la Femme plaide pour un financement climatique orient\u00e9 vers les plus vuln\u00e9rables<\/a><\/p>\n\n\n\n<p>Le Maroc a par ailleurs salu\u00e9 l\u2019Initiative africaine pour l\u2019adaptation (AAI), qualifi\u00e9e de \u00ab principale plateforme continentale \u00bb, tout en appelant \u00e0 un soutien financier pr\u00e9visible et fond\u00e9 sur des dons pour l\u2019ancrer durablement dans les trajectoires de d\u00e9veloppement des pays africains.<\/p>\n\n\n\n<p>Le Royaume a insist\u00e9 sur la n\u00e9cessit\u00e9 d\u2019indicateurs d\u2019adaptation transparents mais flexibles, non prescriptifs et surtout non punitifs, capables de refl\u00e9ter la diversit\u00e9 des vuln\u00e9rabilit\u00e9s et des priorit\u00e9s nationales, en particulier dans les secteurs de l\u2019agriculture et de l\u2019eau, vitaux pour la s\u00e9curit\u00e9 humaine.<\/p>\n\n\n\n<p><a href=\"https:\/\/tchadinfos.com\"><strong>tchadinfos.com<\/strong><\/a><a href=\"https:\/\/tchadinfos.com\/#facebook\" target=\"_blank\" rel=\"noreferrer noopener\"><\/a><a href=\"https:\/\/tchadinfos.com\/#facebook\" target=\"_blank\" rel=\"noreferrer noopener\"><\/a><a href=\"https:\/\/tchadinfos.com\/#x\" target=\"_blank\" rel=\"noreferrer noopener\"><\/a><a href=\"https:\/\/tchadinfos.com\/#linkedin\" target=\"_blank\" rel=\"noreferrer noopener\"><\/a><a href=\"https:\/\/tchadinfos.com\/#whatsapp\" target=\"_blank\" rel=\"noreferrer noopener\"><\/a><a href=\"https:\/\/tchadinfos.com\/#telegram\" target=\"_blank\" rel=\"noreferrer noopener\"><\/a><a href=\"https:\/\/tchadinfos.com\/#email\" target=\"_blank\" rel=\"noreferrer noopener\"><\/a><a href=\"https:\/\/www.addtoany.com\/share#url=https%3A%2F%2Ftchadinfos.com%2F2025%2F11%2F22%2Fcop30-le-maroc-appelle-a-un-acces-direct-et-massif-au-financement-climatique-pour-lafrique%2F&amp;title=COP30%20%3A%20le%20Maroc%20appelle%20%C3%A0%20un%20acc%C3%A8s%20direct%20et%20massif%20au%20financement%20climatique%20pour%20l%E2%80%99Afrique%20-%20Tchadinfos\"><\/a><\/p>\n\n\n\n<p><\/p>\n","protected":false},"excerpt":{"rendered":"<p>tchadinfos.com Par\u00a0Aristide Nguemadji General view of the Leaders&rsquo; Round Table to launch the Tropical Forest Forever Facility (TFFF) in the framework of the COP30 UN Climate Change Conference in Belem, Para State, Brazil, on November 6, 2025. (Photo by Pablo PORCIUNCULA \/ AFP) (Photo by PABLO PORCIUNCULA\/AFP via Getty Images) En marge de la COP30 [&hellip;]<\/p>\n","protected":false},"author":2,"featured_media":63468,"comment_status":"open","ping_status":"open","sticky":false,"template":"","format":"standard","meta":{"footnotes":""},"categories":[1447],"tags":[],"class_list":["post-63467","post","type-post","status-publish","format-standard","has-post-thumbnail","hentry","category-afrique"],"_links":{"self":[{"href":"https:\/\/lestracesdelinfo.com\/index.php\/wp-json\/wp\/v2\/posts\/63467","targetHints":{"allow":["GET"]}}],"collection":[{"href":"https:\/\/lestracesdelinfo.com\/index.php\/wp-json\/wp\/v2\/posts"}],"about":[{"href":"https:\/\/lestracesdelinfo.com\/index.php\/wp-json\/wp\/v2\/types\/post"}],"author":[{"embeddable":true,"href":"https:\/\/lestracesdelinfo.com\/index.php\/wp-json\/wp\/v2\/users\/2"}],"replies":[{"embeddable":true,"href":"https:\/\/lestracesdelinfo.com\/index.php\/wp-json\/wp\/v2\/comments?post=63467"}],"version-history":[{"count":1,"href":"https:\/\/lestracesdelinfo.com\/index.php\/wp-json\/wp\/v2\/posts\/63467\/revisions"}],"predecessor-version":[{"id":63469,"href":"https:\/\/lestracesdelinfo.com\/index.php\/wp-json\/wp\/v2\/posts\/63467\/revisions\/63469"}],"wp:featuredmedia":[{"embeddable":true,"href":"https:\/\/lestracesdelinfo.com\/index.php\/wp-json\/wp\/v2\/media\/63468"}],"wp:attachment":[{"href":"https:\/\/lestracesdelinfo.com\/index.php\/wp-json\/wp\/v2\/media?parent=63467"}],"wp:term":[{"taxonomy":"category","embeddable":true,"href":"https:\/\/lestracesdelinfo.com\/index.php\/wp-json\/wp\/v2\/categories?post=63467"},{"taxonomy":"post_tag","embeddable":true,"href":"https:\/\/lestracesdelinfo.com\/index.php\/wp-json\/wp\/v2\/tags?post=63467"}],"curies":[{"name":"wp","href":"https:\/\/api.w.org\/{rel}","templated":true}]}}