{"id":63471,"date":"2025-11-24T07:18:39","date_gmt":"2025-11-24T07:18:39","guid":{"rendered":"https:\/\/lestracesdelinfo.com\/?p=63471"},"modified":"2025-11-24T07:19:10","modified_gmt":"2025-11-24T07:19:10","slug":"guinee-bissau-participation-au-dela-de-65","status":"publish","type":"post","link":"https:\/\/lestracesdelinfo.com\/index.php\/2025\/11\/24\/guinee-bissau-participation-au-dela-de-65\/","title":{"rendered":"Guin\u00e9e-Bissau : participation au-del\u00e0 de 65 %"},"content":{"rendered":"\n<p><img loading=\"lazy\" decoding=\"async\" width=\"32\" height=\"32\" srcset=\"https:\/\/fr.apanews.net\/wp-content\/uploads\/sites\/2\/2023\/09\/APA-Ico-48x48.png 48w, https:\/\/fr.apanews.net\/wp-content\/uploads\/sites\/2\/2023\/09\/APA-Ico-300x300.png 300w, https:\/\/fr.apanews.net\/wp-content\/uploads\/sites\/2\/2023\/09\/APA-Ico-150x150.png 150w, https:\/\/fr.apanews.net\/wp-content\/uploads\/sites\/2\/2023\/09\/APA-Ico-70x70.png 70w, https:\/\/fr.apanews.net\/wp-content\/uploads\/sites\/2\/2023\/09\/APA-Ico-450x450.png 450w, https:\/\/fr.apanews.net\/wp-content\/uploads\/sites\/2\/2023\/09\/APA-Ico-24x24.png 24w, https:\/\/fr.apanews.net\/wp-content\/uploads\/sites\/2\/2023\/09\/APA-Ico-96x96.png 96w, https:\/\/fr.apanews.net\/wp-content\/uploads\/sites\/2\/2023\/09\/APA-Ico.png 512w\" src=\"https:\/\/fr.apanews.net\/wp-content\/uploads\/sites\/2\/2023\/09\/APA-Ico-48x48.png\" alt=\"APA-Bissau (Guin\u00e9e-Bissau)\"><a>APA-Bissau (Guin\u00e9e-Bissau<\/a><\/p>\n\n\n\n<figure class=\"wp-block-image\"><img decoding=\"async\" src=\"https:\/\/fr.apanews.net\/wp-content\/uploads\/sites\/2\/2025\/11\/249030-1024x559.jpg\" alt=\"\" title=\"Guin\u00e9e-Bissau : participation au-del\u00e0 de 65 %\"\/><\/figure>\n\n\n\n<p>Partager<\/p>\n\n\n\n<p><a href=\"https:\/\/www.facebook.com\/sharer.php?u=https%3A%2F%2Ffr.apanews.net%2Fnews%2Fguinee-bissau-participation-au-dela-de-65%2F\" target=\"_blank\" rel=\"noreferrer noopener\"><\/a><a href=\"https:\/\/twitter.com\/intent\/tweet?url=https%3A%2F%2Ffr.apanews.net%2Fnews%2Fguinee-bissau-participation-au-dela-de-65%2F&amp;text=Guin%C3%A9e-Bissau%20%3A%20participation%20au-del%C3%A0%20de%2065%20%25\" target=\"_blank\" rel=\"noreferrer noopener\"><\/a><a href=\"https:\/\/wa.me\/?text=Guin%C3%A9e-Bissau%20%3A%20participation%20au-del%C3%A0%20de%2065%20%25%20https%3A%2F%2Ffr.apanews.net%2Fnews%2Fguinee-bissau-participation-au-dela-de-65%2F\" target=\"_blank\" rel=\"noreferrer noopener\"><\/a><a href=\"mailto:?subject=Guin%C3%A9e-Bissau%20%3A%20participation%20au-del%C3%A0%20de%2065%20%25&amp;body=https%3A%2F%2Ffr.apanews.net%2Fnews%2Fguinee-bissau-participation-au-dela-de-65%2F\" target=\"_blank\" rel=\"noreferrer noopener\"><\/a><a href=\"https:\/\/www.linkedin.com\/shareArticle?mini=true&amp;url=https%3A%2F%2Ffr.apanews.net%2Fnews%2Fguinee-bissau-participation-au-dela-de-65%2F\" target=\"_blank\" rel=\"noreferrer noopener\"><\/a><a href=\"https:\/\/t.me\/share\/url?url=https%3A%2F%2Ffr.apanews.net%2Fnews%2Fguinee-bissau-participation-au-dela-de-65%2F&amp;title=Guin%C3%A9e-Bissau%20%3A%20participation%20au-del%C3%A0%20de%2065%20%25\" target=\"_blank\" rel=\"noreferrer noopener\"><\/a><\/p>\n\n\n\n<p><strong>Le secr\u00e9taire ex\u00e9cutif adjoint de la Commission \u00e9lectorale nationale, Idri\u00e7a Djal\u00f3, a assur\u00e9 dimanche que le scrutin pr\u00e9sidentiel, auquel plus de 960.000 Bissau-Guin\u00e9ens \u00e9taient convoqu\u00e9s, s\u2019est d\u00e9roul\u00e9 sans incidents majeurs, au moment o\u00f9 le pr\u00e9sident sortant Umaro Sissoco Embal\u00f3 affronte onze candidats.<\/strong><\/p>\n\n\n\n<p>Le secr\u00e9taire ex\u00e9cutif adjoint de la Commission \u00e9lectorale nationale (CNE), Idri\u00e7a Djal\u00f3, a assur\u00e9 dimanche que le scrutin du 23 novembre s\u2019est d\u00e9roul\u00e9 dans le calme, sans irr\u00e9gularit\u00e9s majeures, malgr\u00e9 quelques contraintes logistiques rapidement r\u00e9solues. Plus de 960.000 \u00e9lecteurs \u00e9taient attendus aux urnes pour \u00e9lire le pr\u00e9sident de la R\u00e9publique ainsi que leurs repr\u00e9sentants \u00e0 l\u2019Assembl\u00e9e nationale.<\/p>\n\n\n\n<p>M. Djal\u00f3 a salu\u00e9 \u00ab&nbsp;<em>l\u2019esprit de cordialit\u00e9<\/em>&nbsp;\u00bb affich\u00e9 par les candidats et la forte implication des femmes et des jeunes, pr\u00e9sent\u00e9e comme un signe d\u2019appropriation croissante des droits politiques. Il a \u00e9galement rendu hommage aux membres des bureaux de vote, aux op\u00e9rateurs \u00e9lectoraux, aux forces de s\u00e9curit\u00e9 et aux observateurs internationaux pour leur contribution au bon d\u00e9roulement du scrutin.<\/p>\n\n\n\n<p>Selon les premi\u00e8res estimations des commissions r\u00e9gionales, le taux de participation d\u00e9passerait 65 %, en attendant la consolidation des donn\u00e9es. La CNE a par ailleurs d\u00fb convoquer en urgence un pl\u00e9num pour examiner des incidents survenus au Portugal et en France, autorisant notamment l\u2019usage du fichier \u00e9lectronique de 2023 afin de permettre aux \u00e9lecteurs concern\u00e9s de voter.<\/p>\n\n\n\n<p>Le scrutin oppose le pr\u00e9sident sortant Umaro Sissoco Embal\u00f3, en qu\u00eate d\u2019un second mandat, \u00e0 onze candidats, dont son pr\u00e9d\u00e9cesseur Jos\u00e9 M\u00e1rio Vaz et l\u2019ancien Premier ministre Baciro Dj\u00e1. \u00c9cart\u00e9 de la pr\u00e9sidentielle, Domingos Sim\u00f5es Pereira, leader du PAIGC, a apport\u00e9 son soutien au candidat du PRS, Fernando Dias da Costa.<\/p>\n\n\n\n<p>Les r\u00e9sultats provisoires devraient \u00eatre publi\u00e9s au plus tard le 27 novembre, m\u00eame si la loi pr\u00e9voit un d\u00e9lai l\u00e9gal de sept \u00e0 dix jours. Idri\u00e7a Djal\u00f3 a enfin exhort\u00e9 \u00e9lecteurs, partis politiques et m\u00e9dias \u00e0 s\u2019abstenir de diffuser des r\u00e9sultats avant leur proclamation officielle, une pr\u00e9rogative r\u00e9serv\u00e9e exclusivement \u00e0 la CNE.<\/p>\n\n\n\n<p><strong>AC\/APA<\/strong><\/p>\n","protected":false},"excerpt":{"rendered":"<p>APA-Bissau (Guin\u00e9e-Bissau Partager Le secr\u00e9taire ex\u00e9cutif adjoint de la Commission \u00e9lectorale nationale, Idri\u00e7a Djal\u00f3, a assur\u00e9 dimanche que le scrutin pr\u00e9sidentiel, auquel plus de 960.000 Bissau-Guin\u00e9ens \u00e9taient convoqu\u00e9s, s\u2019est d\u00e9roul\u00e9 sans incidents majeurs, au moment o\u00f9 le pr\u00e9sident sortant Umaro Sissoco Embal\u00f3 affronte onze candidats. Le secr\u00e9taire ex\u00e9cutif adjoint de la Commission \u00e9lectorale nationale (CNE), [&hellip;]<\/p>\n","protected":false},"author":2,"featured_media":63472,"comment_status":"open","ping_status":"open","sticky":false,"template":"","format":"standard","meta":{"footnotes":""},"categories":[1447],"tags":[],"class_list":["post-63471","post","type-post","status-publish","format-standard","has-post-thumbnail","hentry","category-afrique"],"_links":{"self":[{"href":"https:\/\/lestracesdelinfo.com\/index.php\/wp-json\/wp\/v2\/posts\/63471","targetHints":{"allow":["GET"]}}],"collection":[{"href":"https:\/\/lestracesdelinfo.com\/index.php\/wp-json\/wp\/v2\/posts"}],"about":[{"href":"https:\/\/lestracesdelinfo.com\/index.php\/wp-json\/wp\/v2\/types\/post"}],"author":[{"embeddable":true,"href":"https:\/\/lestracesdelinfo.com\/index.php\/wp-json\/wp\/v2\/users\/2"}],"replies":[{"embeddable":true,"href":"https:\/\/lestracesdelinfo.com\/index.php\/wp-json\/wp\/v2\/comments?post=63471"}],"version-history":[{"count":1,"href":"https:\/\/lestracesdelinfo.com\/index.php\/wp-json\/wp\/v2\/posts\/63471\/revisions"}],"predecessor-version":[{"id":63473,"href":"https:\/\/lestracesdelinfo.com\/index.php\/wp-json\/wp\/v2\/posts\/63471\/revisions\/63473"}],"wp:featuredmedia":[{"embeddable":true,"href":"https:\/\/lestracesdelinfo.com\/index.php\/wp-json\/wp\/v2\/media\/63472"}],"wp:attachment":[{"href":"https:\/\/lestracesdelinfo.com\/index.php\/wp-json\/wp\/v2\/media?parent=63471"}],"wp:term":[{"taxonomy":"category","embeddable":true,"href":"https:\/\/lestracesdelinfo.com\/index.php\/wp-json\/wp\/v2\/categories?post=63471"},{"taxonomy":"post_tag","embeddable":true,"href":"https:\/\/lestracesdelinfo.com\/index.php\/wp-json\/wp\/v2\/tags?post=63471"}],"curies":[{"name":"wp","href":"https:\/\/api.w.org\/{rel}","templated":true}]}}