{"id":63474,"date":"2025-11-24T07:25:07","date_gmt":"2025-11-24T07:25:07","guid":{"rendered":"https:\/\/lestracesdelinfo.com\/?p=63474"},"modified":"2025-11-24T07:27:05","modified_gmt":"2025-11-24T07:27:05","slug":"a-luanda-en-angola-le-president-de-la-bad-rencontre-le-president-senegalais-bassirou-diomaye-faye","status":"publish","type":"post","link":"https:\/\/lestracesdelinfo.com\/index.php\/2025\/11\/24\/a-luanda-en-angola-le-president-de-la-bad-rencontre-le-president-senegalais-bassirou-diomaye-faye\/","title":{"rendered":"\u00a0A Luanda en Angola, le pr\u00e9sident de la BAD rencontre le Pr\u00e9sident s\u00e9n\u00e9galais Bassirou Diomaye FAYE"},"content":{"rendered":"\n<p><img loading=\"lazy\" decoding=\"async\" src=\"https:\/\/cridem.org\/media\/photos\/photo\/sidi_ould_tah_diomaye_43834991287496.jpg\" alt=\"A Luanda en Angola, le pr\u00e9sident de la BAD rencontre le Pr\u00e9sident s\u00e9n\u00e9galais Bassirou Diomaye FAYE\" width=\"300\" height=\"200\"><\/p>\n\n\n\n<p>En d\u00e9placement \u00e0 Luanda dans le cadre du <strong>7\u1d49 Sommet UA\u2013UE, le Pr\u00e9sident de la R\u00e9publique, Bassirou Diomaye Diakhar Faye,<\/strong> a accord\u00e9 cet apr\u00e8s-midi une audience <strong>au Dr Sidi Ould Tah, <\/strong>Pr\u00e9sident de la Banque africaine de d\u00e9veloppement (BAD).<br><br>Au cours des \u00e9changes, le Chef de l\u2019\u00c9tat a renouvel\u00e9 ses f\u00e9licitations \u00e0 M. Ould Tah pour son \u00e9lection \u00e0 la t\u00eate de l\u2019institution et lui a assur\u00e9 son soutien pour la r\u00e9ussite de son mandat.<br><br>Le Pr\u00e9sident Faye a rappel\u00e9 le r\u00f4le strat\u00e9gique de la BAD, consid\u00e9r\u00e9e comme une institution africaine majeure, attendue sur des solutions innovantes et \u00e0 fort effet catalytique pour relever les d\u00e9fis du financement des \u00e9conomies du continent.<br><br>Pour sa part, le Pr\u00e9sident de la BAD a exprim\u00e9 sa pleine disponibilit\u00e9, ainsi que celle de l\u2019institution, \u00e0 accompagner la mise en \u0153uvre de l\u2019agenda S\u00e9n\u00e9gal 2050.<br><br><\/p>\n","protected":false},"excerpt":{"rendered":"<p>En d\u00e9placement \u00e0 Luanda dans le cadre du 7\u1d49 Sommet UA\u2013UE, le Pr\u00e9sident de la R\u00e9publique, Bassirou Diomaye Diakhar Faye, a accord\u00e9 cet apr\u00e8s-midi une audience au Dr Sidi Ould Tah, Pr\u00e9sident de la Banque africaine de d\u00e9veloppement (BAD). Au cours des \u00e9changes, le Chef de l\u2019\u00c9tat a renouvel\u00e9 ses f\u00e9licitations \u00e0 M. Ould Tah [&hellip;]<\/p>\n","protected":false},"author":2,"featured_media":63475,"comment_status":"open","ping_status":"open","sticky":false,"template":"","format":"standard","meta":{"footnotes":""},"categories":[1447],"tags":[],"class_list":["post-63474","post","type-post","status-publish","format-standard","has-post-thumbnail","hentry","category-afrique"],"_links":{"self":[{"href":"https:\/\/lestracesdelinfo.com\/index.php\/wp-json\/wp\/v2\/posts\/63474","targetHints":{"allow":["GET"]}}],"collection":[{"href":"https:\/\/lestracesdelinfo.com\/index.php\/wp-json\/wp\/v2\/posts"}],"about":[{"href":"https:\/\/lestracesdelinfo.com\/index.php\/wp-json\/wp\/v2\/types\/post"}],"author":[{"embeddable":true,"href":"https:\/\/lestracesdelinfo.com\/index.php\/wp-json\/wp\/v2\/users\/2"}],"replies":[{"embeddable":true,"href":"https:\/\/lestracesdelinfo.com\/index.php\/wp-json\/wp\/v2\/comments?post=63474"}],"version-history":[{"count":1,"href":"https:\/\/lestracesdelinfo.com\/index.php\/wp-json\/wp\/v2\/posts\/63474\/revisions"}],"predecessor-version":[{"id":63476,"href":"https:\/\/lestracesdelinfo.com\/index.php\/wp-json\/wp\/v2\/posts\/63474\/revisions\/63476"}],"wp:featuredmedia":[{"embeddable":true,"href":"https:\/\/lestracesdelinfo.com\/index.php\/wp-json\/wp\/v2\/media\/63475"}],"wp:attachment":[{"href":"https:\/\/lestracesdelinfo.com\/index.php\/wp-json\/wp\/v2\/media?parent=63474"}],"wp:term":[{"taxonomy":"category","embeddable":true,"href":"https:\/\/lestracesdelinfo.com\/index.php\/wp-json\/wp\/v2\/categories?post=63474"},{"taxonomy":"post_tag","embeddable":true,"href":"https:\/\/lestracesdelinfo.com\/index.php\/wp-json\/wp\/v2\/tags?post=63474"}],"curies":[{"name":"wp","href":"https:\/\/api.w.org\/{rel}","templated":true}]}}