{"id":63477,"date":"2025-11-24T07:31:43","date_gmt":"2025-11-24T07:31:43","guid":{"rendered":"https:\/\/lestracesdelinfo.com\/?p=63477"},"modified":"2025-11-24T07:33:02","modified_gmt":"2025-11-24T07:33:02","slug":"tensions-a-here-kellere-khali-diallo-accuse-linterieur-tandis-que-des-critiques-denoncent-une-ethnicisation-du-conflit","status":"publish","type":"post","link":"https:\/\/lestracesdelinfo.com\/index.php\/2025\/11\/24\/tensions-a-here-kellere-khali-diallo-accuse-linterieur-tandis-que-des-critiques-denoncent-une-ethnicisation-du-conflit\/","title":{"rendered":"Tensions \u00e0 H\u00e9r\u00e9 K\u00e9ll\u00e9r\u00e9 : Khali Diallo accuse l\u2019Int\u00e9rieur, tandis que des critiques d\u00e9noncent une ethnicisation du conflit"},"content":{"rendered":"\n<p><a href=\"https:\/\/shemsmaarif.info\/archives\/3248\"><strong>shemsmaarif.info<\/strong><\/a><\/p>\n\n\n\n<figure class=\"wp-block-image\"><a href=\"https:\/\/shemsmaarif.info\/archives\/3248\"><img decoding=\"async\" src=\"https:\/\/shemsmaarif.info\/wp-content\/uploads\/2025\/11\/315e8ff5-a912-4f07-a839-5ec79345bfaf.jpeg\" alt=\"Tensions \u00e0 H\u00e9r\u00e9 K\u00e9ll\u00e9r\u00e9 : Khali Diallo accuse l\u2019Int\u00e9rieur, tandis que des critiques d\u00e9noncent une ethnicisation du conflit\"\/><\/a><\/figure>\n\n\n\n<p><strong>La situation tendue \u00e0 H\u00e9r\u00e9 K\u00e9ll\u00e9r\u00e9 (Harr\u00e9 Goler\u00e9), dans la moughataa de Babab\u00e9<\/strong>, continue de provoquer de vifs \u00e9changes sur la sc\u00e8ne politique nationale. Un communiqu\u00e9 publi\u00e9 par le d\u00e9put\u00e9 Khali Mamadou Diallo met directement en cause le minist\u00e8re de l\u2019Int\u00e9rieur, tandis que d\u2019autres voix d\u00e9noncent une pr\u00e9sentation biais\u00e9e d\u2019un conflit local.<\/p>\n\n\n\n<p>Dans son texte, le d\u00e9put\u00e9 affirme avoir alert\u00e9 \u201c\u00e0 plusieurs reprises\u201d le ministre de l\u2019Int\u00e9rieur au sujet des tensions croissantes dans la zone, expliquant s\u2019\u00eatre rendu \u00e0 plusieurs reprises sur place pour \u00e9couter les habitants et constater la d\u00e9t\u00e9rioration de la situation. Selon lui, l\u2019absence de mesures pr\u00e9ventives aurait permis aux tensions de d\u00e9g\u00e9n\u00e9rer jusqu\u2019\u00e0 entra\u00eener des affrontements violents entre Haratines et Peuls, au cours desquels plusieurs personnes auraient \u00e9t\u00e9 gri\u00e8vement bless\u00e9es. Il qualifie cette escalade de \u201ctrag\u00e9die \u00e9vitable\u201d et appelle \u00e0 la d\u00e9mission du ministre de l\u2019Int\u00e9rieur, estimant que son silence et son inaction ont ouvert la voie au chaos. Il exhorte par ailleurs l\u2019\u00c9tat \u00e0 r\u00e9tablir rapidement l\u2019ordre, s\u00e9curiser les zones affect\u00e9es et trouver une solution juste et durable.<\/p>\n\n\n\n<p>La publication du communiqu\u00e9 a toutefois provoqu\u00e9 des r\u00e9actions critiques. Certains observateurs estiment que le d\u00e9put\u00e9 a transform\u00e9 un simple diff\u00e9rend foncier dans une zone agricole de Babab\u00e9 en un conflit \u00e0 caract\u00e8re ethnique. Selon eux, la r\u00e9solution de ce type de litige rel\u00e8ve de l\u2019administration ou de la justice, et non d\u2019une politisation publique accompagn\u00e9e de la diffusion d\u2019images cens\u00e9es illustrer les victimes des tensions. Ils reprochent \u00e0 l\u2019\u00e9lu d\u2019avoir aggrav\u00e9 les tensions en privil\u00e9giant une lecture ethnique plut\u00f4t qu\u2019une d\u00e9marche d\u2019apaisement.<\/p>\n\n\n\n<p>Ces critiques soulignent \u00e9galement une contradiction dans la prise de position du d\u00e9put\u00e9 : apr\u00e8s avoir rendu les autorit\u00e9s enti\u00e8rement responsables de la situation, il conclut pourtant en appelant l\u2019\u00c9tat \u00e0 prendre des mesures urgentes, ce qui affaiblirait, selon eux, la coh\u00e9rence de son argumentaire. Certains y voient aussi le signe des fragilit\u00e9s internes au sein de mouvements politiques fond\u00e9s sur des discours identitaires, dont les alliances pourraient se fissurer lorsque leurs int\u00e9r\u00eats divergent.<\/p>\n\n\n\n<p>Si l\u2019ampleur exacte des affrontements reste encore \u00e0 pr\u00e9ciser, l\u2019affaire illustre la sensibilit\u00e9 de certains litiges locaux susceptibles de prendre une dimension nationale lorsque les \u00e9quilibres sociaux sont en jeu. Les autorit\u00e9s n\u2019ont pour l\u2019heure pas r\u00e9agi officiellement au communiqu\u00e9 du d\u00e9put\u00e9<\/p>\n\n\n\n<p><a href=\"https:\/\/shemsmaarif.info\/archives\/3248\"><strong>shemsmaarif.info<\/strong><\/a><\/p>\n\n\n\n<p><\/p>\n","protected":false},"excerpt":{"rendered":"<p>shemsmaarif.info La situation tendue \u00e0 H\u00e9r\u00e9 K\u00e9ll\u00e9r\u00e9 (Harr\u00e9 Goler\u00e9), dans la moughataa de Babab\u00e9, continue de provoquer de vifs \u00e9changes sur la sc\u00e8ne politique nationale. Un communiqu\u00e9 publi\u00e9 par le d\u00e9put\u00e9 Khali Mamadou Diallo met directement en cause le minist\u00e8re de l\u2019Int\u00e9rieur, tandis que d\u2019autres voix d\u00e9noncent une pr\u00e9sentation biais\u00e9e d\u2019un conflit local. Dans son [&hellip;]<\/p>\n","protected":false},"author":2,"featured_media":63478,"comment_status":"open","ping_status":"open","sticky":false,"template":"","format":"standard","meta":{"footnotes":""},"categories":[1449],"tags":[],"class_list":["post-63477","post","type-post","status-publish","format-standard","has-post-thumbnail","hentry","category-national"],"_links":{"self":[{"href":"https:\/\/lestracesdelinfo.com\/index.php\/wp-json\/wp\/v2\/posts\/63477","targetHints":{"allow":["GET"]}}],"collection":[{"href":"https:\/\/lestracesdelinfo.com\/index.php\/wp-json\/wp\/v2\/posts"}],"about":[{"href":"https:\/\/lestracesdelinfo.com\/index.php\/wp-json\/wp\/v2\/types\/post"}],"author":[{"embeddable":true,"href":"https:\/\/lestracesdelinfo.com\/index.php\/wp-json\/wp\/v2\/users\/2"}],"replies":[{"embeddable":true,"href":"https:\/\/lestracesdelinfo.com\/index.php\/wp-json\/wp\/v2\/comments?post=63477"}],"version-history":[{"count":1,"href":"https:\/\/lestracesdelinfo.com\/index.php\/wp-json\/wp\/v2\/posts\/63477\/revisions"}],"predecessor-version":[{"id":63479,"href":"https:\/\/lestracesdelinfo.com\/index.php\/wp-json\/wp\/v2\/posts\/63477\/revisions\/63479"}],"wp:featuredmedia":[{"embeddable":true,"href":"https:\/\/lestracesdelinfo.com\/index.php\/wp-json\/wp\/v2\/media\/63478"}],"wp:attachment":[{"href":"https:\/\/lestracesdelinfo.com\/index.php\/wp-json\/wp\/v2\/media?parent=63477"}],"wp:term":[{"taxonomy":"category","embeddable":true,"href":"https:\/\/lestracesdelinfo.com\/index.php\/wp-json\/wp\/v2\/categories?post=63477"},{"taxonomy":"post_tag","embeddable":true,"href":"https:\/\/lestracesdelinfo.com\/index.php\/wp-json\/wp\/v2\/tags?post=63477"}],"curies":[{"name":"wp","href":"https:\/\/api.w.org\/{rel}","templated":true}]}}