{"id":63483,"date":"2025-11-26T13:29:58","date_gmt":"2025-11-26T13:29:58","guid":{"rendered":"https:\/\/lestracesdelinfo.com\/?p=63483"},"modified":"2025-11-26T13:31:44","modified_gmt":"2025-11-26T13:31:44","slug":"a-la-une-8","status":"publish","type":"post","link":"https:\/\/lestracesdelinfo.com\/index.php\/2025\/11\/26\/a-la-une-8\/","title":{"rendered":"D\u00e9gradation de l\u2019\u00e9tat de sant\u00e9 de Mabintou Diaby, Farba Ngom, Khadim Ba et autres : Babacar Ba demande leur lib\u00e9ration"},"content":{"rendered":"\n<p><a href=\"https:\/\/lequotidien.sn\/author\/aicha\/\">Lequotidien<\/a><\/p>\n\n\n\n<figure class=\"wp-block-image\"><img decoding=\"async\" src=\"https:\/\/lequotidien.sn\/wp-content\/uploads\/2025\/11\/babacar-ba.jpg\" alt=\"\"\/><\/figure>\n\n\n\n<p>Le Forum du justiciable alerte sur la \u00abd\u00e9gradation de la sant\u00e9 de Mabintou Diaby, Farba Ngom, Khadim Ba, Maodo Malick Mbaye\u2026\u00bb. Dans un communiqu\u00e9, le Bureau ex\u00e9cutif&nbsp;du Fdj \u00abinvite le Juge d\u2019instruction financier \u00e0 accorder une libert\u00e9 provisoire aux d\u00e9tenus actuellement hospitalis\u00e9s au Pavillon sp\u00e9cial\u00bb. Pour Babacar Ba, la \u00abd\u00e9tention dans un centre hospitalier, m\u00eame assortie de moyens ponctuels, ne permet pas de garantir la continuit\u00e9 et la qualit\u00e9 des traitements indispensables \u00e0 la survie et au r\u00e9tablissement des d\u00e9tenus malades\u00bb.<\/p>\n\n\n\n<p>\u00abLeur \u00e9tat de sant\u00e9 n\u00e9cessite un suivi m\u00e9dical constant, incompatible avec la d\u00e9tention\u00bb, insiste-t-il.<\/p>\n\n\n\n<p>Par cons\u00e9quent, le Forum du justiciable rappelle que le \u00abdroit fondamental \u00e0 la sant\u00e9, consacr\u00e9 par&nbsp;&nbsp;la Constitution s\u00e9n\u00e9galaise et les conventions internationales, impose que toute personne malade puisse b\u00e9n\u00e9ficier de soins appropri\u00e9s\u00bb. \u00abNe serait-ce que pour des raisons humanitaires\u00bb, insiste M. Ba. Pour le Forum du justiciable, \u00abl\u2019exigence de rendre justice est bien conciliable avec le respect des droits fondamentaux et de la dignit\u00e9 humaine. Khadim Ba, Farba Ngom, Maodo Malick Mbaye et Mabintou Diaby pr\u00e9sentent toutes les garanties de repr\u00e9sentation en Justice\u00bb.<\/p>\n","protected":false},"excerpt":{"rendered":"<p>Lequotidien Le Forum du justiciable alerte sur la \u00abd\u00e9gradation de la sant\u00e9 de Mabintou Diaby, Farba Ngom, Khadim Ba, Maodo Malick Mbaye\u2026\u00bb. Dans un communiqu\u00e9, le Bureau ex\u00e9cutif&nbsp;du Fdj \u00abinvite le Juge d\u2019instruction financier \u00e0 accorder une libert\u00e9 provisoire aux d\u00e9tenus actuellement hospitalis\u00e9s au Pavillon sp\u00e9cial\u00bb. Pour Babacar Ba, la \u00abd\u00e9tention dans un centre hospitalier, [&hellip;]<\/p>\n","protected":false},"author":2,"featured_media":63484,"comment_status":"open","ping_status":"open","sticky":false,"template":"","format":"standard","meta":{"footnotes":""},"categories":[1447],"tags":[],"class_list":["post-63483","post","type-post","status-publish","format-standard","has-post-thumbnail","hentry","category-afrique"],"_links":{"self":[{"href":"https:\/\/lestracesdelinfo.com\/index.php\/wp-json\/wp\/v2\/posts\/63483","targetHints":{"allow":["GET"]}}],"collection":[{"href":"https:\/\/lestracesdelinfo.com\/index.php\/wp-json\/wp\/v2\/posts"}],"about":[{"href":"https:\/\/lestracesdelinfo.com\/index.php\/wp-json\/wp\/v2\/types\/post"}],"author":[{"embeddable":true,"href":"https:\/\/lestracesdelinfo.com\/index.php\/wp-json\/wp\/v2\/users\/2"}],"replies":[{"embeddable":true,"href":"https:\/\/lestracesdelinfo.com\/index.php\/wp-json\/wp\/v2\/comments?post=63483"}],"version-history":[{"count":2,"href":"https:\/\/lestracesdelinfo.com\/index.php\/wp-json\/wp\/v2\/posts\/63483\/revisions"}],"predecessor-version":[{"id":63487,"href":"https:\/\/lestracesdelinfo.com\/index.php\/wp-json\/wp\/v2\/posts\/63483\/revisions\/63487"}],"wp:featuredmedia":[{"embeddable":true,"href":"https:\/\/lestracesdelinfo.com\/index.php\/wp-json\/wp\/v2\/media\/63484"}],"wp:attachment":[{"href":"https:\/\/lestracesdelinfo.com\/index.php\/wp-json\/wp\/v2\/media?parent=63483"}],"wp:term":[{"taxonomy":"category","embeddable":true,"href":"https:\/\/lestracesdelinfo.com\/index.php\/wp-json\/wp\/v2\/categories?post=63483"},{"taxonomy":"post_tag","embeddable":true,"href":"https:\/\/lestracesdelinfo.com\/index.php\/wp-json\/wp\/v2\/tags?post=63483"}],"curies":[{"name":"wp","href":"https:\/\/api.w.org\/{rel}","templated":true}]}}