{"id":63488,"date":"2025-11-26T13:33:35","date_gmt":"2025-11-26T13:33:35","guid":{"rendered":"https:\/\/lestracesdelinfo.com\/?p=63488"},"modified":"2025-11-26T13:34:06","modified_gmt":"2025-11-26T13:34:06","slug":"liberia-bad-741-millions-dans-une-centrale-hydroelectrique","status":"publish","type":"post","link":"https:\/\/lestracesdelinfo.com\/index.php\/2025\/11\/26\/liberia-bad-741-millions-dans-une-centrale-hydroelectrique\/","title":{"rendered":"Lib\u00e9ria\/BAD : $7,41 millions dans une centrale hydro\u00e9lectrique"},"content":{"rendered":"\n<p><img loading=\"lazy\" decoding=\"async\" width=\"32\" height=\"32\" src=\"https:\/\/fr.apanews.net\/wp-content\/uploads\/sites\/2\/2023\/09\/APA-Ico-48x48.png\" alt=\"APA-Monrovia (Liberia)\" srcset=\"https:\/\/fr.apanews.net\/wp-content\/uploads\/sites\/2\/2023\/09\/APA-Ico-48x48.png 48w, https:\/\/fr.apanews.net\/wp-content\/uploads\/sites\/2\/2023\/09\/APA-Ico-300x300.png 300w, https:\/\/fr.apanews.net\/wp-content\/uploads\/sites\/2\/2023\/09\/APA-Ico-150x150.png 150w, https:\/\/fr.apanews.net\/wp-content\/uploads\/sites\/2\/2023\/09\/APA-Ico-70x70.png 70w, https:\/\/fr.apanews.net\/wp-content\/uploads\/sites\/2\/2023\/09\/APA-Ico-450x450.png 450w, https:\/\/fr.apanews.net\/wp-content\/uploads\/sites\/2\/2023\/09\/APA-Ico-24x24.png 24w, https:\/\/fr.apanews.net\/wp-content\/uploads\/sites\/2\/2023\/09\/APA-Ico-96x96.png 96w, https:\/\/fr.apanews.net\/wp-content\/uploads\/sites\/2\/2023\/09\/APA-Ico.png 512w\"><a>APA-Monrovia (Liberia)<\/a>26 novembre 2025 | 12:46<\/p>\n\n\n\n<figure class=\"wp-block-image\"><img decoding=\"async\" src=\"https:\/\/fr.apanews.net\/wp-content\/uploads\/sites\/2\/2025\/11\/AFDB-Liberia-Electricity-1-1024x421.jpg\" alt=\"\" title=\"Lib\u00e9ria\/BAD : $7,41 millions dans une centrale hydro\u00e9lectrique\"\/><\/figure>\n\n\n\n<p><\/p>\n\n\n\n<p><a href=\"https:\/\/www.facebook.com\/sharer.php?u=https%3A%2F%2Ffr.apanews.net%2Fbusiness%2Fliberia-la-bad-injecte-plus-de-741-millions-de-dollars-dans-une-centrale-hydroelectrique%2F\" target=\"_blank\" rel=\"noreferrer noopener\"><\/a><a href=\"https:\/\/twitter.com\/intent\/tweet?url=https%3A%2F%2Ffr.apanews.net%2Fbusiness%2Fliberia-la-bad-injecte-plus-de-741-millions-de-dollars-dans-une-centrale-hydroelectrique%2F&amp;text=Lib%C3%A9ria%2FBAD%20%3A%20%247%2C41%20millions%20dans%20une%20centrale%20hydro%C3%A9lectrique\" target=\"_blank\" rel=\"noreferrer noopener\"><\/a><a href=\"https:\/\/wa.me\/?text=Lib%C3%A9ria%2FBAD%20%3A%20%247%2C41%20millions%20dans%20une%20centrale%20hydro%C3%A9lectrique%20https%3A%2F%2Ffr.apanews.net%2Fbusiness%2Fliberia-la-bad-injecte-plus-de-741-millions-de-dollars-dans-une-centrale-hydroelectrique%2F\" target=\"_blank\" rel=\"noreferrer noopener\"><\/a><a href=\"mailto:?subject=Lib%C3%A9ria%2FBAD%20%3A%20%247%2C41%20millions%20dans%20une%20centrale%20hydro%C3%A9lectrique&amp;body=https%3A%2F%2Ffr.apanews.net%2Fbusiness%2Fliberia-la-bad-injecte-plus-de-741-millions-de-dollars-dans-une-centrale-hydroelectrique%2F\" target=\"_blank\" rel=\"noreferrer noopener\"><\/a><a href=\"https:\/\/www.linkedin.com\/shareArticle?mini=true&amp;url=https%3A%2F%2Ffr.apanews.net%2Fbusiness%2Fliberia-la-bad-injecte-plus-de-741-millions-de-dollars-dans-une-centrale-hydroelectrique%2F\" target=\"_blank\" rel=\"noreferrer noopener\"><\/a><a href=\"https:\/\/t.me\/share\/url?url=https%3A%2F%2Ffr.apanews.net%2Fbusiness%2Fliberia-la-bad-injecte-plus-de-741-millions-de-dollars-dans-une-centrale-hydroelectrique%2F&amp;title=Lib%C3%A9ria%2FBAD%20%3A%20%247%2C41%20millions%20dans%20une%20centrale%20hydro%C3%A9lectrique\" target=\"_blank\" rel=\"noreferrer noopener\"><\/a>R\u00e9uni mercredi \u00e0 Abidjan, le Conseil d\u2019administration du Fonds africain de d\u00e9veloppement a donn\u00e9 son feu vert \u00e0 l\u2019octroi d\u2019un financement additionnel de 7,41 millions de dollars destin\u00e9 \u00e0 finaliser le projet d\u2019\u00e9nergies renouvelables pour l\u2019\u00e9lectrification du Liberia.<\/p>\n\n\n\n<p>Le Fonds africain de d\u00e9veloppement constitue la fen\u00eatre de pr\u00eats concessionnels du Groupe de la Banque africaine de d\u00e9veloppement.<\/p>\n\n\n\n<p>Ce nouvel appui permettra de couvrir les d\u00e9passements de co\u00fbts li\u00e9s \u00e0 la construction de la centrale hydro\u00e9lectrique et de ses infrastructures, ainsi que ceux engendr\u00e9s par la gestion du projet en raison de retards dans son ex\u00e9cution. Il financera \u00e9galement plusieurs activit\u00e9s jusque-l\u00e0 insuffisamment dot\u00e9es, notamment la mise en \u0153uvre du Plan d\u2019action pour l\u2019\u00e9galit\u00e9 des sexes.<\/p>\n\n\n\n<p>Cette enveloppe doit contribuer \u00e0 atteindre les principaux objectifs du programme : achever la centrale hydro\u00e9lectrique, l\u2019int\u00e9grer au r\u00e9seau et appliquer l\u2019ensemble des mesures de sauvegarde pr\u00e9vues.<\/p>\n\n\n\n<p>L\u2019initiative, lanc\u00e9e conjointement par le gouvernement lib\u00e9rien et la Banque africaine de d\u00e9veloppement, avait \u00e9t\u00e9 approuv\u00e9e le 31 octobre 2019. Les accords de financement ont \u00e9t\u00e9 sign\u00e9s le 29 janvier 2020 et la mise en \u0153uvre du projet a d\u00e9marr\u00e9 en mars 2021.<\/p>\n\n\n\n<p>Au c\u0153ur du programme figure la construction d\u2019une centrale hydro\u00e9lectrique au fil de l\u2019eau, d\u2019une capacit\u00e9 de 9,34 m\u00e9gawatts \u2014 soit 56,5 gigawattheures produits annuellement \u2014 sur le site des chutes de Gbedin, dans le comt\u00e9 de Nimba. L\u2019installation sera reli\u00e9e \u00e0 une ligne d\u2019\u00e9vacuation de 8 km \u00e0 33 kilovolts, \u00e0 deux postes de transformation ainsi qu\u2019\u00e0 une ligne de transport transfrontali\u00e8re.<\/p>\n\n\n\n<p>Le projet comprend \u00e9galement l\u2019am\u00e9nagement d\u2019une route d\u2019acc\u00e8s permanente de 15 km et d\u2019une voie temporaire de 8 km. Il pr\u00e9voit par ailleurs l\u2019installation de 50 km de lignes de distribution 33\/0,4 kilovolts et le raccordement de 6 650 m\u00e9nages des comt\u00e9s de Nimba et de Bong. Une fois op\u00e9rationnelle, la centrale devrait augmenter de 56,5 gigawattheures par an la production nationale d\u2019\u00e9lectricit\u00e9, soit environ 6,9 % de l\u2019offre totale du pays. Elle permettra \u00e9galement \u00e0 pr\u00e8s de 60 000 personnes jusque-l\u00e0 non desservies d\u2019acc\u00e9der au r\u00e9seau, dont 6 500 seront directement connect\u00e9es.<\/p>\n\n\n\n<p>WN\/as\/fss\/te\/APA<\/p>\n","protected":false},"excerpt":{"rendered":"<p>APA-Monrovia (Liberia)26 novembre 2025 | 12:46 R\u00e9uni mercredi \u00e0 Abidjan, le Conseil d\u2019administration du Fonds africain de d\u00e9veloppement a donn\u00e9 son feu vert \u00e0 l\u2019octroi d\u2019un financement additionnel de 7,41 millions de dollars destin\u00e9 \u00e0 finaliser le projet d\u2019\u00e9nergies renouvelables pour l\u2019\u00e9lectrification du Liberia. Le Fonds africain de d\u00e9veloppement constitue la fen\u00eatre de pr\u00eats concessionnels [&hellip;]<\/p>\n","protected":false},"author":2,"featured_media":63489,"comment_status":"open","ping_status":"open","sticky":false,"template":"","format":"standard","meta":{"footnotes":""},"categories":[1447],"tags":[],"class_list":["post-63488","post","type-post","status-publish","format-standard","has-post-thumbnail","hentry","category-afrique"],"_links":{"self":[{"href":"https:\/\/lestracesdelinfo.com\/index.php\/wp-json\/wp\/v2\/posts\/63488","targetHints":{"allow":["GET"]}}],"collection":[{"href":"https:\/\/lestracesdelinfo.com\/index.php\/wp-json\/wp\/v2\/posts"}],"about":[{"href":"https:\/\/lestracesdelinfo.com\/index.php\/wp-json\/wp\/v2\/types\/post"}],"author":[{"embeddable":true,"href":"https:\/\/lestracesdelinfo.com\/index.php\/wp-json\/wp\/v2\/users\/2"}],"replies":[{"embeddable":true,"href":"https:\/\/lestracesdelinfo.com\/index.php\/wp-json\/wp\/v2\/comments?post=63488"}],"version-history":[{"count":1,"href":"https:\/\/lestracesdelinfo.com\/index.php\/wp-json\/wp\/v2\/posts\/63488\/revisions"}],"predecessor-version":[{"id":63490,"href":"https:\/\/lestracesdelinfo.com\/index.php\/wp-json\/wp\/v2\/posts\/63488\/revisions\/63490"}],"wp:featuredmedia":[{"embeddable":true,"href":"https:\/\/lestracesdelinfo.com\/index.php\/wp-json\/wp\/v2\/media\/63489"}],"wp:attachment":[{"href":"https:\/\/lestracesdelinfo.com\/index.php\/wp-json\/wp\/v2\/media?parent=63488"}],"wp:term":[{"taxonomy":"category","embeddable":true,"href":"https:\/\/lestracesdelinfo.com\/index.php\/wp-json\/wp\/v2\/categories?post=63488"},{"taxonomy":"post_tag","embeddable":true,"href":"https:\/\/lestracesdelinfo.com\/index.php\/wp-json\/wp\/v2\/tags?post=63488"}],"curies":[{"name":"wp","href":"https:\/\/api.w.org\/{rel}","templated":true}]}}