{"id":63495,"date":"2025-11-28T22:58:06","date_gmt":"2025-11-28T22:58:06","guid":{"rendered":"https:\/\/lestracesdelinfo.com\/?p=63495"},"modified":"2025-11-28T22:58:10","modified_gmt":"2025-11-28T22:58:10","slug":"le-president-de-la-republique-preside-le-defile-militaire-organise-a-loccasion-du-65eme-anniversaire-de-la-fete-de-lindependance-nationale","status":"publish","type":"post","link":"https:\/\/lestracesdelinfo.com\/index.php\/2025\/11\/28\/le-president-de-la-republique-preside-le-defile-militaire-organise-a-loccasion-du-65eme-anniversaire-de-la-fete-de-lindependance-nationale\/","title":{"rendered":"Le Pr\u00e9sident de la R\u00e9publique pr\u00e9side le d\u00e9fil\u00e9 militaire organis\u00e9 \u00e0 l\u2019occasion du 65\u00e8me anniversaire de la F\u00eate de l\u2019Ind\u00e9pendance Nationale"},"content":{"rendered":"\n<p>rim<\/p>\n\n\n\n<figure class=\"wp-block-image\"><a class=\"post-thumbnail open-lightbox\" href=\"https:\/\/ami.mr\/fr\/wp-content\/uploads\/2025\/11\/28-11-2025-52.jpg\"><img decoding=\"async\" src=\"https:\/\/ami.mr\/fr\/wp-content\/uploads\/2025\/11\/28-11-2025-52-750x430.jpg\" alt=\"\"\/><\/a><\/figure>\n\n\n<div class=\"wp-block-image\">\n<figure class=\"alignleft\"><img decoding=\"async\" src=\"https:\/\/ami.mr\/fr\/wp-content\/uploads\/2025\/11\/FB_IMG_1764346068205-300x144.png\" alt=\"\" class=\"wp-image-284208\"\/><\/figure>\n<\/div>\n\n<div class=\"wp-block-image\">\n<figure class=\"alignleft\"><img decoding=\"async\" src=\"https:\/\/ami.mr\/fr\/wp-content\/uploads\/2025\/11\/FB_IMG_1764346075822-300x198.png\" alt=\"\" class=\"wp-image-284209\"\/><\/figure>\n<\/div>\n\n\n<p><strong>Son Excellence le Pr\u00e9sident de la R\u00e9publique, Monsieur Mohamed Ould Cheikh El Ghazouani<\/strong>, Commandant Supr\u00eame des Forces Arm\u00e9es, a pr\u00e9sid\u00e9 ce vendredi matin \u00e0 Nouakchott le d\u00e9fil\u00e9 militaire organis\u00e9 par l\u2019\u00c9tat-Major G\u00e9n\u00e9ral des Arm\u00e9es, en comm\u00e9moration du 65\u00e8me anniversaire de la F\u00eate de l\u2019Ind\u00e9pendance Nationale.<\/p>\n\n\n\n<p>Ce d\u00e9fil\u00e9 a d\u00e9montr\u00e9 la pr\u00e9paration maximale et les capacit\u00e9s de combat \u00e9lev\u00e9es de nos forces arm\u00e9es et de nos forces de s\u00e9curit\u00e9, ainsi que leur aptitude \u00e0 d\u00e9fendre l\u2019int\u00e9grit\u00e9 territoriale du pays et sa s\u00e9curit\u00e9 int\u00e9rieure.<\/p>\n\n\n\n<p>Son Excellence le Pr\u00e9sident de la R\u00e9publique, Commandant Supr\u00eame des Forces Arm\u00e9es, a pass\u00e9 en revue, en compagnie du Chef d\u2019\u00c9tat-Major G\u00e9n\u00e9ral des Arm\u00e9es, le G\u00e9n\u00e9ral de Division Mohamed Vall Ra\u00efss Ra\u00efss, \u00e0 bord d\u2019un v\u00e9hicule militaire sur la route reliant le carrefour dit \u201cCarrefour El Barrad\u201d \u00e0 la Place de la Libert\u00e9 au centre de la capitale, les diff\u00e9rentes composantes militaires.<\/p>\n\n\n<div class=\"wp-block-image\">\n<figure class=\"alignleft\"><img decoding=\"async\" src=\"https:\/\/ami.mr\/fr\/wp-content\/uploads\/2025\/11\/%D8%A7%D9%84%D8%B9%D8%B9%D8%B1%D8%B6-%D8%A7%D9%84%D8%B9%D8%B3%D9%83%D8%B1%D9%8A6-300x169.png\" alt=\"\" class=\"wp-image-284211\"\/><\/figure>\n<\/div>\n\n\n<p>Ont particip\u00e9 \u00e0 ce d\u00e9fil\u00e9, \u00e0 la t\u00eate duquel se trouvait le G\u00e9n\u00e9ral de Division Mohamed Ould Cheikh Ould Beiyda, Chef d\u2019\u00c9tat-Major G\u00e9n\u00e9ral Adjoint des Arm\u00e9es, des formations de diverses unit\u00e9s des forces arm\u00e9es et des forces de s\u00e9curit\u00e9, ainsi que des unit\u00e9s militaires sp\u00e9cialis\u00e9es: le bataillon de transmission et des syst\u00e8mes d\u2019information, le groupement d\u2019infanterie motoris\u00e9e, le bataillon de blind\u00e9s l\u00e9gers de protection, l\u2019unit\u00e9 de tireurs d\u2019\u00e9lite, le bataillon de blind\u00e9s l\u00e9gers de reconnaissance, l\u2019arm\u00e9e de l\u2019air, le premier bataillon de commandos parachutistes, la marine nationale, l\u2019artillerie, le g\u00e9nie militaire, le bataillon de transport, le bataillon de logistique, le lyc\u00e9e militaire, le complexe polytechnique, l\u2019\u00e9tablissement de fabrication de v\u00eatements, l\u2019acad\u00e9mie militaire interarmes, l\u2019\u00e9cole militaire d\u2019aviation, l\u2019acad\u00e9mie navale, l\u2019\u00e9cole militaire des auxiliaires de sant\u00e9 et les garde-c\u00f4tes mauritaniens.<\/p>\n\n\n<div class=\"wp-block-image\">\n<figure class=\"alignleft\"><img decoding=\"async\" src=\"https:\/\/ami.mr\/fr\/wp-content\/uploads\/2025\/11\/%D8%A7%D9%84%D8%B9%D8%B1%D8%B6-%D8%A7%D9%84%D8%B9%D8%B3%D9%83%D8%B1%D9%8A-3-300x169.png\" alt=\"\" class=\"wp-image-284213\"\/><\/figure>\n<\/div>\n\n\n<p>Du c\u00f4t\u00e9 de la Gendarmerie Nationale, ont particip\u00e9 au d\u00e9fil\u00e9 militaire le groupement des compagnies de s\u00e9curit\u00e9 et d\u2019escorte, la compagnie de maintien de l\u2019ordre, l\u2019unit\u00e9 \u00e9questre, la compagnie de d\u00e9fense op\u00e9rationnelle de l\u2019int\u00e9grit\u00e9 territoriale, le groupe d\u2019intervention rapide de surveillance et d\u2019intervention, le bataillon de blind\u00e9s, le groupe de s\u00e9curit\u00e9 et d\u2019intervention, la compagnie de soutien logistique, ainsi que la gendarmerie territoriale et la gendarmerie mobile.<\/p>\n\n\n\n<p>Du c\u00f4t\u00e9 de la Garde Nationale, ont particip\u00e9 au d\u00e9fil\u00e9 le groupement de maintien de l\u2019ordre, le groupement de s\u00e9curit\u00e9 p\u00e9nitentiaire, la compagnie sp\u00e9ciale de la Garde Nationale, le groupement de combat et d\u2019intervention, le groupe de soutien logistique, le groupement de chameliers et le groupement sp\u00e9cial de s\u00e9curit\u00e9.<\/p>\n\n\n<div class=\"wp-block-image\">\n<figure class=\"alignleft\"><img decoding=\"async\" src=\"https:\/\/ami.mr\/fr\/wp-content\/uploads\/2025\/11\/%D8%A7%D9%84%D8%B9%D8%B1%D8%B6-%D8%A7%D9%84%D8%B9%D8%B3%D9%83%D8%B1%D9%8A5-300x197.png\" alt=\"\" class=\"wp-image-284214\"\/><\/figure>\n<\/div>\n\n\n<p>Quant \u00e0 la Police Nationale, ont particip\u00e9 l\u2019unit\u00e9 de motards, l\u2019unit\u00e9 de secours, l\u2019unit\u00e9 de cam\u00e9ras de surveillance vid\u00e9o, l\u2019unit\u00e9 de s\u00e9curit\u00e9 publique, l\u2019unit\u00e9 de s\u00e9curit\u00e9 publique f\u00e9minine, l\u2019unit\u00e9 de surveillance territoriale, l\u2019unit\u00e9 de maintien de l\u2019ordre et l\u2019unit\u00e9 de lutte contre le terrorisme.<\/p>\n\n\n\n<p>Au niveau de la s\u00e9curit\u00e9 civile et de la gestion des crises, ont particip\u00e9 la cat\u00e9gorie de gestion des risques habituels et la cat\u00e9gorie de gestion des risques sp\u00e9cifiques.<\/p>\n\n\n\n<p>Quant aux Douanes, ont particip\u00e9 l\u2019unit\u00e9 de scanners portables et mobiles, ainsi que des formations p\u00e9tionnes.<\/p>\n\n\n<div class=\"wp-block-image\">\n<figure class=\"alignleft\"><img decoding=\"async\" src=\"https:\/\/ami.mr\/fr\/wp-content\/uploads\/2025\/11\/%D8%A7%D9%84%D8%B9%D8%B1%D8%B6-%D8%A7%D9%84%D8%B9%D8%B3%D9%83%D8%B1%D9%8A2-300x169.png\" alt=\"\" class=\"wp-image-284212\"\/><\/figure>\n<\/div>\n\n\n<p>Les diff\u00e9rentes composantes militaires ont pr\u00e9sent\u00e9 des \u00e9chantillons de leurs armements, tels que des lance-roquettes et divers v\u00e9hicules utilis\u00e9s pour le contr\u00f4le des fronti\u00e8res et le suivi des activit\u00e9s des groupes terroristes, ainsi que d\u2019autres v\u00e9hicules \u00e0 usage militaire et s\u00e9curitaire diversifi\u00e9.<\/p>\n\n\n\n<p>La c\u00e9r\u00e9monie du d\u00e9fil\u00e9 militaire s\u2019est d\u00e9roul\u00e9e en pr\u00e9sence de la Premi\u00e8re Dame, Dr. Mariem Fadel Dah, de Son Excellence le Premier Ministre, Monsieur El Moctar Ould Djay, du Pr\u00e9sident de l\u2019Assembl\u00e9e Nationale, Monsieur Mohamed Bemba Meguet, du Pr\u00e9sident du Conseil Constitutionnel, Monsieur Diallo Mamadou Bathia, du Chef de l\u2019Institution de l\u2019Opposition D\u00e9mocratique, Monsieur Hamadi Sid\u2019El Moctar, du Ministre Secr\u00e9taire G\u00e9n\u00e9ral de la Pr\u00e9sidence de la R\u00e9publique, Monsieur Moulaye Ould Mohamed Laghdaf, du Ministre Charg\u00e9 du Cabinet du Pr\u00e9sident de la R\u00e9publique, Monsieur Nani Ould Chrougha, des Ministres Conseillers \u00e0 la Pr\u00e9sidence de la R\u00e9publique, Monsieur Mohamed Mahmoud Cheikh Abdallahi Ben Biya et Madame A\u00efssata Ba Yahya, des membres du gouvernement, des chefs des institutions militaires, des pr\u00e9sidents des formations politiques et des membres du corps diplomatique en Mauritanie, ainsi que d\u2019une foule d\u2019invit\u00e9s et d\u2019habitants de la capitale, Nouakchott, qui ont afflu\u00e9 en grand nombre d\u00e8s les premi\u00e8res heures du matin pour assister au d\u00e9fil\u00e9 militaire.<\/p>\n\n\n\n<figure class=\"wp-block-image\"><img decoding=\"async\" src=\"https:\/\/ami.mr\/fr\/wp-content\/uploads\/2025\/11\/%D9%84%D8%B9%D8%B1%D8%B6-%D8%A7%D9%84%D8%B9%D8%B3%D9%83%D8%B1%D9%8A-300x134.png\" alt=\"\" class=\"wp-image-284216\"\/><\/figure>\n\n\n\n<p><a href=\"https:\/\/www.facebook.com\/sharer\/sharer.php?u=https%3A%2F%2Fami.mr%2Ffr%2Farchives%2F284174\" rel=\"noreferrer noopener\" target=\"_blank\"><\/a><a href=\"https:\/\/twitter.com\/intent\/tweet?text=Le%20Pr%C3%A9sident%20de%20la%20R%C3%A9publique%20pr%C3%A9side%20le%20d%C3%A9fil%C3%A9%20militaire%20organis%C3%A9%20%C3%A0%20l%27occasion%20du%2065%C3%A8me%20anniversaire%20de%20la%20F%C3%AAte%20de%20l%27Ind%C3%A9pendance%20Nationale&amp;url=https%3A%2F%2Fami.mr%2Ffr%2Farchives%2F284174\" rel=\"noreferrer noopener\" target=\"_blank\"><\/a><a href=\"https:\/\/api.whatsapp.com\/send?text=Le%20Pr%C3%A9sident%20de%20la%20R%C3%A9publique%20pr%C3%A9side%20le%20d%C3%A9fil%C3%A9%20militaire%20organis%C3%A9%20%C3%A0%20l%27occasion%20du%2065%C3%A8me%20anniversaire%20de%20la%20F%C3%AAte%20de%20l%27Ind%C3%A9pendance%20Nationale%20https%3A%2F%2Fami.mr%2Ffr%2Farchives%2F284174\" rel=\"noreferrer noopener\" target=\"_blank\"><\/a><a href=\"https:\/\/www.instagram.com\/\" rel=\"noreferrer noopener\" target=\"_blank\"><\/a><a href=\"https:\/\/ami.mr\/fr\/archives\/284174\"><\/a><\/p>\n","protected":false},"excerpt":{"rendered":"<p>rim Son Excellence le Pr\u00e9sident de la R\u00e9publique, Monsieur Mohamed Ould Cheikh El Ghazouani, Commandant Supr\u00eame des Forces Arm\u00e9es, a pr\u00e9sid\u00e9 ce vendredi matin \u00e0 Nouakchott le d\u00e9fil\u00e9 militaire organis\u00e9 par l\u2019\u00c9tat-Major G\u00e9n\u00e9ral des Arm\u00e9es, en comm\u00e9moration du 65\u00e8me anniversaire de la F\u00eate de l\u2019Ind\u00e9pendance Nationale. Ce d\u00e9fil\u00e9 a d\u00e9montr\u00e9 la pr\u00e9paration maximale et les [&hellip;]<\/p>\n","protected":false},"author":2,"featured_media":63496,"comment_status":"open","ping_status":"open","sticky":false,"template":"","format":"standard","meta":{"footnotes":""},"categories":[1449],"tags":[],"class_list":["post-63495","post","type-post","status-publish","format-standard","has-post-thumbnail","hentry","category-national"],"_links":{"self":[{"href":"https:\/\/lestracesdelinfo.com\/index.php\/wp-json\/wp\/v2\/posts\/63495","targetHints":{"allow":["GET"]}}],"collection":[{"href":"https:\/\/lestracesdelinfo.com\/index.php\/wp-json\/wp\/v2\/posts"}],"about":[{"href":"https:\/\/lestracesdelinfo.com\/index.php\/wp-json\/wp\/v2\/types\/post"}],"author":[{"embeddable":true,"href":"https:\/\/lestracesdelinfo.com\/index.php\/wp-json\/wp\/v2\/users\/2"}],"replies":[{"embeddable":true,"href":"https:\/\/lestracesdelinfo.com\/index.php\/wp-json\/wp\/v2\/comments?post=63495"}],"version-history":[{"count":1,"href":"https:\/\/lestracesdelinfo.com\/index.php\/wp-json\/wp\/v2\/posts\/63495\/revisions"}],"predecessor-version":[{"id":63497,"href":"https:\/\/lestracesdelinfo.com\/index.php\/wp-json\/wp\/v2\/posts\/63495\/revisions\/63497"}],"wp:featuredmedia":[{"embeddable":true,"href":"https:\/\/lestracesdelinfo.com\/index.php\/wp-json\/wp\/v2\/media\/63496"}],"wp:attachment":[{"href":"https:\/\/lestracesdelinfo.com\/index.php\/wp-json\/wp\/v2\/media?parent=63495"}],"wp:term":[{"taxonomy":"category","embeddable":true,"href":"https:\/\/lestracesdelinfo.com\/index.php\/wp-json\/wp\/v2\/categories?post=63495"},{"taxonomy":"post_tag","embeddable":true,"href":"https:\/\/lestracesdelinfo.com\/index.php\/wp-json\/wp\/v2\/tags?post=63495"}],"curies":[{"name":"wp","href":"https:\/\/api.w.org\/{rel}","templated":true}]}}