{"id":63498,"date":"2025-11-28T23:01:18","date_gmt":"2025-11-28T23:01:18","guid":{"rendered":"https:\/\/lestracesdelinfo.com\/?p=63498"},"modified":"2025-11-28T23:01:21","modified_gmt":"2025-11-28T23:01:21","slug":"augmentation-des-salaires-des-enseignants-et-inspecteurs-de-lenseignement-fondamental-secondaire-et-technique","status":"publish","type":"post","link":"https:\/\/lestracesdelinfo.com\/index.php\/2025\/11\/28\/augmentation-des-salaires-des-enseignants-et-inspecteurs-de-lenseignement-fondamental-secondaire-et-technique\/","title":{"rendered":"\u00a0Augmentation des salaires des enseignants et inspecteurs de l\u2019enseignement fondamental, secondaire et technique"},"content":{"rendered":"\n<p><img loading=\"lazy\" decoding=\"async\" src=\"https:\/\/cridem.org\/media\/photos\/photo\/\/ghazouani_independance_766955.jpg\" alt=\"Augmentation des salaires des enseignants et inspecteurs de l\u2019enseignement fondamental, secondaire et technique\" width=\"300\" height=\"200\"><\/p>\n\n\n\n<p><strong>RIMNOW<\/strong>\u00a0&#8212; Une augmentation de <strong>10 000 ouguiyas anciennes des salaires des enseignants et inspecteurs de l\u2019enseignement fondamental, secondaire et technique, a \u00e9t\u00e9 annonc\u00e9e ce jeudi 27 novembre courant dans la soir\u00e9e par le Pr\u00e9sident de la R\u00e9publique Mohamed Cheikh El Ghazouani.<\/strong><br><br>Cette revalorisation du salaire qui entrera e<strong>n vigueur \u00e0 partir du 1er janvier 2026 a \u00e9t\u00e9 \u00e9galement accord\u00e9e aux membres des forces arm\u00e9es et des forces de s\u00e9curit\u00e9.<br><br>Dans le souci d\u2019encourager le personnel enseignan<\/strong>t dans les classes, l<strong>e Gouvernement accordera par ailleurs une augmentation de l\u2019indemnit\u00e9 de craie de 20000 anciennes ouguiyas, a pr\u00e9cis\u00e9 le Pr\u00e9sident mauritanien.<br><br>L\u2019homme fort de Nouakchott a fait ces r\u00e9v\u00e9lations \u00e0 l\u2019occasion de son discours adress\u00e9 \u00e0 la nation, \u00e0 l\u2019occasion de la c\u00e9l\u00e9bration du 65e anniversaire de la F\u00eate de l\u2019Ind\u00e9pendance nationale, qui co\u00efncide avec le 28 novembre de chaque ann\u00e9e.<\/strong><\/p>\n\n\n\n<p><\/p>\n","protected":false},"excerpt":{"rendered":"<p>RIMNOW\u00a0&#8212; Une augmentation de 10 000 ouguiyas anciennes des salaires des enseignants et inspecteurs de l\u2019enseignement fondamental, secondaire et technique, a \u00e9t\u00e9 annonc\u00e9e ce jeudi 27 novembre courant dans la soir\u00e9e par le Pr\u00e9sident de la R\u00e9publique Mohamed Cheikh El Ghazouani. Cette revalorisation du salaire qui entrera en vigueur \u00e0 partir du 1er janvier 2026 [&hellip;]<\/p>\n","protected":false},"author":2,"featured_media":63499,"comment_status":"open","ping_status":"open","sticky":false,"template":"","format":"standard","meta":{"footnotes":""},"categories":[1449],"tags":[],"class_list":["post-63498","post","type-post","status-publish","format-standard","has-post-thumbnail","hentry","category-national"],"_links":{"self":[{"href":"https:\/\/lestracesdelinfo.com\/index.php\/wp-json\/wp\/v2\/posts\/63498","targetHints":{"allow":["GET"]}}],"collection":[{"href":"https:\/\/lestracesdelinfo.com\/index.php\/wp-json\/wp\/v2\/posts"}],"about":[{"href":"https:\/\/lestracesdelinfo.com\/index.php\/wp-json\/wp\/v2\/types\/post"}],"author":[{"embeddable":true,"href":"https:\/\/lestracesdelinfo.com\/index.php\/wp-json\/wp\/v2\/users\/2"}],"replies":[{"embeddable":true,"href":"https:\/\/lestracesdelinfo.com\/index.php\/wp-json\/wp\/v2\/comments?post=63498"}],"version-history":[{"count":1,"href":"https:\/\/lestracesdelinfo.com\/index.php\/wp-json\/wp\/v2\/posts\/63498\/revisions"}],"predecessor-version":[{"id":63500,"href":"https:\/\/lestracesdelinfo.com\/index.php\/wp-json\/wp\/v2\/posts\/63498\/revisions\/63500"}],"wp:featuredmedia":[{"embeddable":true,"href":"https:\/\/lestracesdelinfo.com\/index.php\/wp-json\/wp\/v2\/media\/63499"}],"wp:attachment":[{"href":"https:\/\/lestracesdelinfo.com\/index.php\/wp-json\/wp\/v2\/media?parent=63498"}],"wp:term":[{"taxonomy":"category","embeddable":true,"href":"https:\/\/lestracesdelinfo.com\/index.php\/wp-json\/wp\/v2\/categories?post=63498"},{"taxonomy":"post_tag","embeddable":true,"href":"https:\/\/lestracesdelinfo.com\/index.php\/wp-json\/wp\/v2\/tags?post=63498"}],"curies":[{"name":"wp","href":"https:\/\/api.w.org\/{rel}","templated":true}]}}