{"id":63501,"date":"2025-11-28T23:03:20","date_gmt":"2025-11-28T23:03:20","guid":{"rendered":"https:\/\/lestracesdelinfo.com\/?p=63501"},"modified":"2025-11-28T23:05:37","modified_gmt":"2025-11-28T23:05:37","slug":"a-la-une-9","status":"publish","type":"post","link":"https:\/\/lestracesdelinfo.com\/index.php\/2025\/11\/28\/a-la-une-9\/","title":{"rendered":"A la uCoup d\u2019\u00c9tat militaire \u00e0 Bissau : Embal\u00f3 d\u00e9pos\u00e9 \u00e0 Dakarne"},"content":{"rendered":"\n<p><a href=\"https:\/\/lequotidien.sn\/author\/aicha\/\">Lequotidien<\/a>&nbsp;<\/p>\n\n\n\n<figure class=\"wp-block-image\"><img decoding=\"async\" src=\"https:\/\/lequotidien.sn\/wp-content\/uploads\/2025\/11\/Umaro-Sissoco-Embalo-Diomaye-Faye.jpg\" alt=\"\"\/><\/figure>\n\n\n\n<p><strong>Apr\u00e8s sa perte de pouvoir \u00e0 la suite d\u2019un dr\u00f4le de coup d\u2019Etat, le Pr\u00e9sident Embal\u00f3 a \u00e9t\u00e9 ramen\u00e9 hier \u00e0 Dakar. La Cedeao a tenu un Sommet extraordinaire pour demander le r\u00e9tablissement de l\u2019ordre constitutionnel \u00e0 Bissau.Par Justin GOMIS \u2013\u00a0<\/strong>Le coup d\u2019Etat est consomm\u00e9 \u00e0 Bissau apr\u00e8s la prestation de serment du putschiste, qui a promis un an de Transition. Surtout que le Pr\u00e9sident renvers\u00e9 a pass\u00e9 la nuit d\u2019hier \u00e0 Dakar, apr\u00e8s avoir \u00e9t\u00e9 sorti de son pays gr\u00e2ce aux efforts diplomatiques du S\u00e9n\u00e9gal. \u00abDepuis le d\u00e9but de la crise, les autorit\u00e9s s\u00e9n\u00e9galaises, sous la conduite personnelle du chef de l\u2019Etat, sont en communication directe avec l\u2019ensemble des acteurs bissau-guin\u00e9ens concern\u00e9s. Ces \u00e9changes ont notamment port\u00e9 sur la lib\u00e9ration du Pr\u00e9sident Embal\u00f3 et de certains de ses compagnons, de tous les autres acteurs politiques arr\u00eat\u00e9s, ainsi que la r\u00e9ouverture des fronti\u00e8res pour faciliter l\u2019exfiltration et le rapatriement, y compris des membres des diff\u00e9rentes missions d\u2019observation \u00e9lectorales\u00bb, explique le Minist\u00e8re de l\u2019int\u00e9gration africaine et des affaires \u00e9trang\u00e8res (Miaae). Et M. Embal\u00f3 est arriv\u00e9 dans la capitale s\u00e9n\u00e9galaise avec ses proches collaborateurs, sain et sauf. \u00abUn a\u00e9ronef a \u00e9t\u00e9 affr\u00e9t\u00e9 par le gouvernement pour se rendre \u00e0 Bissau, afin de contribuer \u00e0 cette op\u00e9ration de rapatriement. Cela a permis l\u2019arriv\u00e9e au S\u00e9n\u00e9gal, sain et sauf, du Pr\u00e9sident Umaro Sissoco Embal\u00f3\u00bb, annonce le gouvernement s\u00e9n\u00e9galais.<br>Le renversement du pouvoir de M. Embal\u00f3 a provoqu\u00e9 hier l\u2019organisation en urgence d\u2019un Sommet extraordinaire de la Cedeao en mode virtuel. \u00abCette session a adopt\u00e9, entre autres mesures, la condamnation ferme de la tentative de prise du pouvoir par la force, l\u2019appel au r\u00e9tablissement de l\u2019ordre constitutionnel, ainsi que la lib\u00e9ration sans d\u00e9lai du Pr\u00e9sident Umaro Sissoco Embal\u00f3 et de l\u2019ensemble des personnes d\u00e9tenues\u00bb, note le Miaae. Apr\u00e8s le putsch, les dirigeants de la sous-r\u00e9gion ont \u00ab\u00e9galement d\u00e9cid\u00e9 la mise en place d\u2019un comit\u00e9 de m\u00e9diation restreint\u00bb. Et le S\u00e9n\u00e9gal en fait partie. Ses dirigeants se rendront\u00a0\u00abprochainement \u00e0 Bissau afin d\u2019assurer le suivi de la mise en \u0153uvre de ces mesures\u00bb. Lors de de sa prise de parole durant ce sommet, le Pr\u00e9sident Faye \u00aba insist\u00e9 sur le caract\u00e8re absolument essentiel du respect de l\u2019ordre constitutionnel, de la protection des populations, ainsi que de la conduite de tout processus \u00e9lectoral dans un climat apais\u00e9, s\u00e9curis\u00e9 et conforme aux m\u00e9canismes r\u00e9gionaux \u00e9tablis\u00bb.<br>Face \u00e0 cette situation, le gouvernement \u00abr\u00e9affirme sa disponibilit\u00e9 \u00e0 \u0153uvrer, aux c\u00f4t\u00e9s de la Cedeao, de l\u2019Union africaine et de tous les partenaires concern\u00e9s, en vue de soutenir le dialogue, la stabilit\u00e9 et la restauration rapide de l\u2019ordre constitutionnel et de la l\u00e9gitimit\u00e9 d\u00e9mocratique dans ce pays fr\u00e8re\u00bb.<br><strong>justin@lequotidien.sn<\/strong><\/p>\n","protected":false},"excerpt":{"rendered":"<p>Lequotidien&nbsp; Apr\u00e8s sa perte de pouvoir \u00e0 la suite d\u2019un dr\u00f4le de coup d\u2019Etat, le Pr\u00e9sident Embal\u00f3 a \u00e9t\u00e9 ramen\u00e9 hier \u00e0 Dakar. La Cedeao a tenu un Sommet extraordinaire pour demander le r\u00e9tablissement de l\u2019ordre constitutionnel \u00e0 Bissau.Par Justin GOMIS \u2013\u00a0Le coup d\u2019Etat est consomm\u00e9 \u00e0 Bissau apr\u00e8s la prestation de serment du putschiste, [&hellip;]<\/p>\n","protected":false},"author":2,"featured_media":63502,"comment_status":"open","ping_status":"open","sticky":false,"template":"","format":"standard","meta":{"footnotes":""},"categories":[1447],"tags":[],"class_list":["post-63501","post","type-post","status-publish","format-standard","has-post-thumbnail","hentry","category-afrique"],"_links":{"self":[{"href":"https:\/\/lestracesdelinfo.com\/index.php\/wp-json\/wp\/v2\/posts\/63501","targetHints":{"allow":["GET"]}}],"collection":[{"href":"https:\/\/lestracesdelinfo.com\/index.php\/wp-json\/wp\/v2\/posts"}],"about":[{"href":"https:\/\/lestracesdelinfo.com\/index.php\/wp-json\/wp\/v2\/types\/post"}],"author":[{"embeddable":true,"href":"https:\/\/lestracesdelinfo.com\/index.php\/wp-json\/wp\/v2\/users\/2"}],"replies":[{"embeddable":true,"href":"https:\/\/lestracesdelinfo.com\/index.php\/wp-json\/wp\/v2\/comments?post=63501"}],"version-history":[{"count":2,"href":"https:\/\/lestracesdelinfo.com\/index.php\/wp-json\/wp\/v2\/posts\/63501\/revisions"}],"predecessor-version":[{"id":63504,"href":"https:\/\/lestracesdelinfo.com\/index.php\/wp-json\/wp\/v2\/posts\/63501\/revisions\/63504"}],"wp:featuredmedia":[{"embeddable":true,"href":"https:\/\/lestracesdelinfo.com\/index.php\/wp-json\/wp\/v2\/media\/63502"}],"wp:attachment":[{"href":"https:\/\/lestracesdelinfo.com\/index.php\/wp-json\/wp\/v2\/media?parent=63501"}],"wp:term":[{"taxonomy":"category","embeddable":true,"href":"https:\/\/lestracesdelinfo.com\/index.php\/wp-json\/wp\/v2\/categories?post=63501"},{"taxonomy":"post_tag","embeddable":true,"href":"https:\/\/lestracesdelinfo.com\/index.php\/wp-json\/wp\/v2\/tags?post=63501"}],"curies":[{"name":"wp","href":"https:\/\/api.w.org\/{rel}","templated":true}]}}