{"id":63505,"date":"2025-11-28T23:27:07","date_gmt":"2025-11-28T23:27:07","guid":{"rendered":"https:\/\/lestracesdelinfo.com\/?p=63505"},"modified":"2025-12-03T18:30:02","modified_gmt":"2025-12-03T18:30:02","slug":"hommage-solennel-a-monsieur-diallo-amadou-goral-et-reconnaissance-nationale","status":"publish","type":"post","link":"https:\/\/lestracesdelinfo.com\/index.php\/2025\/11\/28\/hommage-solennel-a-monsieur-diallo-amadou-goral-et-reconnaissance-nationale\/","title":{"rendered":"Hommage solennel \u00e0 Monsieur Diallo Amadou Goral et reconnaissance Nationale\u00a0:"},"content":{"rendered":"\n<figure class=\"wp-block-image size-full\"><img loading=\"lazy\" decoding=\"async\" width=\"640\" height=\"310\" src=\"https:\/\/lestracesdelinfo.com\/wp-content\/uploads\/2025\/11\/af6a8018-8108-4e45-a1ea-346b9ec3626f-1-2.jpeg\" alt=\"\" class=\"wp-image-63509\" srcset=\"https:\/\/lestracesdelinfo.com\/wp-content\/uploads\/2025\/11\/af6a8018-8108-4e45-a1ea-346b9ec3626f-1-2.jpeg 640w, https:\/\/lestracesdelinfo.com\/wp-content\/uploads\/2025\/11\/af6a8018-8108-4e45-a1ea-346b9ec3626f-1-2-300x145.jpeg 300w\" sizes=\"auto, (max-width: 640px) 100vw, 640px\" \/><\/figure>\n\n\n\n<p><\/p>\n\n\n\n<p>\u00c0 l\u2019occasion de la c\u00e9l\u00e9bration de la f\u00eate nationale de l\u2019Ind\u00e9pendance, Son Excellence le Pr\u00e9sident de la R\u00e9publique a distingu\u00e9 plusieurs personnalit\u00e9s ayant contribu\u00e9 de mani\u00e8re exemplaire au rayonnement de la Nation. Parmi elles, <strong>M. Diallo Amadou Goral<\/strong>, Pr\u00e9sident de la Coordination Nationale des Amis du Pr\u00e9sident<strong> Mohamed Cheikh Ghazouani, <\/strong>a re\u00e7u une d\u00e9coration m\u00e9rit\u00e9e qui vient couronner un engagement constant, loyal et profond\u00e9ment patriotique.<\/p>\n\n\n\n<p>Depuis plusieurs ann\u00e9es, M. Diallo sillonne l\u2019ensemble du territoire national, affrontant distances, intemp\u00e9ries et contraintes logistiques, afin d\u2019expliquer, accompagner et d\u00e9fendre la vision, le programme et les orientations du Chef de l\u2019\u00c9tat. Aux c\u00f4t\u00e9s des populations de toutes les r\u00e9gions, il a su cr\u00e9er un pont solide entre les aspirations citoyennes et les efforts de r\u00e9forme engag\u00e9s par le Pr\u00e9sident de la R\u00e9publique, notamment dans les domaines de la coh\u00e9sion sociale, du d\u00e9veloppement \u00e9conomique, de la s\u00e9curit\u00e9 et de la justice sociale.<\/p>\n\n\n\n<p>Cette distinction pr\u00e9sidentielle traduit non seulement la reconnaissance individuelle d\u2019un engagement hors du commun, mais aussi la valorisation de tout un r\u00e9seau de citoyens mobilis\u00e9s pour le progr\u00e8s du pays, sous la conduite \u00e9clair\u00e9e du Pr\u00e9sident de la R\u00e9publique. Elle rappelle que la construction nationale repose avant tout sur des efforts unis, loyaux et profond\u00e9ment enracin\u00e9s dans l\u2019int\u00e9r\u00eat g\u00e9n\u00e9ral.<\/p>\n\n\n\n<p><strong>Un hommage sp\u00e9cial aux Forces Arm\u00e9es<\/strong><\/p>\n\n\n\n<p>Cette c\u00e9l\u00e9bration ne saurait \u00eatre compl\u00e8te sans saluer la bravoure, la discipline et l\u2019abn\u00e9gation de nos Forces Arm\u00e9es qui veillent jour et nuit sur l\u2019int\u00e9grit\u00e9 du territoire et la s\u00e9curit\u00e9 des citoyens. En ce moment symbolique de l\u2019ann\u00e9e, la Nation leur adresse ses f\u00e9licitations les plus respectueuses.<\/p>\n\n\n\n<p>Une mention toute particuli\u00e8re revient au <strong>Chef d\u2019\u00c9tat-major des Arm\u00e9es<\/strong>, <strong>le G\u00e9n\u00e9ral<\/strong> <strong>Mohamed Vall Raiss<\/strong>, dont la rigueur strat\u00e9gique et l\u2019exigence op\u00e9rationnelle continuent de renforcer la posture s\u00e9curitaire du pays. Son action, men\u00e9e avec d\u00e9termination et sens de l\u2019\u00c9tat, constitue un pilier essentiel de la stabilit\u00e9 nationale.<\/p>\n\n\n\n<p>Nos remerciements s\u2019\u00e9tendent \u00e9galement au <strong>Chef d\u2019\u00c9tat-major adjoint<\/strong> <strong>des Arm\u00e9es, le G\u00e9n\u00e9ral Mohamed Cheikh Boid\u00e9<\/strong>, dont la comp\u00e9tence reconnue, la fid\u00e9lit\u00e9 institutionnelle et le professionnalisme exemplaire contribuent de mani\u00e8re d\u00e9cisive \u00e0 la modernisation et \u00e0 la performance de nos forces.<\/p>\n\n\n\n<p><strong>Une dynamique nationale renforc\u00e9e<\/strong><\/p>\n\n\n\n<p>La distinction de M. Diallo Amadou Goral s\u2019inscrit ainsi dans un mouvement national o\u00f9 les acteurs engag\u00e9s, les citoyens responsables et les institutions solides \u0153uvrent, chacun \u00e0 leur place, pour accompagner la dynamique impuls\u00e9e par le Pr\u00e9sident de la R\u00e9publique. Elle rappelle que la r\u00e9ussite collective repose sur la loyaut\u00e9, l\u2019effort, la proximit\u00e9 avec les populations et le sens \u00e9lev\u00e9 du devoir.<\/p>\n\n\n\n<p>En honorant ces figures engag\u00e9es, la Mauritanie affirme avec force son attachement \u00e0 la reconnaissance du m\u00e9rite, \u00e0 la protection de son unit\u00e9 nationale et \u00e0 la promotion d\u2019un avenir stable, juste et prosp\u00e8re.<\/p>\n\n\n\n<p><strong>Abdellahi Sarr\u00a0: Pr\u00e9sident du Comit\u00e9 des sages du Brakna<\/strong><\/p>\n\n\n\n<p><strong>Coordination Nationale des Amis<\/strong><\/p>\n\n\n\n<p>Du Pr\u00e9sident de la R\u00e9publique&nbsp;:<\/p>\n\n\n\n<p>Mohamed Cheikh Ghazwani<\/p>\n\n\n\n<p><\/p>\n","protected":false},"excerpt":{"rendered":"<p>\u00c0 l\u2019occasion de la c\u00e9l\u00e9bration de la f\u00eate nationale de l\u2019Ind\u00e9pendance, Son Excellence le Pr\u00e9sident de la R\u00e9publique a distingu\u00e9 plusieurs personnalit\u00e9s ayant contribu\u00e9 de mani\u00e8re exemplaire au rayonnement de la Nation. Parmi elles, M. Diallo Amadou Goral, Pr\u00e9sident de la Coordination Nationale des Amis du Pr\u00e9sident Mohamed Cheikh Ghazouani, a re\u00e7u une d\u00e9coration m\u00e9rit\u00e9e [&hellip;]<\/p>\n","protected":false},"author":2,"featured_media":63507,"comment_status":"open","ping_status":"open","sticky":false,"template":"","format":"standard","meta":{"footnotes":""},"categories":[1449],"tags":[],"class_list":["post-63505","post","type-post","status-publish","format-standard","has-post-thumbnail","hentry","category-national"],"_links":{"self":[{"href":"https:\/\/lestracesdelinfo.com\/index.php\/wp-json\/wp\/v2\/posts\/63505","targetHints":{"allow":["GET"]}}],"collection":[{"href":"https:\/\/lestracesdelinfo.com\/index.php\/wp-json\/wp\/v2\/posts"}],"about":[{"href":"https:\/\/lestracesdelinfo.com\/index.php\/wp-json\/wp\/v2\/types\/post"}],"author":[{"embeddable":true,"href":"https:\/\/lestracesdelinfo.com\/index.php\/wp-json\/wp\/v2\/users\/2"}],"replies":[{"embeddable":true,"href":"https:\/\/lestracesdelinfo.com\/index.php\/wp-json\/wp\/v2\/comments?post=63505"}],"version-history":[{"count":1,"href":"https:\/\/lestracesdelinfo.com\/index.php\/wp-json\/wp\/v2\/posts\/63505\/revisions"}],"predecessor-version":[{"id":63510,"href":"https:\/\/lestracesdelinfo.com\/index.php\/wp-json\/wp\/v2\/posts\/63505\/revisions\/63510"}],"wp:featuredmedia":[{"embeddable":true,"href":"https:\/\/lestracesdelinfo.com\/index.php\/wp-json\/wp\/v2\/media\/63507"}],"wp:attachment":[{"href":"https:\/\/lestracesdelinfo.com\/index.php\/wp-json\/wp\/v2\/media?parent=63505"}],"wp:term":[{"taxonomy":"category","embeddable":true,"href":"https:\/\/lestracesdelinfo.com\/index.php\/wp-json\/wp\/v2\/categories?post=63505"},{"taxonomy":"post_tag","embeddable":true,"href":"https:\/\/lestracesdelinfo.com\/index.php\/wp-json\/wp\/v2\/tags?post=63505"}],"curies":[{"name":"wp","href":"https:\/\/api.w.org\/{rel}","templated":true}]}}