{"id":63511,"date":"2025-11-29T07:46:48","date_gmt":"2025-11-29T07:46:48","guid":{"rendered":"https:\/\/lestracesdelinfo.com\/?p=63511"},"modified":"2025-11-29T07:46:52","modified_gmt":"2025-11-29T07:46:52","slug":"la-mauritanie-reaffirme-son-engagement-en-faveur-de-la-diversite-et-de-la-protection-des-droits-des-minorites-lors-de-sa-participation-au-forum-des-minorites-a-geneve","status":"publish","type":"post","link":"https:\/\/lestracesdelinfo.com\/index.php\/2025\/11\/29\/la-mauritanie-reaffirme-son-engagement-en-faveur-de-la-diversite-et-de-la-protection-des-droits-des-minorites-lors-de-sa-participation-au-forum-des-minorites-a-geneve\/","title":{"rendered":"La Mauritanie r\u00e9affirme son engagement en faveur de la diversit\u00e9 et de la protection des droits des minorit\u00e9s lors de sa participation au Forum des minorit\u00e9s \u00e0 Gen\u00e8ve."},"content":{"rendered":"\n<h2 class=\"wp-block-heading\">Gen\u00e8ve<\/h2>\n\n\n\n<figure class=\"wp-block-image\"><a class=\"post-thumbnail open-lightbox\" href=\"https:\/\/ami.mr\/fr\/wp-content\/uploads\/2025\/11\/28-11-2025-S0010.jpg\"><img decoding=\"async\" src=\"https:\/\/ami.mr\/fr\/wp-content\/uploads\/2025\/11\/28-11-2025-S0010-750x430.jpg\" alt=\"\"\/><\/a><\/figure>\n\n\n\n<p><strong>AMI<\/strong>   La Mauritanie a particip\u00e9, ce vendredi, aux travaux du Forum des minorit\u00e9s qui se tient \u00e0 Gen\u00e8ve sous le th\u00e8me : \u201cLa contribution des minorit\u00e9s \u00e0 la construction de soci\u00e9t\u00e9s diverses, dynamiques et pacifiques\u201d.<\/p>\n\n\n\n<p>Mme Khadija Hammadi El Arbi, conseill\u00e8re \u00e0 notre ambassade en Suisse, a soulign\u00e9, dans un discours au nom de la d\u00e9l\u00e9gation de notre pays participant \u00e0 ce forum, l\u2019attachement de la Mauritanie aux valeurs de diversit\u00e9, d\u2019inclusion et de coh\u00e9sion nationale, indiquant que notre pays, avec ses cultures et ses langues multiples, croit que la participation \u00e9quitable de toutes ses composantes constitue un pilier essentiel de la paix et du d\u00e9veloppement.<\/p>\n\n\n\n<p>Elle a ajout\u00e9 que l\u2019\u00c9tat a entrepris de vastes r\u00e9formes pour renforcer la protection des droits de l\u2019homme, l\u2019\u00e9galit\u00e9 et la coh\u00e9sion sociale, citant l\u2019adoption de la Strat\u00e9gie nationale de promotion et de protection des droits de l\u2019homme (2024-2028), et les progr\u00e8s r\u00e9alis\u00e9s dans l\u2019\u00e9largissement de l\u2019acc\u00e8s aux services et le renforcement de l\u2019\u00e9ducation inclusive et de la justice, en plus d\u2019une coop\u00e9ration \u00e9troite avec les m\u00e9canismes des Nations Unies.<\/p>\n\n\n\n<p>Elle a d\u00e9clar\u00e9 que les all\u00e9gations de violations graves persistantes ou d\u2019une discrimination syst\u00e9matique ne refl\u00e8tent pas la r\u00e9alit\u00e9, affirmant que les lois nationales criminalisent l\u2019esclavage et prot\u00e8gent l\u2019\u00e9galit\u00e9, et que les dossiers humanitaires sont trait\u00e9s dans le cadre de processus nationaux d\u2019\u00e9quit\u00e9 et de r\u00e9conciliation, tout en garantissant la libert\u00e9 d\u2019expression et de r\u00e9union dans le cadre de la loi.<\/p>\n\n\n\n<p><a href=\"https:\/\/www.facebook.com\/sharer\/sharer.php?u=https%3A%2F%2Fami.mr%2Ffr%2Farchives%2F284244\" rel=\"noreferrer noopener\" target=\"_blank\"><\/a><a href=\"https:\/\/twitter.com\/intent\/tweet?text=La%20Mauritanie%20r%C3%A9affirme%20son%20engagement%20en%20faveur%20de%20la%20diversit%C3%A9%20et%20de%20la%20protection%20des%20droits%20des%20minorit%C3%A9s%20lors%20de%20sa%20participation%20au%20Forum%20des%20minorit%C3%A9s%20%C3%A0%20Gen%C3%A8ve.&amp;url=https%3A%2F%2Fami.mr%2Ffr%2Farchives%2F284244\" rel=\"noreferrer noopener\" target=\"_blank\"><\/a><a href=\"https:\/\/api.whatsapp.com\/send?text=La%20Mauritanie%20r%C3%A9affirme%20son%20engagement%20en%20faveur%20de%20la%20diversit%C3%A9%20et%20de%20la%20protection%20des%20droits%20des%20minorit%C3%A9s%20lors%20de%20sa%20participation%20au%20Forum%20des%20minorit%C3%A9s%20%C3%A0%20Gen%C3%A8ve.%20https%3A%2F%2Fami.mr%2Ffr%2Farchives%2F284244\" rel=\"noreferrer noopener\" target=\"_blank\"><\/a><a href=\"https:\/\/www.instagram.com\/\" rel=\"noreferrer noopener\" target=\"_blank\"><\/a><a href=\"https:\/\/ami.mr\/fr\/archives\/284244\"><\/a><\/p>\n","protected":false},"excerpt":{"rendered":"<p>Gen\u00e8ve AMI La Mauritanie a particip\u00e9, ce vendredi, aux travaux du Forum des minorit\u00e9s qui se tient \u00e0 Gen\u00e8ve sous le th\u00e8me : \u201cLa contribution des minorit\u00e9s \u00e0 la construction de soci\u00e9t\u00e9s diverses, dynamiques et pacifiques\u201d. Mme Khadija Hammadi El Arbi, conseill\u00e8re \u00e0 notre ambassade en Suisse, a soulign\u00e9, dans un discours au nom de [&hellip;]<\/p>\n","protected":false},"author":2,"featured_media":63512,"comment_status":"open","ping_status":"open","sticky":false,"template":"","format":"standard","meta":{"footnotes":""},"categories":[1449],"tags":[],"class_list":["post-63511","post","type-post","status-publish","format-standard","has-post-thumbnail","hentry","category-national"],"_links":{"self":[{"href":"https:\/\/lestracesdelinfo.com\/index.php\/wp-json\/wp\/v2\/posts\/63511","targetHints":{"allow":["GET"]}}],"collection":[{"href":"https:\/\/lestracesdelinfo.com\/index.php\/wp-json\/wp\/v2\/posts"}],"about":[{"href":"https:\/\/lestracesdelinfo.com\/index.php\/wp-json\/wp\/v2\/types\/post"}],"author":[{"embeddable":true,"href":"https:\/\/lestracesdelinfo.com\/index.php\/wp-json\/wp\/v2\/users\/2"}],"replies":[{"embeddable":true,"href":"https:\/\/lestracesdelinfo.com\/index.php\/wp-json\/wp\/v2\/comments?post=63511"}],"version-history":[{"count":1,"href":"https:\/\/lestracesdelinfo.com\/index.php\/wp-json\/wp\/v2\/posts\/63511\/revisions"}],"predecessor-version":[{"id":63513,"href":"https:\/\/lestracesdelinfo.com\/index.php\/wp-json\/wp\/v2\/posts\/63511\/revisions\/63513"}],"wp:featuredmedia":[{"embeddable":true,"href":"https:\/\/lestracesdelinfo.com\/index.php\/wp-json\/wp\/v2\/media\/63512"}],"wp:attachment":[{"href":"https:\/\/lestracesdelinfo.com\/index.php\/wp-json\/wp\/v2\/media?parent=63511"}],"wp:term":[{"taxonomy":"category","embeddable":true,"href":"https:\/\/lestracesdelinfo.com\/index.php\/wp-json\/wp\/v2\/categories?post=63511"},{"taxonomy":"post_tag","embeddable":true,"href":"https:\/\/lestracesdelinfo.com\/index.php\/wp-json\/wp\/v2\/tags?post=63511"}],"curies":[{"name":"wp","href":"https:\/\/api.w.org\/{rel}","templated":true}]}}