{"id":63517,"date":"2025-11-29T08:01:04","date_gmt":"2025-11-29T08:01:04","guid":{"rendered":"https:\/\/lestracesdelinfo.com\/?p=63517"},"modified":"2025-11-29T08:01:07","modified_gmt":"2025-11-29T08:01:07","slug":"le-president-de-la-republique-decore-des-personnalites-civiles-et-militaires-a-loccasion-du-65e-anniversaire-de-lindependance-nationale","status":"publish","type":"post","link":"https:\/\/lestracesdelinfo.com\/index.php\/2025\/11\/29\/le-president-de-la-republique-decore-des-personnalites-civiles-et-militaires-a-loccasion-du-65e-anniversaire-de-lindependance-nationale\/","title":{"rendered":"Le Pr\u00e9sident de la R\u00e9publique d\u00e9core des personnalit\u00e9s civiles et militaires \u00e0 l\u2019occasion du 65e anniversaire de l\u2019ind\u00e9pendance nationale"},"content":{"rendered":"\n<h2 class=\"wp-block-heading\">ami<\/h2>\n\n\n\n<figure class=\"wp-block-image\"><a class=\"post-thumbnail open-lightbox\" href=\"https:\/\/ami.mr\/fr\/wp-content\/uploads\/2025\/11\/28-11-2025-006.jpg\"><img decoding=\"async\" src=\"https:\/\/ami.mr\/fr\/wp-content\/uploads\/2025\/11\/28-11-2025-006-750x430.jpg\" alt=\"\"\/><\/a><\/figure>\n\n\n\n<p>Le Pr\u00e9sident de la R\u00e9publique, <strong>Monsieur Mohamed Ould Cheikh El Ghazouani, <\/strong>a d\u00e9cor\u00e9, vendredi matin, les personnalit\u00e9s suivantes, dans le cadre des activit\u00e9s comm\u00e9moratives du <strong>65\u00e8me anniversaire de l\u2019Ind\u00e9pendance nationale :<\/strong><\/p>\n\n\n\n<p>De la m\u00e9daille d\u2019Officier de l\u2019Ordre de M\u00e9rite national :<\/p>\n\n\n\n<p><strong>\u2013 Ahmed Mohameden Bah,<\/strong> conseiller \u00e0 la Pr\u00e9sidence de la R\u00e9publique,<\/p>\n\n\n\n<p><strong>\u2013 G\u00e9n\u00e9ral de Brigade, Med Lemine Med EL Moctar Zamel<\/strong>, conseiller charg\u00e9 de la s\u00e9curit\u00e9 au Cabinet du Premier ministre,<\/p>\n\n\n\n<p><strong>\u2013 Colonel Abderahmane Sid\u2019 Ahmed Choueikh,<\/strong> commandant du GR9 de la Garde nationale ;<\/p>\n\n\n\n<p>\u2013<strong> Colonel Khaled saleck Ely,<\/strong> Directeur g\u00e9n\u00e9ral des Douanes ;<\/p>\n\n\n\n<p><strong>\u2013 Lt-Colonel Ismael Med Salem El Atigh,<\/strong> Commandant de la Compagnie de Gendarmerie \u00e0 N\u00e9ma ;<\/p>\n\n\n\n<p><strong>\u2013 Mme Mariem sidina Dhib<\/strong>, charg\u00e9e de mission au minist\u00e8re de l\u2019Education<\/p>\n\n\n\n<p>\u2013<strong> Mohamada Abdellahi Ravea,<\/strong> Administrateur \u00e0 la Retr\u00eate ;<\/p>\n\n\n\n<p><strong>\u2013 Hamdoune Med MAhfoudh Cheikh Abdellahi, Ex directeur general de la Douane <\/strong>;<\/p>\n\n\n\n<p>De la m\u00e9daille de Chevalier de l\u2019Ordre de M\u00e9rite national :<\/p>\n\n\n\n<p><strong>\u2013 Dr Med Cheikh Sid\u2019Ahmed Soueinea, charg\u00e9 de Mission au Minist\u00e8re de la Culture ;<\/strong><\/p>\n\n\n\n<p>\u2013<strong> Mme Khadijetou Mbareck Vall, Ambassadrice de Mauritanie \u00e0 Rome ;<\/strong><\/p>\n\n\n\n<p>\u2013 <strong>Med Lemine Sidi Med Haless,<\/strong> charg\u00e9 de mission au Minist\u00e8re de l\u2019Enseignement sup\u00e9rieur ;<\/p>\n\n\n\n<p><strong>\u2013 Med Navea Jeilani,<\/strong> Conseiiler au Minist\u00e8re du P\u00e9trole ;<\/p>\n\n\n\n<p><strong>\u2013 Amadou Doulou Hamady Diallo<\/strong>, Attach\u00e9 d\u2019Administration SG ;<\/p>\n\n\n\n<p><strong>\u2013 Mme Ebneta Bamba El Khaless,<\/strong> SG du Conseil constitutionnel ;<\/p>\n\n\n\n<p><strong>\u2013 M. Samba Goumba Thiam<\/strong>, Ambassadeur itin\u00e9rant en charge des Affaires \u00e9conomiques ;<\/p>\n\n\n\n<p><strong>\u2013 Colonel Mohamed Salem Mohamed Lemine Hamza,<\/strong> Commandant adjoint de la Garde-C\u00f4tes;<\/p>\n\n\n\n<p><strong>\u2013 Colonel Ely bane Sneiba<\/strong>, Cdt adjoint de la 2e R\u00e9gion militaire ;<\/p>\n\n\n\n<p>\u2013 Commissaire principal<strong> Dah Mohamed El Moustapha Belale,<\/strong> Dir. RH et de la Formation (Minist\u00e8re de l\u2019Int\u00e9rieur ;<\/p>\n\n\n\n<p>\u2013 <strong>Colonel Sidi Ahmedou Soueidat<\/strong>t, Chef de Bureau NDB ville ;<\/p>\n\n\n\n<p><strong>\u2013 Dr Leila Med Bouammatou<\/strong>, Directrice g\u00e9n\u00e9rale de la GBM ;<\/p>\n\n\n\n<p><strong>\u2013 M. Cheikh Med Lemine Eye,<\/strong> Coordinateur national du projet Emploi ;<\/p>\n\n\n\n<p><strong>\u2013 Med EL Ghali Med El Kebir Mayouf<\/strong>, DG de la SBNI( Transformation num\u00e9rique) ;<\/p>\n\n\n\n<p>\u2013 <strong>Mme Lalla Rachid Saleh, DG CAAM<\/strong> (Minist\u00e8re du Commerce) ;<\/p>\n\n\n\n<p><strong>\u2013 Med Abderrahmane Beyah,<\/strong> Repr\u00e9sentant e la NIM \u00e0 Nouakchott ;<\/p>\n\n\n\n<p><strong>\u2013 Professeur Abdellatif Sidi Ali, <\/strong>Pr\u00e9sident du Conseil National du don et de la Transplantation (Minist\u00e8re de la Sant\u00e9) ;<\/p>\n\n\n\n<p>\u2013 <strong>Dr Abdellahi mennih<\/strong>, ophtalmologue ;<\/p>\n\n\n\n<p>\u2013<strong> Mme Safiya Oumel Mouminine Ismael Amar,<\/strong> Directrice de l\u2019ISPLTI (Enseignement sup\u00e9rieur) ;<\/p>\n\n\n\n<p><strong>\u2013 Mohamed ahmoud El Moustapha Sidi Ould Ely<\/strong>; Directeur de l\u2019organisation de l\u2019activit\u00e9 du gouvernement (MCSG Gouv) ;<\/p>\n\n\n\n<p><strong>\u2013 Mme Bamba Mint Mohamed Vall<\/strong>, Responsible des Fmmes<\/p>\n\n\n\n<p>De la M\u00e9daille de la Reconnaissance nationale :<\/p>\n\n\n\n<p><strong>\u2013 Lt-Colonel Ely Cheikh Cheih Ould Mohamed Saleh<\/strong>, BCS (Minist\u00e8re de la D\u00e9fense nationale);<\/p>\n\n\n\n<p><strong>\u2013 Lt-Colonel Souleimane EL Hadj Abdy<\/strong>, Chef de Corps Forces Sp\u00e9ciales (D\u00e9fense \u2013Arm\u00e9e)<\/p>\n\n\n\n<p><strong>\u2013 Commandant Daouda Idrissa Ba, <\/strong>Directeur Administratif, \u00e0 la DG\/SCGC (Int\u00e9rieur \/Pompiers)<\/p>\n\n\n\n<p><strong>\u2013 M. Sidi Mohamed Hammady,<\/strong> Homme d\u2019Affaires (Commerce);<\/p>\n\n\n\n<p><strong>\u2013 Dr Sidaty Baba Amar Jewda<\/strong>, Directeur du Centre hosptalier de N\u00e9ma ;<\/p>\n\n\n\n<p><strong>\u2013 Abdellahi Ahmed Belial,<\/strong> Charg\u00e9 de Mission \u00e0 l\u2019ANRPAM (Mines et Industries)<\/p>\n\n\n\n<p><strong>\u2013 Mme Hassina Hacen Kon\u00e9<\/strong>, cheffe de projet Sant\u00e9 nutrition (TAAZOUR) ;<\/p>\n\n\n\n<p><strong>\u2013 EX-A\/C Hamed Amadou Fall<\/strong>, Chef Service G\u00e9nie civil;<\/p>\n\n\n\n<p>De la M\u00e9daille d\u2019Honneur de premi\u00e8re classe:<\/p>\n\n\n\n<p><strong>\u2013 Mme Mariem Moussa Sidi Cheikh,<\/strong> professeure Enseignement technique (Formation) ;<\/p>\n\n\n\n<p><strong>\u2013 A\/C Mohamed El Mokhtar Mohamed Lemine Zamel, <\/strong>Chef Groupe S\u00e9curit\u00e9 Rapproch\u00e9e du Pr\u00e9sident de la R\u00e9publique (Int\u00e9rieur\/Garde) ;<\/p>\n\n\n\n<p><strong>\u2013 A\/C Amadou Samba Diallo,<\/strong> Chef Section 7e RM (D\u00e9fense-Arm\u00e9e) ;<\/p>\n\n\n\n<p><strong>\u2013 Mme Leila Messaoud Boulkh\u00e8r<\/strong>, Cheffe Service (Transformation Num\u00e9rique) ;<\/p>\n\n\n\n<p>\u2013 A\/C <strong>Boubou Ibrahima Diop, Ch<\/strong>ef Service Secr\u00e9tariat SG (D\u00e9fense\/ADM ;<\/p>\n\n\n\n<p>\u2013<strong> Mme Jemila Samba Sao,<\/strong> Cheffe division Privil\u00e8ge Diplomatique \u00e0 la DG des Douanes (Finances) ;<\/p>\n\n\n\n<p>De la M\u00e9daille d\u2019Honneur 2e Classe :<\/p>\n\n\n\n<p><strong>\u2013 SGT-Chef Barka Tayeb Med El Abd<\/strong>, Chef de Patrouille GSI 5 ;<\/p>\n\n\n\n<p>De la M\u00e9daille d\u2019Honneur 3e Classe :<\/p>\n\n\n\n<p>\u2013 <strong>MDL Med Bowba Elye<\/strong>, 3e GEGM (D\u00e9fense- Gendarmerie);<\/p>\n\n\n\n<p><strong>\u2013 CAL Fah Boubekrine Tedih<\/strong>, Chef de Groupe (D\u00e9fense\/Arm\u00e9e)<\/p>\n\n\n\n<p>\u2013<strong> Garde 2e \u00e9chelon Samba Tiguel\u00e9l\u00e9 Ba,<\/strong> GCS (Int\u00e9rieur\/Garde)<\/p>\n\n\n\n<p>\u2013<strong> Agent Nagi Sid Ahmed Boba<\/strong>, \u00e9l\u00e9ment de service (Int\u00e9rieur\/police).<\/p>\n\n\n\n<p><a href=\"https:\/\/www.facebook.com\/sharer\/sharer.php?u=https%3A%2F%2Fami.mr%2Ffr%2Farchives%2F284182\" rel=\"noreferrer noopener\" target=\"_blank\"><\/a><a href=\"https:\/\/twitter.com\/intent\/tweet?text=Le%20Pr%C3%A9sident%20de%20la%20R%C3%A9publique%20d%C3%A9core%20des%20personnalit%C3%A9s%20civiles%20et%20militaires%20%C3%A0%20l%27occasion%20du%2065e%20anniversaire%20de%20l%27ind%C3%A9pendance%20nationale&amp;url=https%3A%2F%2Fami.mr%2Ffr%2Farchives%2F284182\" rel=\"noreferrer noopener\" target=\"_blank\"><\/a><a href=\"https:\/\/api.whatsapp.com\/send?text=Le%20Pr%C3%A9sident%20de%20la%20R%C3%A9publique%20d%C3%A9core%20des%20personnalit%C3%A9s%20civiles%20et%20militaires%20%C3%A0%20l%27occasion%20du%2065e%20anniversaire%20de%20l%27ind%C3%A9pendance%20nationale%20https%3A%2F%2Fami.mr%2Ffr%2Farchives%2F284182\" rel=\"noreferrer noopener\" target=\"_blank\"><\/a><a href=\"https:\/\/www.instagram.com\/\" rel=\"noreferrer noopener\" target=\"_blank\"><\/a><a href=\"https:\/\/ami.mr\/fr\/archives\/284182\"><\/a><\/p>\n\n\n\n<p>&nbsp;Prev Post<\/p>\n","protected":false},"excerpt":{"rendered":"<p>ami Le Pr\u00e9sident de la R\u00e9publique, Monsieur Mohamed Ould Cheikh El Ghazouani, a d\u00e9cor\u00e9, vendredi matin, les personnalit\u00e9s suivantes, dans le cadre des activit\u00e9s comm\u00e9moratives du 65\u00e8me anniversaire de l\u2019Ind\u00e9pendance nationale : De la m\u00e9daille d\u2019Officier de l\u2019Ordre de M\u00e9rite national : \u2013 Ahmed Mohameden Bah, conseiller \u00e0 la Pr\u00e9sidence de la R\u00e9publique, \u2013 G\u00e9n\u00e9ral [&hellip;]<\/p>\n","protected":false},"author":2,"featured_media":63518,"comment_status":"open","ping_status":"open","sticky":false,"template":"","format":"standard","meta":{"footnotes":""},"categories":[1449],"tags":[],"class_list":["post-63517","post","type-post","status-publish","format-standard","has-post-thumbnail","hentry","category-national"],"_links":{"self":[{"href":"https:\/\/lestracesdelinfo.com\/index.php\/wp-json\/wp\/v2\/posts\/63517","targetHints":{"allow":["GET"]}}],"collection":[{"href":"https:\/\/lestracesdelinfo.com\/index.php\/wp-json\/wp\/v2\/posts"}],"about":[{"href":"https:\/\/lestracesdelinfo.com\/index.php\/wp-json\/wp\/v2\/types\/post"}],"author":[{"embeddable":true,"href":"https:\/\/lestracesdelinfo.com\/index.php\/wp-json\/wp\/v2\/users\/2"}],"replies":[{"embeddable":true,"href":"https:\/\/lestracesdelinfo.com\/index.php\/wp-json\/wp\/v2\/comments?post=63517"}],"version-history":[{"count":1,"href":"https:\/\/lestracesdelinfo.com\/index.php\/wp-json\/wp\/v2\/posts\/63517\/revisions"}],"predecessor-version":[{"id":63519,"href":"https:\/\/lestracesdelinfo.com\/index.php\/wp-json\/wp\/v2\/posts\/63517\/revisions\/63519"}],"wp:featuredmedia":[{"embeddable":true,"href":"https:\/\/lestracesdelinfo.com\/index.php\/wp-json\/wp\/v2\/media\/63518"}],"wp:attachment":[{"href":"https:\/\/lestracesdelinfo.com\/index.php\/wp-json\/wp\/v2\/media?parent=63517"}],"wp:term":[{"taxonomy":"category","embeddable":true,"href":"https:\/\/lestracesdelinfo.com\/index.php\/wp-json\/wp\/v2\/categories?post=63517"},{"taxonomy":"post_tag","embeddable":true,"href":"https:\/\/lestracesdelinfo.com\/index.php\/wp-json\/wp\/v2\/tags?post=63517"}],"curies":[{"name":"wp","href":"https:\/\/api.w.org\/{rel}","templated":true}]}}